{"id":122535,"date":"2019-05-20T11:10:17","date_gmt":"2019-05-20T14:10:17","guid":{"rendered":"http:\/\/www.blogdopilako.com.br\/wp\/?p=122535"},"modified":"2019-05-20T09:55:43","modified_gmt":"2019-05-20T12:55:43","slug":"122535","status":"publish","type":"post","link":"http:\/\/www.blogdopilako.com.br\/wp\/2019\/05\/20\/122535\/","title":{"rendered":"Mestre Z\u00e9 Guedes &#8211; por Sos\u00edgenes Bittencourt."},"content":{"rendered":"\n\t\t\t\t<div class=\"mr_social_sharing_wrapper\">\n\t\t\t\t<!-- Social Sharing Toolkit v2.2 --><span class=\"mr_social_sharing_top\"><span style=\"display: inline-block; width: 55px; height: 62px; overflow: hidden;\"><div class=\"fb-like\" data-href=\"http:\/\/www.blogdopilako.com.br\/wp\/2019\/05\/20\/122535\/\" data-send=\"false\" data-layout=\"box_count\" data-width=\"55\" data-show-faces=\"false\"><\/div><\/span><\/span><span class=\"mr_social_sharing_top\"><fb:share-button type=\"box_count\" href=\"http:\/\/www.blogdopilako.com.br\/wp\/2019\/05\/20\/122535\/\"><\/fb:share-button><\/span><span class=\"mr_social_sharing\"><a rel=\"nofollow\" class=\"linksalpha_button linksalpha_link\" href=\"\/\/www.linksalpha.com\/social\/mobile\" data-url=\"http:\/\/www.blogdopilako.com.br\/wp\/2019\/05\/20\/122535\/\" data-text=\"Mestre Z\u00e9 Guedes \u2013 por Sos\u00edgenes Bittencourt.\" data-desc=\"Hoje, creio que pouqu\u00edssimas pessoas sabem que quem construiu os jazigos da primeira entrada do Cemit\u00e9rio S\u00e3o Sebasti\u00e3o foi meu bisav\u00f4, Jos\u00e9 Guedes da Costa. E n\u00e3o s\u00f3, ele tamb\u00e9m esculpiu os frontisp\u00edcios do Cemit\u00e9rio e do Mercado de Farinha. Jos\u00e9 Guedes era pai de minha av\u00f3 materna,\" data-image=\"http:\/\/www.blogdopilako.com.br\/wp\/wp-content\/uploads\/2019\/05\/mercado-publico-vitoria-santo-antao.jpg\" data-button=\"none\">\n\t\t\t\t\t<img src=\"\/\/www.linksalpha.com\/images\/social_share_button.png\" alt=\"Share\" class=\"linksalpha_image\" \/>\n\t\t\t\t\t<\/a><script type=\"text\/javascript\" src=\"\/\/www.linksalpha.com\/scripts\/loader_iconbox.js?v=2.4\"><\/script><\/span><\/div><p><a href=\"http:\/\/www.blogdopilako.com.br\/wp\/wp-content\/uploads\/2019\/05\/mercado-publico-vitoria-santo-antao.jpg\"><img loading=\"lazy\" class=\"aligncenter size-full wp-image-122536\" src=\"http:\/\/www.blogdopilako.com.br\/wp\/wp-content\/uploads\/2019\/05\/mercado-publico-vitoria-santo-antao.jpg\" alt=\"\" width=\"583\" height=\"312\" srcset=\"http:\/\/www.blogdopilako.com.br\/wp\/wp-content\/uploads\/2019\/05\/mercado-publico-vitoria-santo-antao.jpg 583w, http:\/\/www.blogdopilako.com.br\/wp\/wp-content\/uploads\/2019\/05\/mercado-publico-vitoria-santo-antao-300x161.jpg 300w\" sizes=\"(max-width: 583px) 100vw, 583px\" \/><\/a><\/p>\n<p style=\"text-align: justify;\">Hoje, creio que pouqu\u00edssimas pessoas sabem que quem construiu os jazigos da primeira entrada do Cemit\u00e9rio S\u00e3o Sebasti\u00e3o foi meu bisav\u00f4, Jos\u00e9 Guedes da Costa. E n\u00e3o s\u00f3, ele tamb\u00e9m esculpiu os frontisp\u00edcios do Cemit\u00e9rio e do Mercado de Farinha.<\/p>\n<p style=\"text-align: justify;\">Jos\u00e9 Guedes era pai de minha av\u00f3 materna, Nat\u00e9rcia Guedes Pereira. Ele morava em frente ao cemit\u00e9rio, onde hoje deve ser uma Casa Funer\u00e1ria que oferece espa\u00e7o para velar os mortos. Conta, minha m\u00e3e, que levava bolacha com caf\u00e9 para ele lanchar no canteiro da constru\u00e7\u00e3o.<\/p>\n<p style=\"text-align: justify;\">Jos\u00e9 Guedes n\u00e3o tinha formatura em nada e burilava suas obras com a ponta da colher de pedreiro. No bra\u00e7o, estava o caminho entre a intui\u00e7\u00e3o e a arte. Foi assim que cinzelou o bras\u00e3o do Mercado de Farinha, ainda hoje do mesmo jeitinho, porque ningu\u00e9m saberia refazer a arquitetura tal e qual o Mestre Z\u00e9 Guedes, com a mesma desenvoltura, a mesma t\u00e9cnica.<\/p>\n<p style=\"text-align: justify;\">Foi no tempo do fogo-f\u00e1tuo. Minha m\u00e3e ficava pastorando o cemit\u00e9rio, escondidinha, para ver as l\u00ednguas de fogo que sa\u00edam das covas. Eu ainda me lembro dessa hist\u00f3ria que contavam quando era menino l\u00e1 na Feira das Panelas. A luz era da Pirapama, as ruas ensombradas, e o medo, de caveira, de assombra\u00e7\u00e3o.<\/p>\n<p style=\"text-align: justify;\">Monumental abra\u00e7o!<br \/>\n<strong><br \/>\nSos\u00edgenes Bittencourt<\/strong><\/p>\n\n\t\t\t\t<div class=\"mr_social_sharing_wrapper\">\n\t\t\t\t<!-- Social Sharing Toolkit v2.2 --><span class=\"mr_social_sharing_top\"><span style=\"display: inline-block; width: 55px; height: 62px; overflow: hidden;\"><div class=\"fb-like\" data-href=\"http:\/\/www.blogdopilako.com.br\/wp\/2019\/05\/20\/122535\/\" data-send=\"false\" data-layout=\"box_count\" data-width=\"55\" data-show-faces=\"false\"><\/div><\/span><\/span><span class=\"mr_social_sharing_top\"><fb:share-button type=\"box_count\" href=\"http:\/\/www.blogdopilako.com.br\/wp\/2019\/05\/20\/122535\/\"><\/fb:share-button><\/span><span class=\"mr_social_sharing\"><a rel=\"nofollow\" class=\"linksalpha_button linksalpha_link\" href=\"\/\/www.linksalpha.com\/social\/mobile\" data-url=\"http:\/\/www.blogdopilako.com.br\/wp\/2019\/05\/20\/122535\/\" data-text=\"Mestre Z\u00e9 Guedes \u2013 por Sos\u00edgenes Bittencourt.\" data-desc=\"Hoje, creio que pouqu\u00edssimas pessoas sabem que quem construiu os jazigos da primeira entrada do Cemit\u00e9rio S\u00e3o Sebasti\u00e3o foi meu bisav\u00f4, Jos\u00e9 Guedes da Costa. E n\u00e3o s\u00f3, ele tamb\u00e9m esculpiu os frontisp\u00edcios do Cemit\u00e9rio e do Mercado de Farinha. Jos\u00e9 Guedes era pai de minha av\u00f3 materna,\" data-image=\"http:\/\/www.blogdopilako.com.br\/wp\/wp-content\/uploads\/2019\/05\/mercado-publico-vitoria-santo-antao.jpg\" data-button=\"none\">\n\t\t\t\t\t<img src=\"\/\/www.linksalpha.com\/images\/social_share_button.png\" alt=\"Share\" class=\"linksalpha_image\" \/>\n\t\t\t\t\t<\/a><script type=\"text\/javascript\" src=\"\/\/www.linksalpha.com\/scripts\/loader_iconbox.js?v=2.4\"><\/script><\/span><\/div>","protected":false},"excerpt":{"rendered":"\n\t\t\t\t<div class=\"mr_social_sharing_wrapper\">\n\t\t\t\t<!-- Social Sharing Toolkit v2.2 --><span class=\"mr_social_sharing_top\"><span style=\"display: inline-block; width: 55px; height: 62px; overflow: hidden;\"><div class=\"fb-like\" data-href=\"http:\/\/www.blogdopilako.com.br\/wp\/2019\/05\/20\/122535\/\" data-send=\"false\" data-layout=\"box_count\" data-width=\"55\" data-show-faces=\"false\"><\/div><\/span><\/span><span class=\"mr_social_sharing_top\"><fb:share-button type=\"box_count\" href=\"http:\/\/www.blogdopilako.com.br\/wp\/2019\/05\/20\/122535\/\"><\/fb:share-button><\/span><span class=\"mr_social_sharing\"><a rel=\"nofollow\" class=\"linksalpha_button linksalpha_link\" href=\"\/\/www.linksalpha.com\/social\/mobile\" data-url=\"http:\/\/www.blogdopilako.com.br\/wp\/2019\/05\/20\/122535\/\" data-text=\"Mestre Z\u00e9 Guedes \u2013 por Sos\u00edgenes Bittencourt.\" data-desc=\"Hoje, creio que pouqu\u00edssimas pessoas sabem que quem construiu os jazigos da primeira entrada do Cemit\u00e9rio S\u00e3o Sebasti\u00e3o foi meu bisav\u00f4, Jos\u00e9 Guedes da Costa. E n\u00e3o s\u00f3, ele tamb\u00e9m esculpiu os frontisp\u00edcios do Cemit\u00e9rio e do Mercado de Farinha. Jos\u00e9 Guedes era pai de minha av\u00f3 materna,\" data-image=\"\" data-button=\"none\">\n\t\t\t\t\t<img src=\"\/\/www.linksalpha.com\/images\/social_share_button.png\" alt=\"Share\" class=\"linksalpha_image\" \/>\n\t\t\t\t\t<\/a><script type=\"text\/javascript\" src=\"\/\/www.linksalpha.com\/scripts\/loader_iconbox.js?v=2.4\"><\/script><\/span><\/div><p>Hoje, creio que pouqu\u00edssimas pessoas sabem que quem construiu os jazigos da primeira entrada do Cemit\u00e9rio S\u00e3o Sebasti\u00e3o foi meu bisav\u00f4, Jos\u00e9 Guedes da Costa. E n\u00e3o s\u00f3, ele tamb\u00e9m esculpiu os frontisp\u00edcios do Cemit\u00e9rio e do Mercado de Farinha. &hellip; <a href=\"http:\/\/www.blogdopilako.com.br\/wp\/2019\/05\/20\/122535\/\">Continue lendo <span class=\"meta-nav\">&rarr;<\/span><\/a><\/p>\n\n\t\t\t\t<div class=\"mr_social_sharing_wrapper\">\n\t\t\t\t<!-- Social Sharing Toolkit v2.2 --><span class=\"mr_social_sharing_top\"><span style=\"display: inline-block; width: 55px; height: 62px; overflow: hidden;\"><div class=\"fb-like\" data-href=\"http:\/\/www.blogdopilako.com.br\/wp\/2019\/05\/20\/122535\/\" data-send=\"false\" data-layout=\"box_count\" data-width=\"55\" data-show-faces=\"false\"><\/div><\/span><\/span><span class=\"mr_social_sharing_top\"><fb:share-button type=\"box_count\" href=\"http:\/\/www.blogdopilako.com.br\/wp\/2019\/05\/20\/122535\/\"><\/fb:share-button><\/span><span class=\"mr_social_sharing\"><a rel=\"nofollow\" class=\"linksalpha_button linksalpha_link\" href=\"\/\/www.linksalpha.com\/social\/mobile\" data-url=\"http:\/\/www.blogdopilako.com.br\/wp\/2019\/05\/20\/122535\/\" data-text=\"Mestre Z\u00e9 Guedes \u2013 por Sos\u00edgenes Bittencourt.\" data-desc=\"Hoje, creio que pouqu\u00edssimas pessoas sabem que quem construiu os jazigos da primeira entrada do Cemit\u00e9rio S\u00e3o Sebasti\u00e3o foi meu bisav\u00f4, Jos\u00e9 Guedes da Costa. E n\u00e3o s\u00f3, ele tamb\u00e9m esculpiu os frontisp\u00edcios do Cemit\u00e9rio e do Mercado de Farinha. Jos\u00e9 Guedes era pai de minha av\u00f3 materna,\" data-image=\"\" data-button=\"none\">\n\t\t\t\t\t<img src=\"\/\/www.linksalpha.com\/images\/social_share_button.png\" alt=\"Share\" class=\"linksalpha_image\" \/>\n\t\t\t\t\t<\/a><script type=\"text\/javascript\" src=\"\/\/www.linksalpha.com\/scripts\/loader_iconbox.js?v=2.4\"><\/script><\/span><\/div>","protected":false},"author":2,"featured_media":0,"comment_status":"open","ping_status":"open","sticky":false,"template":"","format":"standard","meta":[],"categories":[20],"tags":[],"_links":{"self":[{"href":"http:\/\/www.blogdopilako.com.br\/wp\/wp-json\/wp\/v2\/posts\/122535"}],"collection":[{"href":"http:\/\/www.blogdopilako.com.br\/wp\/wp-json\/wp\/v2\/posts"}],"about":[{"href":"http:\/\/www.blogdopilako.com.br\/wp\/wp-json\/wp\/v2\/types\/post"}],"author":[{"embeddable":true,"href":"http:\/\/www.blogdopilako.com.br\/wp\/wp-json\/wp\/v2\/users\/2"}],"replies":[{"embeddable":true,"href":"http:\/\/www.blogdopilako.com.br\/wp\/wp-json\/wp\/v2\/comments?post=122535"}],"version-history":[{"count":2,"href":"http:\/\/www.blogdopilako.com.br\/wp\/wp-json\/wp\/v2\/posts\/122535\/revisions"}],"predecessor-version":[{"id":122538,"href":"http:\/\/www.blogdopilako.com.br\/wp\/wp-json\/wp\/v2\/posts\/122535\/revisions\/122538"}],"wp:attachment":[{"href":"http:\/\/www.blogdopilako.com.br\/wp\/wp-json\/wp\/v2\/media?parent=122535"}],"wp:term":[{"taxonomy":"category","embeddable":true,"href":"http:\/\/www.blogdopilako.com.br\/wp\/wp-json\/wp\/v2\/categories?post=122535"},{"taxonomy":"post_tag","embeddable":true,"href":"http:\/\/www.blogdopilako.com.br\/wp\/wp-json\/wp\/v2\/tags?post=122535"}],"curies":[{"name":"wp","href":"https:\/\/api.w.org\/{rel}","templated":true}]}}