{"id":122483,"date":"2019-05-16T14:50:07","date_gmt":"2019-05-16T17:50:07","guid":{"rendered":"http:\/\/www.blogdopilako.com.br\/wp\/?p=122483"},"modified":"2019-05-15T17:36:44","modified_gmt":"2019-05-15T20:36:44","slug":"major-eudes-um-exemplo-de-amor-ao-exercito-brasileiro","status":"publish","type":"post","link":"http:\/\/www.blogdopilako.com.br\/wp\/2019\/05\/16\/major-eudes-um-exemplo-de-amor-ao-exercito-brasileiro\/","title":{"rendered":"Major Eudes: um exemplo de amor ao Ex\u00e9rcito Brasileiro."},"content":{"rendered":"\n\t\t\t\t<div class=\"mr_social_sharing_wrapper\">\n\t\t\t\t<!-- Social Sharing Toolkit v2.2 --><span class=\"mr_social_sharing_top\"><span style=\"display: inline-block; width: 55px; height: 62px; overflow: hidden;\"><div class=\"fb-like\" data-href=\"http:\/\/www.blogdopilako.com.br\/wp\/2019\/05\/16\/major-eudes-um-exemplo-de-amor-ao-exercito-brasileiro\/\" data-send=\"false\" data-layout=\"box_count\" data-width=\"55\" data-show-faces=\"false\"><\/div><\/span><\/span><span class=\"mr_social_sharing_top\"><fb:share-button type=\"box_count\" href=\"http:\/\/www.blogdopilako.com.br\/wp\/2019\/05\/16\/major-eudes-um-exemplo-de-amor-ao-exercito-brasileiro\/\"><\/fb:share-button><\/span><span class=\"mr_social_sharing\"><a rel=\"nofollow\" class=\"linksalpha_button linksalpha_link\" href=\"\/\/www.linksalpha.com\/social\/mobile\" data-url=\"http:\/\/www.blogdopilako.com.br\/wp\/2019\/05\/16\/major-eudes-um-exemplo-de-amor-ao-exercito-brasileiro\/\" data-text=\"Major Eudes: um exemplo de amor ao Ex\u00e9rcito Brasileiro.\" data-desc=\"Uma hist\u00f3ria do fundo ba\u00fa. O ano era 1963. Impedidos de circular pela cidade de maneira civil, o ent\u00e3o Cabo do ex\u00e9rcito, Jos\u00e9 Eudes de Souza, engajado no 14-RI, localizado na cidade de Jaboat\u00e3o, \u00a0foi flagrado por um tenente quando vinha da escola sem o fardamento correspondente. Por ato de\" data-image=\"http:\/\/www.blogdopilako.com.br\/wp\/wp-content\/uploads\/2019\/05\/249da529-ede8-4180-9fdc-526b70c0438c-1024x768.jpg\" data-button=\"none\">\n\t\t\t\t\t<img src=\"\/\/www.linksalpha.com\/images\/social_share_button.png\" alt=\"Share\" class=\"linksalpha_image\" \/>\n\t\t\t\t\t<\/a><script type=\"text\/javascript\" src=\"\/\/www.linksalpha.com\/scripts\/loader_iconbox.js?v=2.4\"><\/script><\/span><\/div><p><a href=\"http:\/\/www.blogdopilako.com.br\/wp\/wp-content\/uploads\/2019\/05\/249da529-ede8-4180-9fdc-526b70c0438c.jpg\"><img loading=\"lazy\" class=\"aligncenter size-large wp-image-122484\" src=\"http:\/\/www.blogdopilako.com.br\/wp\/wp-content\/uploads\/2019\/05\/249da529-ede8-4180-9fdc-526b70c0438c-1024x768.jpg\" alt=\"\" width=\"640\" height=\"480\" srcset=\"http:\/\/www.blogdopilako.com.br\/wp\/wp-content\/uploads\/2019\/05\/249da529-ede8-4180-9fdc-526b70c0438c-1024x768.jpg 1024w, http:\/\/www.blogdopilako.com.br\/wp\/wp-content\/uploads\/2019\/05\/249da529-ede8-4180-9fdc-526b70c0438c-300x225.jpg 300w, http:\/\/www.blogdopilako.com.br\/wp\/wp-content\/uploads\/2019\/05\/249da529-ede8-4180-9fdc-526b70c0438c-768x576.jpg 768w, http:\/\/www.blogdopilako.com.br\/wp\/wp-content\/uploads\/2019\/05\/249da529-ede8-4180-9fdc-526b70c0438c.jpg 1280w\" sizes=\"(max-width: 640px) 100vw, 640px\" \/><\/a><\/p>\n<p style=\"text-align: justify;\">Uma hist\u00f3ria do fundo ba\u00fa. O ano era 1963. Impedidos de circular pela cidade de maneira civil, o ent\u00e3o Cabo do ex\u00e9rcito, Jos\u00e9 Eudes de Souza, engajado no 14-RI, localizado na cidade de Jaboat\u00e3o, \u00a0foi flagrado por um tenente quando vinha da escola sem o fardamento correspondente. Por ato de oficio o caso foi relatado ao superior dos dois.<\/p>\n<p style=\"text-align: justify;\">\u00a0Ao ser questionado pelo Capit\u00e3o Costa \u2013 Comandante da Companhia \u2013\u00a0 o Cabo Jos\u00e9 Eudes confirmou que realmente havia circulado pelas ruas de forma civil (indevida para um militar). Quando o superior hier\u00e1rquico aventou que o mesmo poderia ser punido pela altera\u00e7\u00e3o, o Capo Jos\u00e9 Eudes, de maneira firme, sem perder a humildade, respondeu-lhe ent\u00e3o: \u201ccom certeza Capit\u00e3o, por\u00e9m eu n\u00e3o poderia negar-lhe uma verdade, por\u00e9m n\u00e3o ficaria bem para um militar. Ent\u00e3o prefiro que o senhor me puna por trajar civilmente do que me punir por faltar com a verdade, pois, segundo meu entendimento, aquele que mente, rouba\u201d.<\/p>\n<p style=\"text-align: justify;\">Moral da hist\u00f3ria: \u00a0dias depois, com a tropa em forma, o Cabo Jos\u00e9 Eudes de Souza recebeu, \u00a0atrav\u00e9s dos auto-falantes do quartel, um efusivo elogio pela sinceridade, no sentido do ato exemplar aos companheiros de farda. Eis ai, portanto, um dos motivos de ser o \u201ceterno\u201d comandante de pelo menos um \u201cpunhado\u201d de \u00a0antonenses que tiveram o privil\u00e9gio de ser comandado pelo, hoje, Major Eudes de Souza.<\/p>\n<p><iframe loading=\"lazy\" title=\"Blog do Pilako: Major Eudes\" width=\"584\" height=\"329\" src=\"https:\/\/www.youtube.com\/embed\/bLM_qTBJXqk?feature=oembed\" frameborder=\"0\" allow=\"accelerometer; autoplay; clipboard-write; encrypted-media; gyroscope; picture-in-picture\" allowfullscreen><\/iframe><\/p>\n\n\t\t\t\t<div class=\"mr_social_sharing_wrapper\">\n\t\t\t\t<!-- Social Sharing Toolkit v2.2 --><span class=\"mr_social_sharing_top\"><span style=\"display: inline-block; width: 55px; height: 62px; overflow: hidden;\"><div class=\"fb-like\" data-href=\"http:\/\/www.blogdopilako.com.br\/wp\/2019\/05\/16\/major-eudes-um-exemplo-de-amor-ao-exercito-brasileiro\/\" data-send=\"false\" data-layout=\"box_count\" data-width=\"55\" data-show-faces=\"false\"><\/div><\/span><\/span><span class=\"mr_social_sharing_top\"><fb:share-button type=\"box_count\" href=\"http:\/\/www.blogdopilako.com.br\/wp\/2019\/05\/16\/major-eudes-um-exemplo-de-amor-ao-exercito-brasileiro\/\"><\/fb:share-button><\/span><span class=\"mr_social_sharing\"><a rel=\"nofollow\" class=\"linksalpha_button linksalpha_link\" href=\"\/\/www.linksalpha.com\/social\/mobile\" data-url=\"http:\/\/www.blogdopilako.com.br\/wp\/2019\/05\/16\/major-eudes-um-exemplo-de-amor-ao-exercito-brasileiro\/\" data-text=\"Major Eudes: um exemplo de amor ao Ex\u00e9rcito Brasileiro.\" data-desc=\"Uma hist\u00f3ria do fundo ba\u00fa. O ano era 1963. Impedidos de circular pela cidade de maneira civil, o ent\u00e3o Cabo do ex\u00e9rcito, Jos\u00e9 Eudes de Souza, engajado no 14-RI, localizado na cidade de Jaboat\u00e3o, \u00a0foi flagrado por um tenente quando vinha da escola sem o fardamento correspondente. Por ato de\" data-image=\"http:\/\/www.blogdopilako.com.br\/wp\/wp-content\/uploads\/2019\/05\/249da529-ede8-4180-9fdc-526b70c0438c-1024x768.jpg\" data-button=\"none\">\n\t\t\t\t\t<img src=\"\/\/www.linksalpha.com\/images\/social_share_button.png\" alt=\"Share\" class=\"linksalpha_image\" \/>\n\t\t\t\t\t<\/a><script type=\"text\/javascript\" src=\"\/\/www.linksalpha.com\/scripts\/loader_iconbox.js?v=2.4\"><\/script><\/span><\/div>","protected":false},"excerpt":{"rendered":"\n\t\t\t\t<div class=\"mr_social_sharing_wrapper\">\n\t\t\t\t<!-- Social Sharing Toolkit v2.2 --><span class=\"mr_social_sharing_top\"><span style=\"display: inline-block; width: 55px; height: 62px; overflow: hidden;\"><div class=\"fb-like\" data-href=\"http:\/\/www.blogdopilako.com.br\/wp\/2019\/05\/16\/major-eudes-um-exemplo-de-amor-ao-exercito-brasileiro\/\" data-send=\"false\" data-layout=\"box_count\" data-width=\"55\" data-show-faces=\"false\"><\/div><\/span><\/span><span class=\"mr_social_sharing_top\"><fb:share-button type=\"box_count\" href=\"http:\/\/www.blogdopilako.com.br\/wp\/2019\/05\/16\/major-eudes-um-exemplo-de-amor-ao-exercito-brasileiro\/\"><\/fb:share-button><\/span><span class=\"mr_social_sharing\"><a rel=\"nofollow\" class=\"linksalpha_button linksalpha_link\" href=\"\/\/www.linksalpha.com\/social\/mobile\" data-url=\"http:\/\/www.blogdopilako.com.br\/wp\/2019\/05\/16\/major-eudes-um-exemplo-de-amor-ao-exercito-brasileiro\/\" data-text=\"Major Eudes: um exemplo de amor ao Ex\u00e9rcito Brasileiro.\" data-desc=\"Uma hist\u00f3ria do fundo ba\u00fa. O ano era 1963. Impedidos de circular pela cidade de maneira civil, o ent\u00e3o Cabo do ex\u00e9rcito, Jos\u00e9 Eudes de Souza, engajado no 14-RI, localizado na cidade de Jaboat\u00e3o, \u00a0foi flagrado por um tenente quando vinha da escola sem o fardamento correspondente. Por ato de\" data-image=\"\" data-button=\"none\">\n\t\t\t\t\t<img src=\"\/\/www.linksalpha.com\/images\/social_share_button.png\" alt=\"Share\" class=\"linksalpha_image\" \/>\n\t\t\t\t\t<\/a><script type=\"text\/javascript\" src=\"\/\/www.linksalpha.com\/scripts\/loader_iconbox.js?v=2.4\"><\/script><\/span><\/div><p>Uma hist\u00f3ria do fundo ba\u00fa. O ano era 1963. Impedidos de circular pela cidade de maneira civil, o ent\u00e3o Cabo do ex\u00e9rcito, Jos\u00e9 Eudes de Souza, engajado no 14-RI, localizado na cidade de Jaboat\u00e3o, \u00a0foi flagrado por um tenente quando &hellip; <a href=\"http:\/\/www.blogdopilako.com.br\/wp\/2019\/05\/16\/major-eudes-um-exemplo-de-amor-ao-exercito-brasileiro\/\">Continue lendo <span class=\"meta-nav\">&rarr;<\/span><\/a><\/p>\n\n\t\t\t\t<div class=\"mr_social_sharing_wrapper\">\n\t\t\t\t<!-- Social Sharing Toolkit v2.2 --><span class=\"mr_social_sharing_top\"><span style=\"display: inline-block; width: 55px; height: 62px; overflow: hidden;\"><div class=\"fb-like\" data-href=\"http:\/\/www.blogdopilako.com.br\/wp\/2019\/05\/16\/major-eudes-um-exemplo-de-amor-ao-exercito-brasileiro\/\" data-send=\"false\" data-layout=\"box_count\" data-width=\"55\" data-show-faces=\"false\"><\/div><\/span><\/span><span class=\"mr_social_sharing_top\"><fb:share-button type=\"box_count\" href=\"http:\/\/www.blogdopilako.com.br\/wp\/2019\/05\/16\/major-eudes-um-exemplo-de-amor-ao-exercito-brasileiro\/\"><\/fb:share-button><\/span><span class=\"mr_social_sharing\"><a rel=\"nofollow\" class=\"linksalpha_button linksalpha_link\" href=\"\/\/www.linksalpha.com\/social\/mobile\" data-url=\"http:\/\/www.blogdopilako.com.br\/wp\/2019\/05\/16\/major-eudes-um-exemplo-de-amor-ao-exercito-brasileiro\/\" data-text=\"Major Eudes: um exemplo de amor ao Ex\u00e9rcito Brasileiro.\" data-desc=\"Uma hist\u00f3ria do fundo ba\u00fa. O ano era 1963. Impedidos de circular pela cidade de maneira civil, o ent\u00e3o Cabo do ex\u00e9rcito, Jos\u00e9 Eudes de Souza, engajado no 14-RI, localizado na cidade de Jaboat\u00e3o, \u00a0foi flagrado por um tenente quando vinha da escola sem o fardamento correspondente. Por ato de\" data-image=\"\" data-button=\"none\">\n\t\t\t\t\t<img src=\"\/\/www.linksalpha.com\/images\/social_share_button.png\" alt=\"Share\" class=\"linksalpha_image\" \/>\n\t\t\t\t\t<\/a><script type=\"text\/javascript\" src=\"\/\/www.linksalpha.com\/scripts\/loader_iconbox.js?v=2.4\"><\/script><\/span><\/div>","protected":false},"author":2,"featured_media":0,"comment_status":"open","ping_status":"open","sticky":false,"template":"","format":"standard","meta":[],"categories":[21],"tags":[],"_links":{"self":[{"href":"http:\/\/www.blogdopilako.com.br\/wp\/wp-json\/wp\/v2\/posts\/122483"}],"collection":[{"href":"http:\/\/www.blogdopilako.com.br\/wp\/wp-json\/wp\/v2\/posts"}],"about":[{"href":"http:\/\/www.blogdopilako.com.br\/wp\/wp-json\/wp\/v2\/types\/post"}],"author":[{"embeddable":true,"href":"http:\/\/www.blogdopilako.com.br\/wp\/wp-json\/wp\/v2\/users\/2"}],"replies":[{"embeddable":true,"href":"http:\/\/www.blogdopilako.com.br\/wp\/wp-json\/wp\/v2\/comments?post=122483"}],"version-history":[{"count":1,"href":"http:\/\/www.blogdopilako.com.br\/wp\/wp-json\/wp\/v2\/posts\/122483\/revisions"}],"predecessor-version":[{"id":122485,"href":"http:\/\/www.blogdopilako.com.br\/wp\/wp-json\/wp\/v2\/posts\/122483\/revisions\/122485"}],"wp:attachment":[{"href":"http:\/\/www.blogdopilako.com.br\/wp\/wp-json\/wp\/v2\/media?parent=122483"}],"wp:term":[{"taxonomy":"category","embeddable":true,"href":"http:\/\/www.blogdopilako.com.br\/wp\/wp-json\/wp\/v2\/categories?post=122483"},{"taxonomy":"post_tag","embeddable":true,"href":"http:\/\/www.blogdopilako.com.br\/wp\/wp-json\/wp\/v2\/tags?post=122483"}],"curies":[{"name":"wp","href":"https:\/\/api.w.org\/{rel}","templated":true}]}}