{"id":122444,"date":"2019-05-16T14:00:39","date_gmt":"2019-05-16T17:00:39","guid":{"rendered":"http:\/\/www.blogdopilako.com.br\/wp\/?p=122444"},"modified":"2019-05-15T09:35:52","modified_gmt":"2019-05-15T12:35:52","slug":"o-tempo-voa-instituto-historico-comemoracao","status":"publish","type":"post","link":"http:\/\/www.blogdopilako.com.br\/wp\/2019\/05\/16\/o-tempo-voa-instituto-historico-comemoracao\/","title":{"rendered":"O Tempo Voa: Instituto Hist\u00f3rico &#8211; comemora\u00e7\u00e3o"},"content":{"rendered":"\n\t\t\t\t<div class=\"mr_social_sharing_wrapper\">\n\t\t\t\t<!-- Social Sharing Toolkit v2.2 --><span class=\"mr_social_sharing_top\"><span style=\"display: inline-block; width: 55px; height: 62px; overflow: hidden;\"><div class=\"fb-like\" data-href=\"http:\/\/www.blogdopilako.com.br\/wp\/2019\/05\/16\/o-tempo-voa-instituto-historico-comemoracao\/\" data-send=\"false\" data-layout=\"box_count\" data-width=\"55\" data-show-faces=\"false\"><\/div><\/span><\/span><span class=\"mr_social_sharing_top\"><fb:share-button type=\"box_count\" href=\"http:\/\/www.blogdopilako.com.br\/wp\/2019\/05\/16\/o-tempo-voa-instituto-historico-comemoracao\/\"><\/fb:share-button><\/span><span class=\"mr_social_sharing\"><a rel=\"nofollow\" class=\"linksalpha_button linksalpha_link\" href=\"\/\/www.linksalpha.com\/social\/mobile\" data-url=\"http:\/\/www.blogdopilako.com.br\/wp\/2019\/05\/16\/o-tempo-voa-instituto-historico-comemoracao\/\" data-text=\"O Tempo Voa: Instituto Hist\u00f3rico \u2013 comemora\u00e7\u00e3o\" data-desc=\"Carlos Peres, Zito Mariano e Adroaldo Barros - Instituto Hist\u00f3rico - anivers\u00e1rio da cidade - maio de 1999.\" data-image=\"http:\/\/www.blogdopilako.com.br\/wp\/wp-content\/uploads\/2019\/05\/o-tempo-voa-25-outubro.jpg\" data-button=\"none\">\n\t\t\t\t\t<img src=\"\/\/www.linksalpha.com\/images\/social_share_button.png\" alt=\"Share\" class=\"linksalpha_image\" \/>\n\t\t\t\t\t<\/a><script type=\"text\/javascript\" src=\"\/\/www.linksalpha.com\/scripts\/loader_iconbox.js?v=2.4\"><\/script><\/span><\/div><p><a href=\"http:\/\/www.blogdopilako.com.br\/wp\/wp-content\/uploads\/2019\/05\/o-tempo-voa-25-outubro.jpg\"><img loading=\"lazy\" class=\"aligncenter size-full wp-image-122445\" src=\"http:\/\/www.blogdopilako.com.br\/wp\/wp-content\/uploads\/2019\/05\/o-tempo-voa-25-outubro.jpg\" alt=\"\" width=\"554\" height=\"431\" srcset=\"http:\/\/www.blogdopilako.com.br\/wp\/wp-content\/uploads\/2019\/05\/o-tempo-voa-25-outubro.jpg 554w, http:\/\/www.blogdopilako.com.br\/wp\/wp-content\/uploads\/2019\/05\/o-tempo-voa-25-outubro-300x233.jpg 300w\" sizes=\"(max-width: 554px) 100vw, 554px\" \/><\/a><\/p>\n<p style=\"text-align: center;\"><strong>Carlos Peres, Zito Mariano e Adroaldo Barros &#8211; Instituto Hist\u00f3rico &#8211; anivers\u00e1rio da cidade &#8211; maio de 1999.<\/strong><\/p>\n\n\t\t\t\t<div class=\"mr_social_sharing_wrapper\">\n\t\t\t\t<!-- Social Sharing Toolkit v2.2 --><span class=\"mr_social_sharing_top\"><span style=\"display: inline-block; width: 55px; height: 62px; overflow: hidden;\"><div class=\"fb-like\" data-href=\"http:\/\/www.blogdopilako.com.br\/wp\/2019\/05\/16\/o-tempo-voa-instituto-historico-comemoracao\/\" data-send=\"false\" data-layout=\"box_count\" data-width=\"55\" data-show-faces=\"false\"><\/div><\/span><\/span><span class=\"mr_social_sharing_top\"><fb:share-button type=\"box_count\" href=\"http:\/\/www.blogdopilako.com.br\/wp\/2019\/05\/16\/o-tempo-voa-instituto-historico-comemoracao\/\"><\/fb:share-button><\/span><span class=\"mr_social_sharing\"><a rel=\"nofollow\" class=\"linksalpha_button linksalpha_link\" href=\"\/\/www.linksalpha.com\/social\/mobile\" data-url=\"http:\/\/www.blogdopilako.com.br\/wp\/2019\/05\/16\/o-tempo-voa-instituto-historico-comemoracao\/\" data-text=\"O Tempo Voa: Instituto Hist\u00f3rico \u2013 comemora\u00e7\u00e3o\" data-desc=\"Carlos Peres, Zito Mariano e Adroaldo Barros - Instituto Hist\u00f3rico - anivers\u00e1rio da cidade - maio de 1999.\" data-image=\"http:\/\/www.blogdopilako.com.br\/wp\/wp-content\/uploads\/2019\/05\/o-tempo-voa-25-outubro.jpg\" data-button=\"none\">\n\t\t\t\t\t<img src=\"\/\/www.linksalpha.com\/images\/social_share_button.png\" alt=\"Share\" class=\"linksalpha_image\" \/>\n\t\t\t\t\t<\/a><script type=\"text\/javascript\" src=\"\/\/www.linksalpha.com\/scripts\/loader_iconbox.js?v=2.4\"><\/script><\/span><\/div>","protected":false},"excerpt":{"rendered":"\n\t\t\t\t<div class=\"mr_social_sharing_wrapper\">\n\t\t\t\t<!-- Social Sharing Toolkit v2.2 --><span class=\"mr_social_sharing_top\"><span style=\"display: inline-block; width: 55px; height: 62px; overflow: hidden;\"><div class=\"fb-like\" data-href=\"http:\/\/www.blogdopilako.com.br\/wp\/2019\/05\/16\/o-tempo-voa-instituto-historico-comemoracao\/\" data-send=\"false\" data-layout=\"box_count\" data-width=\"55\" data-show-faces=\"false\"><\/div><\/span><\/span><span class=\"mr_social_sharing_top\"><fb:share-button type=\"box_count\" href=\"http:\/\/www.blogdopilako.com.br\/wp\/2019\/05\/16\/o-tempo-voa-instituto-historico-comemoracao\/\"><\/fb:share-button><\/span><span class=\"mr_social_sharing\"><a rel=\"nofollow\" class=\"linksalpha_button linksalpha_link\" href=\"\/\/www.linksalpha.com\/social\/mobile\" data-url=\"http:\/\/www.blogdopilako.com.br\/wp\/2019\/05\/16\/o-tempo-voa-instituto-historico-comemoracao\/\" data-text=\"O Tempo Voa: Instituto Hist\u00f3rico \u2013 comemora\u00e7\u00e3o\" data-desc=\"Carlos Peres, Zito Mariano e Adroaldo Barros - Instituto Hist\u00f3rico - anivers\u00e1rio da cidade - maio de 1999.\" data-image=\"\" data-button=\"none\">\n\t\t\t\t\t<img src=\"\/\/www.linksalpha.com\/images\/social_share_button.png\" alt=\"Share\" class=\"linksalpha_image\" \/>\n\t\t\t\t\t<\/a><script type=\"text\/javascript\" src=\"\/\/www.linksalpha.com\/scripts\/loader_iconbox.js?v=2.4\"><\/script><\/span><\/div><p>Carlos Peres, Zito Mariano e Adroaldo Barros &#8211; Instituto Hist\u00f3rico &#8211; anivers\u00e1rio da cidade &#8211; maio de 1999.<\/p>\n\n\t\t\t\t<div class=\"mr_social_sharing_wrapper\">\n\t\t\t\t<!-- Social Sharing Toolkit v2.2 --><span class=\"mr_social_sharing_top\"><span style=\"display: inline-block; width: 55px; height: 62px; overflow: hidden;\"><div class=\"fb-like\" data-href=\"http:\/\/www.blogdopilako.com.br\/wp\/2019\/05\/16\/o-tempo-voa-instituto-historico-comemoracao\/\" data-send=\"false\" data-layout=\"box_count\" data-width=\"55\" data-show-faces=\"false\"><\/div><\/span><\/span><span class=\"mr_social_sharing_top\"><fb:share-button type=\"box_count\" href=\"http:\/\/www.blogdopilako.com.br\/wp\/2019\/05\/16\/o-tempo-voa-instituto-historico-comemoracao\/\"><\/fb:share-button><\/span><span class=\"mr_social_sharing\"><a rel=\"nofollow\" class=\"linksalpha_button linksalpha_link\" href=\"\/\/www.linksalpha.com\/social\/mobile\" data-url=\"http:\/\/www.blogdopilako.com.br\/wp\/2019\/05\/16\/o-tempo-voa-instituto-historico-comemoracao\/\" data-text=\"O Tempo Voa: Instituto Hist\u00f3rico \u2013 comemora\u00e7\u00e3o\" data-desc=\"Carlos Peres, Zito Mariano e Adroaldo Barros - Instituto Hist\u00f3rico - anivers\u00e1rio da cidade - maio de 1999.\" data-image=\"\" data-button=\"none\">\n\t\t\t\t\t<img src=\"\/\/www.linksalpha.com\/images\/social_share_button.png\" alt=\"Share\" class=\"linksalpha_image\" \/>\n\t\t\t\t\t<\/a><script type=\"text\/javascript\" src=\"\/\/www.linksalpha.com\/scripts\/loader_iconbox.js?v=2.4\"><\/script><\/span><\/div>","protected":false},"author":2,"featured_media":0,"comment_status":"open","ping_status":"open","sticky":false,"template":"","format":"standard","meta":[],"categories":[23],"tags":[],"_links":{"self":[{"href":"http:\/\/www.blogdopilako.com.br\/wp\/wp-json\/wp\/v2\/posts\/122444"}],"collection":[{"href":"http:\/\/www.blogdopilako.com.br\/wp\/wp-json\/wp\/v2\/posts"}],"about":[{"href":"http:\/\/www.blogdopilako.com.br\/wp\/wp-json\/wp\/v2\/types\/post"}],"author":[{"embeddable":true,"href":"http:\/\/www.blogdopilako.com.br\/wp\/wp-json\/wp\/v2\/users\/2"}],"replies":[{"embeddable":true,"href":"http:\/\/www.blogdopilako.com.br\/wp\/wp-json\/wp\/v2\/comments?post=122444"}],"version-history":[{"count":1,"href":"http:\/\/www.blogdopilako.com.br\/wp\/wp-json\/wp\/v2\/posts\/122444\/revisions"}],"predecessor-version":[{"id":122446,"href":"http:\/\/www.blogdopilako.com.br\/wp\/wp-json\/wp\/v2\/posts\/122444\/revisions\/122446"}],"wp:attachment":[{"href":"http:\/\/www.blogdopilako.com.br\/wp\/wp-json\/wp\/v2\/media?parent=122444"}],"wp:term":[{"taxonomy":"category","embeddable":true,"href":"http:\/\/www.blogdopilako.com.br\/wp\/wp-json\/wp\/v2\/categories?post=122444"},{"taxonomy":"post_tag","embeddable":true,"href":"http:\/\/www.blogdopilako.com.br\/wp\/wp-json\/wp\/v2\/tags?post=122444"}],"curies":[{"name":"wp","href":"https:\/\/api.w.org\/{rel}","templated":true}]}}