{"id":122411,"date":"2019-05-14T14:31:38","date_gmt":"2019-05-14T17:31:38","guid":{"rendered":"http:\/\/www.blogdopilako.com.br\/wp\/?p=122411"},"modified":"2019-05-14T10:36:40","modified_gmt":"2019-05-14T13:36:40","slug":"13-de-maio-princesa-isabel-por-lucivanio-jatoba","status":"publish","type":"post","link":"http:\/\/www.blogdopilako.com.br\/wp\/2019\/05\/14\/13-de-maio-princesa-isabel-por-lucivanio-jatoba\/","title":{"rendered":"13 de maio &#8211; Princesa Isabel &#8211; por Lucivanio Jatoba."},"content":{"rendered":"\n\t\t\t\t<div class=\"mr_social_sharing_wrapper\">\n\t\t\t\t<!-- Social Sharing Toolkit v2.2 --><span class=\"mr_social_sharing_top\"><span style=\"display: inline-block; width: 55px; height: 62px; overflow: hidden;\"><div class=\"fb-like\" data-href=\"http:\/\/www.blogdopilako.com.br\/wp\/2019\/05\/14\/13-de-maio-princesa-isabel-por-lucivanio-jatoba\/\" data-send=\"false\" data-layout=\"box_count\" data-width=\"55\" data-show-faces=\"false\"><\/div><\/span><\/span><span class=\"mr_social_sharing_top\"><fb:share-button type=\"box_count\" href=\"http:\/\/www.blogdopilako.com.br\/wp\/2019\/05\/14\/13-de-maio-princesa-isabel-por-lucivanio-jatoba\/\"><\/fb:share-button><\/span><span class=\"mr_social_sharing\"><a rel=\"nofollow\" class=\"linksalpha_button linksalpha_link\" href=\"\/\/www.linksalpha.com\/social\/mobile\" data-url=\"http:\/\/www.blogdopilako.com.br\/wp\/2019\/05\/14\/13-de-maio-princesa-isabel-por-lucivanio-jatoba\/\" data-text=\"13 de maio \u2013 Princesa Isabel \u2013 por Lucivanio Jatoba.\" data-desc=\"DURANTE MINHA \u00c9POCA DO GIN\u00c1SIO TR\u00caS DE AGOSTO Comemorava-se, efusivamente, o dia 13 de maio. Havia palestra sobre a Princesa Isabel e os horrores que foi a Escravatura no Brasil. Recordo bem que algu\u00e9m recitou, em 1963, o poema extraordin\u00e1rio , de Castro Alves, O Navio Negreiro. Choramos!\" data-image=\"http:\/\/www.blogdopilako.com.br\/wp\/wp-content\/uploads\/2019\/05\/P005DJ0378-731x1024.jpg\" data-button=\"none\">\n\t\t\t\t\t<img src=\"\/\/www.linksalpha.com\/images\/social_share_button.png\" alt=\"Share\" class=\"linksalpha_image\" \/>\n\t\t\t\t\t<\/a><script type=\"text\/javascript\" src=\"\/\/www.linksalpha.com\/scripts\/loader_iconbox.js?v=2.4\"><\/script><\/span><\/div><p><a href=\"http:\/\/www.blogdopilako.com.br\/wp\/wp-content\/uploads\/2019\/05\/P005DJ0378.jpg\"><img loading=\"lazy\" class=\"aligncenter size-large wp-image-122412\" src=\"http:\/\/www.blogdopilako.com.br\/wp\/wp-content\/uploads\/2019\/05\/P005DJ0378-731x1024.jpg\" alt=\"\" width=\"640\" height=\"897\" srcset=\"http:\/\/www.blogdopilako.com.br\/wp\/wp-content\/uploads\/2019\/05\/P005DJ0378-731x1024.jpg 731w, http:\/\/www.blogdopilako.com.br\/wp\/wp-content\/uploads\/2019\/05\/P005DJ0378-214x300.jpg 214w, http:\/\/www.blogdopilako.com.br\/wp\/wp-content\/uploads\/2019\/05\/P005DJ0378-768x1075.jpg 768w, http:\/\/www.blogdopilako.com.br\/wp\/wp-content\/uploads\/2019\/05\/P005DJ0378.jpg 857w\" sizes=\"(max-width: 640px) 100vw, 640px\" \/><\/a><\/p>\n<p style=\"text-align: justify;\">DURANTE MINHA \u00c9POCA DO GIN\u00c1SIO TR\u00caS DE AGOSTO<\/p>\n<p style=\"text-align: justify;\">Comemorava-se, efusivamente, o dia 13 de maio. Havia palestra sobre a Princesa Isabel e os horrores que foi a Escravatura no Brasil.<br \/>\nRecordo bem que algu\u00e9m recitou, em 1963, o poema extraordin\u00e1rio , de Castro Alves, O Navio Negreiro. Choramos! Versos que denunciavam feroz e inteligentemente o tr\u00e1fico de escravos.<br \/>\nLembro ainda de Alb\u00e9rgio Maia, um jovem recifense genial, recitando O Navio Negreiro, na TV Canal 2,<span class=\"text_exposed_show\">\u00a0naquele ano de 1963.<\/span><\/p>\n<div class=\"text_exposed_show\">\n<p style=\"text-align: justify;\">Viva a Princesa Isabel!<\/p>\n<p style=\"text-align: justify;\"><strong>Lucivanio Jatoba<\/strong><\/p>\n<p>&nbsp;<\/p>\n<\/div>\n\n\t\t\t\t<div class=\"mr_social_sharing_wrapper\">\n\t\t\t\t<!-- Social Sharing Toolkit v2.2 --><span class=\"mr_social_sharing_top\"><span style=\"display: inline-block; width: 55px; height: 62px; overflow: hidden;\"><div class=\"fb-like\" data-href=\"http:\/\/www.blogdopilako.com.br\/wp\/2019\/05\/14\/13-de-maio-princesa-isabel-por-lucivanio-jatoba\/\" data-send=\"false\" data-layout=\"box_count\" data-width=\"55\" data-show-faces=\"false\"><\/div><\/span><\/span><span class=\"mr_social_sharing_top\"><fb:share-button type=\"box_count\" href=\"http:\/\/www.blogdopilako.com.br\/wp\/2019\/05\/14\/13-de-maio-princesa-isabel-por-lucivanio-jatoba\/\"><\/fb:share-button><\/span><span class=\"mr_social_sharing\"><a rel=\"nofollow\" class=\"linksalpha_button linksalpha_link\" href=\"\/\/www.linksalpha.com\/social\/mobile\" data-url=\"http:\/\/www.blogdopilako.com.br\/wp\/2019\/05\/14\/13-de-maio-princesa-isabel-por-lucivanio-jatoba\/\" data-text=\"13 de maio \u2013 Princesa Isabel \u2013 por Lucivanio Jatoba.\" data-desc=\"DURANTE MINHA \u00c9POCA DO GIN\u00c1SIO TR\u00caS DE AGOSTO Comemorava-se, efusivamente, o dia 13 de maio. Havia palestra sobre a Princesa Isabel e os horrores que foi a Escravatura no Brasil. Recordo bem que algu\u00e9m recitou, em 1963, o poema extraordin\u00e1rio , de Castro Alves, O Navio Negreiro. Choramos!\" data-image=\"http:\/\/www.blogdopilako.com.br\/wp\/wp-content\/uploads\/2019\/05\/P005DJ0378-731x1024.jpg\" data-button=\"none\">\n\t\t\t\t\t<img src=\"\/\/www.linksalpha.com\/images\/social_share_button.png\" alt=\"Share\" class=\"linksalpha_image\" \/>\n\t\t\t\t\t<\/a><script type=\"text\/javascript\" src=\"\/\/www.linksalpha.com\/scripts\/loader_iconbox.js?v=2.4\"><\/script><\/span><\/div>","protected":false},"excerpt":{"rendered":"\n\t\t\t\t<div class=\"mr_social_sharing_wrapper\">\n\t\t\t\t<!-- Social Sharing Toolkit v2.2 --><span class=\"mr_social_sharing_top\"><span style=\"display: inline-block; width: 55px; height: 62px; overflow: hidden;\"><div class=\"fb-like\" data-href=\"http:\/\/www.blogdopilako.com.br\/wp\/2019\/05\/14\/13-de-maio-princesa-isabel-por-lucivanio-jatoba\/\" data-send=\"false\" data-layout=\"box_count\" data-width=\"55\" data-show-faces=\"false\"><\/div><\/span><\/span><span class=\"mr_social_sharing_top\"><fb:share-button type=\"box_count\" href=\"http:\/\/www.blogdopilako.com.br\/wp\/2019\/05\/14\/13-de-maio-princesa-isabel-por-lucivanio-jatoba\/\"><\/fb:share-button><\/span><span class=\"mr_social_sharing\"><a rel=\"nofollow\" class=\"linksalpha_button linksalpha_link\" href=\"\/\/www.linksalpha.com\/social\/mobile\" data-url=\"http:\/\/www.blogdopilako.com.br\/wp\/2019\/05\/14\/13-de-maio-princesa-isabel-por-lucivanio-jatoba\/\" data-text=\"13 de maio \u2013 Princesa Isabel \u2013 por Lucivanio Jatoba.\" data-desc=\"DURANTE MINHA \u00c9POCA DO GIN\u00c1SIO TR\u00caS DE AGOSTO Comemorava-se, efusivamente, o dia 13 de maio. Havia palestra sobre a Princesa Isabel e os horrores que foi a Escravatura no Brasil. Recordo bem que algu\u00e9m recitou, em 1963, o poema extraordin\u00e1rio , de Castro Alves, O Navio Negreiro. Choramos!\" data-image=\"\" data-button=\"none\">\n\t\t\t\t\t<img src=\"\/\/www.linksalpha.com\/images\/social_share_button.png\" alt=\"Share\" class=\"linksalpha_image\" \/>\n\t\t\t\t\t<\/a><script type=\"text\/javascript\" src=\"\/\/www.linksalpha.com\/scripts\/loader_iconbox.js?v=2.4\"><\/script><\/span><\/div><p>DURANTE MINHA \u00c9POCA DO GIN\u00c1SIO TR\u00caS DE AGOSTO Comemorava-se, efusivamente, o dia 13 de maio. Havia palestra sobre a Princesa Isabel e os horrores que foi a Escravatura no Brasil. Recordo bem que algu\u00e9m recitou, em 1963, o poema extraordin\u00e1rio &hellip; <a href=\"http:\/\/www.blogdopilako.com.br\/wp\/2019\/05\/14\/13-de-maio-princesa-isabel-por-lucivanio-jatoba\/\">Continue lendo <span class=\"meta-nav\">&rarr;<\/span><\/a><\/p>\n\n\t\t\t\t<div class=\"mr_social_sharing_wrapper\">\n\t\t\t\t<!-- Social Sharing Toolkit v2.2 --><span class=\"mr_social_sharing_top\"><span style=\"display: inline-block; width: 55px; height: 62px; overflow: hidden;\"><div class=\"fb-like\" data-href=\"http:\/\/www.blogdopilako.com.br\/wp\/2019\/05\/14\/13-de-maio-princesa-isabel-por-lucivanio-jatoba\/\" data-send=\"false\" data-layout=\"box_count\" data-width=\"55\" data-show-faces=\"false\"><\/div><\/span><\/span><span class=\"mr_social_sharing_top\"><fb:share-button type=\"box_count\" href=\"http:\/\/www.blogdopilako.com.br\/wp\/2019\/05\/14\/13-de-maio-princesa-isabel-por-lucivanio-jatoba\/\"><\/fb:share-button><\/span><span class=\"mr_social_sharing\"><a rel=\"nofollow\" class=\"linksalpha_button linksalpha_link\" href=\"\/\/www.linksalpha.com\/social\/mobile\" data-url=\"http:\/\/www.blogdopilako.com.br\/wp\/2019\/05\/14\/13-de-maio-princesa-isabel-por-lucivanio-jatoba\/\" data-text=\"13 de maio \u2013 Princesa Isabel \u2013 por Lucivanio Jatoba.\" data-desc=\"DURANTE MINHA \u00c9POCA DO GIN\u00c1SIO TR\u00caS DE AGOSTO Comemorava-se, efusivamente, o dia 13 de maio. Havia palestra sobre a Princesa Isabel e os horrores que foi a Escravatura no Brasil. Recordo bem que algu\u00e9m recitou, em 1963, o poema extraordin\u00e1rio , de Castro Alves, O Navio Negreiro. Choramos!\" data-image=\"\" data-button=\"none\">\n\t\t\t\t\t<img src=\"\/\/www.linksalpha.com\/images\/social_share_button.png\" alt=\"Share\" class=\"linksalpha_image\" \/>\n\t\t\t\t\t<\/a><script type=\"text\/javascript\" src=\"\/\/www.linksalpha.com\/scripts\/loader_iconbox.js?v=2.4\"><\/script><\/span><\/div>","protected":false},"author":2,"featured_media":0,"comment_status":"open","ping_status":"open","sticky":false,"template":"","format":"standard","meta":[],"categories":[21],"tags":[],"_links":{"self":[{"href":"http:\/\/www.blogdopilako.com.br\/wp\/wp-json\/wp\/v2\/posts\/122411"}],"collection":[{"href":"http:\/\/www.blogdopilako.com.br\/wp\/wp-json\/wp\/v2\/posts"}],"about":[{"href":"http:\/\/www.blogdopilako.com.br\/wp\/wp-json\/wp\/v2\/types\/post"}],"author":[{"embeddable":true,"href":"http:\/\/www.blogdopilako.com.br\/wp\/wp-json\/wp\/v2\/users\/2"}],"replies":[{"embeddable":true,"href":"http:\/\/www.blogdopilako.com.br\/wp\/wp-json\/wp\/v2\/comments?post=122411"}],"version-history":[{"count":1,"href":"http:\/\/www.blogdopilako.com.br\/wp\/wp-json\/wp\/v2\/posts\/122411\/revisions"}],"predecessor-version":[{"id":122413,"href":"http:\/\/www.blogdopilako.com.br\/wp\/wp-json\/wp\/v2\/posts\/122411\/revisions\/122413"}],"wp:attachment":[{"href":"http:\/\/www.blogdopilako.com.br\/wp\/wp-json\/wp\/v2\/media?parent=122411"}],"wp:term":[{"taxonomy":"category","embeddable":true,"href":"http:\/\/www.blogdopilako.com.br\/wp\/wp-json\/wp\/v2\/categories?post=122411"},{"taxonomy":"post_tag","embeddable":true,"href":"http:\/\/www.blogdopilako.com.br\/wp\/wp-json\/wp\/v2\/tags?post=122411"}],"curies":[{"name":"wp","href":"https:\/\/api.w.org\/{rel}","templated":true}]}}