{"id":122331,"date":"2019-05-10T14:30:38","date_gmt":"2019-05-10T17:30:38","guid":{"rendered":"http:\/\/www.blogdopilako.com.br\/wp\/?p=122331"},"modified":"2019-05-09T16:40:41","modified_gmt":"2019-05-09T19:40:41","slug":"delegado-dos-direitos-humanos-visita-ouvidoria","status":"publish","type":"post","link":"http:\/\/www.blogdopilako.com.br\/wp\/2019\/05\/10\/delegado-dos-direitos-humanos-visita-ouvidoria\/","title":{"rendered":"DELEGADO DOS DIREITOS HUMANOS VISITA OUVIDORIA."},"content":{"rendered":"\n\t\t\t\t<div class=\"mr_social_sharing_wrapper\">\n\t\t\t\t<!-- Social Sharing Toolkit v2.2 --><span class=\"mr_social_sharing_top\"><span style=\"display: inline-block; width: 55px; height: 62px; overflow: hidden;\"><div class=\"fb-like\" data-href=\"http:\/\/www.blogdopilako.com.br\/wp\/2019\/05\/10\/delegado-dos-direitos-humanos-visita-ouvidoria\/\" data-send=\"false\" data-layout=\"box_count\" data-width=\"55\" data-show-faces=\"false\"><\/div><\/span><\/span><span class=\"mr_social_sharing_top\"><fb:share-button type=\"box_count\" href=\"http:\/\/www.blogdopilako.com.br\/wp\/2019\/05\/10\/delegado-dos-direitos-humanos-visita-ouvidoria\/\"><\/fb:share-button><\/span><span class=\"mr_social_sharing\"><a rel=\"nofollow\" class=\"linksalpha_button linksalpha_link\" href=\"\/\/www.linksalpha.com\/social\/mobile\" data-url=\"http:\/\/www.blogdopilako.com.br\/wp\/2019\/05\/10\/delegado-dos-direitos-humanos-visita-ouvidoria\/\" data-text=\"DELEGADO DOS DIREITOS HUMANOS VISITA OUVIDORIA.\" data-desc=\"O Dr. Valdemir Saturnino, Titular da Delegacia Especial dos Direitos Humanos, com sede em Piedade, Jaboat\u00e3o\u00a0dos Guararapes, acompanhado de assessores, esteve reunido com o ouvidor Wilson Brito e equipe de atendimento da Ouvidoria. Assuntos debatidos: Instala\u00e7\u00e3o de uma sucursal da delegacia\" data-image=\"http:\/\/www.blogdopilako.com.br\/wp\/wp-content\/uploads\/2019\/05\/thumbnail_SAM_3586-1024x672.jpg\" data-button=\"none\">\n\t\t\t\t\t<img src=\"\/\/www.linksalpha.com\/images\/social_share_button.png\" alt=\"Share\" class=\"linksalpha_image\" \/>\n\t\t\t\t\t<\/a><script type=\"text\/javascript\" src=\"\/\/www.linksalpha.com\/scripts\/loader_iconbox.js?v=2.4\"><\/script><\/span><\/div><p align=\"center\"><a href=\"http:\/\/www.blogdopilako.com.br\/wp\/wp-content\/uploads\/2019\/05\/thumbnail_SAM_3586.jpg\"><img loading=\"lazy\" class=\"aligncenter size-large wp-image-122332\" src=\"http:\/\/www.blogdopilako.com.br\/wp\/wp-content\/uploads\/2019\/05\/thumbnail_SAM_3586-1024x672.jpg\" alt=\"\" width=\"640\" height=\"420\" srcset=\"http:\/\/www.blogdopilako.com.br\/wp\/wp-content\/uploads\/2019\/05\/thumbnail_SAM_3586-1024x672.jpg 1024w, http:\/\/www.blogdopilako.com.br\/wp\/wp-content\/uploads\/2019\/05\/thumbnail_SAM_3586-300x197.jpg 300w, http:\/\/www.blogdopilako.com.br\/wp\/wp-content\/uploads\/2019\/05\/thumbnail_SAM_3586-768x504.jpg 768w, http:\/\/www.blogdopilako.com.br\/wp\/wp-content\/uploads\/2019\/05\/thumbnail_SAM_3586.jpg 1280w\" sizes=\"(max-width: 640px) 100vw, 640px\" \/><\/a><\/p>\n<p style=\"text-align: justify;\">O Dr. Valdemir Saturnino, Titular da Delegacia Especial dos Direitos Humanos, com sede em Piedade, Jaboat\u00e3o\u00a0dos Guararapes, acompanhado de assessores, esteve reunido com o ouvidor Wilson Brito e equipe de atendimento da Ouvidoria.<\/p>\n<p style=\"text-align: justify;\">Assuntos debatidos: Instala\u00e7\u00e3o de uma sucursal da delegacia nessa cidade, cursos de aperfei\u00e7oamento em DH para a equipe e diretores em nossa cidade, maior integra\u00e7\u00e3o com autoridades do Governo Municipal da Vit\u00f3ria, Governo do Estado, Minist\u00e9rio P\u00fablico estadual e Poder Judici\u00e1rio. Os participantes da reuni\u00e3o comemoraram a redu\u00e7\u00e3o nos \u00faltimos meses de viola\u00e7\u00f5es de direitos na grande Vit\u00f3ria de Santo Ant\u00e3o.<\/p>\n<p style=\"text-align: justify;\" align=\"center\"><b><u>REUNI\u00c3O DA COMISS\u00c3O PERMANENTE DA CIDADANIA<\/u><\/b><\/p>\n<p style=\"text-align: justify;\">Dia 03\/05\/2019, na Faculdade Novo Horizonte, sob a presid\u00eancia da Dra. Josineide Adriana, presidente executiva do Escrit\u00f3rio Vitoriense dos Direitos Humanos, ocorreu a terceira reuni\u00e3o da Comiss\u00e3o da Cidadania, composta de representantes dos Governos Municipal e Estadual e entidades da sociedade civil dessa cidade.<\/p>\n<p><a href=\"http:\/\/www.blogdopilako.com.br\/wp\/wp-content\/uploads\/2019\/05\/thumbnail_SAM_3590.jpg\"><img loading=\"lazy\" class=\"aligncenter size-large wp-image-122333\" src=\"http:\/\/www.blogdopilako.com.br\/wp\/wp-content\/uploads\/2019\/05\/thumbnail_SAM_3590-1024x585.jpg\" alt=\"\" width=\"640\" height=\"366\" srcset=\"http:\/\/www.blogdopilako.com.br\/wp\/wp-content\/uploads\/2019\/05\/thumbnail_SAM_3590-1024x585.jpg 1024w, http:\/\/www.blogdopilako.com.br\/wp\/wp-content\/uploads\/2019\/05\/thumbnail_SAM_3590-300x171.jpg 300w, http:\/\/www.blogdopilako.com.br\/wp\/wp-content\/uploads\/2019\/05\/thumbnail_SAM_3590-768x439.jpg 768w, http:\/\/www.blogdopilako.com.br\/wp\/wp-content\/uploads\/2019\/05\/thumbnail_SAM_3590.jpg 1280w\" sizes=\"(max-width: 640px) 100vw, 640px\" \/><\/a><\/p>\n<p style=\"text-align: justify;\">Cel. Paulo Targino (Secret\u00e1rio Municipal de Seguran\u00e7a Cidad\u00e3), Dra. Aline Vieira (Secret\u00e1ria Municipal de Sa\u00fade), Dr. Valdomiro Cruz (Coordenador Regional da Pastoral Carcer\u00e1ria), Sr. Orberdam da ADVISA (Associa\u00e7\u00e3o das Pessoas com Defici\u00eancia), Wilson Brito (Ouvidor dos Direitos Humanos em Vit\u00f3ria), Sr. M\u00e1rio Santos (Igrejas Evang\u00e9licas em Vit\u00f3ria), Dra. Denise Ferreira (Coordenadora do Procon Vit\u00f3ria). Por unanimidade foi decidido com registro em ata, fiscaliza\u00e7\u00e3o educativa nos \u00f4nibus urbanos que circulam na grande Vit\u00f3ria.<\/p>\n<p style=\"text-align: justify;\">Palestra sobre cidadania, com exibi\u00e7\u00e3o de filmes sobre o tema e trabalho de pesquisa alunado das escolas do curso fundamental da rede municipal, curso de capacita\u00e7\u00e3o oferecido pela Secretaria de Assist\u00eancia Social aos motoristas dos \u00f4nibus urbanos, fiscaliza\u00e7\u00e3o nas filas priorit\u00e1rias na ag\u00eancias banc\u00e1rias e casas lot\u00e9ricas.<\/p>\n<p><strong>Assessoria de Imprensa\u00a0<\/strong><\/p>\n\n\t\t\t\t<div class=\"mr_social_sharing_wrapper\">\n\t\t\t\t<!-- Social Sharing Toolkit v2.2 --><span class=\"mr_social_sharing_top\"><span style=\"display: inline-block; width: 55px; height: 62px; overflow: hidden;\"><div class=\"fb-like\" data-href=\"http:\/\/www.blogdopilako.com.br\/wp\/2019\/05\/10\/delegado-dos-direitos-humanos-visita-ouvidoria\/\" data-send=\"false\" data-layout=\"box_count\" data-width=\"55\" data-show-faces=\"false\"><\/div><\/span><\/span><span class=\"mr_social_sharing_top\"><fb:share-button type=\"box_count\" href=\"http:\/\/www.blogdopilako.com.br\/wp\/2019\/05\/10\/delegado-dos-direitos-humanos-visita-ouvidoria\/\"><\/fb:share-button><\/span><span class=\"mr_social_sharing\"><a rel=\"nofollow\" class=\"linksalpha_button linksalpha_link\" href=\"\/\/www.linksalpha.com\/social\/mobile\" data-url=\"http:\/\/www.blogdopilako.com.br\/wp\/2019\/05\/10\/delegado-dos-direitos-humanos-visita-ouvidoria\/\" data-text=\"DELEGADO DOS DIREITOS HUMANOS VISITA OUVIDORIA.\" data-desc=\"O Dr. Valdemir Saturnino, Titular da Delegacia Especial dos Direitos Humanos, com sede em Piedade, Jaboat\u00e3o\u00a0dos Guararapes, acompanhado de assessores, esteve reunido com o ouvidor Wilson Brito e equipe de atendimento da Ouvidoria. Assuntos debatidos: Instala\u00e7\u00e3o de uma sucursal da delegacia\" data-image=\"http:\/\/www.blogdopilako.com.br\/wp\/wp-content\/uploads\/2019\/05\/thumbnail_SAM_3586-1024x672.jpg\" data-button=\"none\">\n\t\t\t\t\t<img src=\"\/\/www.linksalpha.com\/images\/social_share_button.png\" alt=\"Share\" class=\"linksalpha_image\" \/>\n\t\t\t\t\t<\/a><script type=\"text\/javascript\" src=\"\/\/www.linksalpha.com\/scripts\/loader_iconbox.js?v=2.4\"><\/script><\/span><\/div>","protected":false},"excerpt":{"rendered":"\n\t\t\t\t<div class=\"mr_social_sharing_wrapper\">\n\t\t\t\t<!-- Social Sharing Toolkit v2.2 --><span class=\"mr_social_sharing_top\"><span style=\"display: inline-block; width: 55px; height: 62px; overflow: hidden;\"><div class=\"fb-like\" data-href=\"http:\/\/www.blogdopilako.com.br\/wp\/2019\/05\/10\/delegado-dos-direitos-humanos-visita-ouvidoria\/\" data-send=\"false\" data-layout=\"box_count\" data-width=\"55\" data-show-faces=\"false\"><\/div><\/span><\/span><span class=\"mr_social_sharing_top\"><fb:share-button type=\"box_count\" href=\"http:\/\/www.blogdopilako.com.br\/wp\/2019\/05\/10\/delegado-dos-direitos-humanos-visita-ouvidoria\/\"><\/fb:share-button><\/span><span class=\"mr_social_sharing\"><a rel=\"nofollow\" class=\"linksalpha_button linksalpha_link\" href=\"\/\/www.linksalpha.com\/social\/mobile\" data-url=\"http:\/\/www.blogdopilako.com.br\/wp\/2019\/05\/10\/delegado-dos-direitos-humanos-visita-ouvidoria\/\" data-text=\"DELEGADO DOS DIREITOS HUMANOS VISITA OUVIDORIA.\" data-desc=\"O Dr. Valdemir Saturnino, Titular da Delegacia Especial dos Direitos Humanos, com sede em Piedade, Jaboat\u00e3o\u00a0dos Guararapes, acompanhado de assessores, esteve reunido com o ouvidor Wilson Brito e equipe de atendimento da Ouvidoria. Assuntos debatidos: Instala\u00e7\u00e3o de uma sucursal da delegacia\" data-image=\"\" data-button=\"none\">\n\t\t\t\t\t<img src=\"\/\/www.linksalpha.com\/images\/social_share_button.png\" alt=\"Share\" class=\"linksalpha_image\" \/>\n\t\t\t\t\t<\/a><script type=\"text\/javascript\" src=\"\/\/www.linksalpha.com\/scripts\/loader_iconbox.js?v=2.4\"><\/script><\/span><\/div><p>O Dr. Valdemir Saturnino, Titular da Delegacia Especial dos Direitos Humanos, com sede em Piedade, Jaboat\u00e3o\u00a0dos Guararapes, acompanhado de assessores, esteve reunido com o ouvidor Wilson Brito e equipe de atendimento da Ouvidoria. Assuntos debatidos: Instala\u00e7\u00e3o de uma sucursal da &hellip; <a href=\"http:\/\/www.blogdopilako.com.br\/wp\/2019\/05\/10\/delegado-dos-direitos-humanos-visita-ouvidoria\/\">Continue lendo <span class=\"meta-nav\">&rarr;<\/span><\/a><\/p>\n\n\t\t\t\t<div class=\"mr_social_sharing_wrapper\">\n\t\t\t\t<!-- Social Sharing Toolkit v2.2 --><span class=\"mr_social_sharing_top\"><span style=\"display: inline-block; width: 55px; height: 62px; overflow: hidden;\"><div class=\"fb-like\" data-href=\"http:\/\/www.blogdopilako.com.br\/wp\/2019\/05\/10\/delegado-dos-direitos-humanos-visita-ouvidoria\/\" data-send=\"false\" data-layout=\"box_count\" data-width=\"55\" data-show-faces=\"false\"><\/div><\/span><\/span><span class=\"mr_social_sharing_top\"><fb:share-button type=\"box_count\" href=\"http:\/\/www.blogdopilako.com.br\/wp\/2019\/05\/10\/delegado-dos-direitos-humanos-visita-ouvidoria\/\"><\/fb:share-button><\/span><span class=\"mr_social_sharing\"><a rel=\"nofollow\" class=\"linksalpha_button linksalpha_link\" href=\"\/\/www.linksalpha.com\/social\/mobile\" data-url=\"http:\/\/www.blogdopilako.com.br\/wp\/2019\/05\/10\/delegado-dos-direitos-humanos-visita-ouvidoria\/\" data-text=\"DELEGADO DOS DIREITOS HUMANOS VISITA OUVIDORIA.\" data-desc=\"O Dr. Valdemir Saturnino, Titular da Delegacia Especial dos Direitos Humanos, com sede em Piedade, Jaboat\u00e3o\u00a0dos Guararapes, acompanhado de assessores, esteve reunido com o ouvidor Wilson Brito e equipe de atendimento da Ouvidoria. Assuntos debatidos: Instala\u00e7\u00e3o de uma sucursal da delegacia\" data-image=\"\" data-button=\"none\">\n\t\t\t\t\t<img src=\"\/\/www.linksalpha.com\/images\/social_share_button.png\" alt=\"Share\" class=\"linksalpha_image\" \/>\n\t\t\t\t\t<\/a><script type=\"text\/javascript\" src=\"\/\/www.linksalpha.com\/scripts\/loader_iconbox.js?v=2.4\"><\/script><\/span><\/div>","protected":false},"author":2,"featured_media":0,"comment_status":"open","ping_status":"open","sticky":false,"template":"","format":"standard","meta":[],"categories":[21],"tags":[],"_links":{"self":[{"href":"http:\/\/www.blogdopilako.com.br\/wp\/wp-json\/wp\/v2\/posts\/122331"}],"collection":[{"href":"http:\/\/www.blogdopilako.com.br\/wp\/wp-json\/wp\/v2\/posts"}],"about":[{"href":"http:\/\/www.blogdopilako.com.br\/wp\/wp-json\/wp\/v2\/types\/post"}],"author":[{"embeddable":true,"href":"http:\/\/www.blogdopilako.com.br\/wp\/wp-json\/wp\/v2\/users\/2"}],"replies":[{"embeddable":true,"href":"http:\/\/www.blogdopilako.com.br\/wp\/wp-json\/wp\/v2\/comments?post=122331"}],"version-history":[{"count":1,"href":"http:\/\/www.blogdopilako.com.br\/wp\/wp-json\/wp\/v2\/posts\/122331\/revisions"}],"predecessor-version":[{"id":122334,"href":"http:\/\/www.blogdopilako.com.br\/wp\/wp-json\/wp\/v2\/posts\/122331\/revisions\/122334"}],"wp:attachment":[{"href":"http:\/\/www.blogdopilako.com.br\/wp\/wp-json\/wp\/v2\/media?parent=122331"}],"wp:term":[{"taxonomy":"category","embeddable":true,"href":"http:\/\/www.blogdopilako.com.br\/wp\/wp-json\/wp\/v2\/categories?post=122331"},{"taxonomy":"post_tag","embeddable":true,"href":"http:\/\/www.blogdopilako.com.br\/wp\/wp-json\/wp\/v2\/tags?post=122331"}],"curies":[{"name":"wp","href":"https:\/\/api.w.org\/{rel}","templated":true}]}}