{"id":122328,"date":"2019-05-10T14:20:44","date_gmt":"2019-05-10T17:20:44","guid":{"rendered":"http:\/\/www.blogdopilako.com.br\/wp\/?p=122328"},"modified":"2019-05-09T16:24:52","modified_gmt":"2019-05-09T19:24:52","slug":"momento-cultural-minha-mae-nos-seus-86-anos-poema-por-julio-siqueira-4","status":"publish","type":"post","link":"http:\/\/www.blogdopilako.com.br\/wp\/2019\/05\/10\/momento-cultural-minha-mae-nos-seus-86-anos-poema-por-julio-siqueira-4\/","title":{"rendered":"Momento Cultural:  Minha m\u00e3e \u2013 nos seus 86 anos (Poema) \u2013 Por J\u00falio Siqueira"},"content":{"rendered":"\n\t\t\t\t<div class=\"mr_social_sharing_wrapper\">\n\t\t\t\t<!-- Social Sharing Toolkit v2.2 --><span class=\"mr_social_sharing_top\"><span style=\"display: inline-block; width: 55px; height: 62px; overflow: hidden;\"><div class=\"fb-like\" data-href=\"http:\/\/www.blogdopilako.com.br\/wp\/2019\/05\/10\/momento-cultural-minha-mae-nos-seus-86-anos-poema-por-julio-siqueira-4\/\" data-send=\"false\" data-layout=\"box_count\" data-width=\"55\" data-show-faces=\"false\"><\/div><\/span><\/span><span class=\"mr_social_sharing_top\"><fb:share-button type=\"box_count\" href=\"http:\/\/www.blogdopilako.com.br\/wp\/2019\/05\/10\/momento-cultural-minha-mae-nos-seus-86-anos-poema-por-julio-siqueira-4\/\"><\/fb:share-button><\/span><span class=\"mr_social_sharing\"><a rel=\"nofollow\" class=\"linksalpha_button linksalpha_link\" href=\"\/\/www.linksalpha.com\/social\/mobile\" data-url=\"http:\/\/www.blogdopilako.com.br\/wp\/2019\/05\/10\/momento-cultural-minha-mae-nos-seus-86-anos-poema-por-julio-siqueira-4\/\" data-text=\"Momento Cultural: Minha m\u00e3e \u2013 nos seus 86 anos (Poema) \u2013 Por J\u00falio Siqueira\" data-desc=\"Que feliz eu sou em poder contemplar, num \u00eaxtase de terno amor e de carinho, o rosto t\u00e3o querido, todo arminho, dessa criatura boa, \u00fanica, sem par! Amar-te? Amo-te muito. E sou vaidoso por seres minha m\u00e3e\u2026 E tanto \u00e9 assim que \u00e9 um gozo, uma alegria sem fim que proclamo a toda gente,\" data-image=\"http:\/\/www.blogdopilako.com.br\/wp\/wp-content\/uploads\/2019\/05\/julio.jpg\" data-button=\"none\">\n\t\t\t\t\t<img src=\"\/\/www.linksalpha.com\/images\/social_share_button.png\" alt=\"Share\" class=\"linksalpha_image\" \/>\n\t\t\t\t\t<\/a><script type=\"text\/javascript\" src=\"\/\/www.linksalpha.com\/scripts\/loader_iconbox.js?v=2.4\"><\/script><\/span><\/div><p><a href=\"http:\/\/www.blogdopilako.com.br\/wp\/wp-content\/uploads\/2019\/05\/julio.jpg\"><img loading=\"lazy\" class=\"aligncenter size-full wp-image-122329\" src=\"http:\/\/www.blogdopilako.com.br\/wp\/wp-content\/uploads\/2019\/05\/julio.jpg\" alt=\"\" width=\"246\" height=\"371\" srcset=\"http:\/\/www.blogdopilako.com.br\/wp\/wp-content\/uploads\/2019\/05\/julio.jpg 246w, http:\/\/www.blogdopilako.com.br\/wp\/wp-content\/uploads\/2019\/05\/julio-199x300.jpg 199w\" sizes=\"(max-width: 246px) 100vw, 246px\" \/><\/a><\/p>\n<p style=\"text-align: center;\">Que feliz eu sou em poder contemplar,<br \/>\nnum \u00eaxtase de terno amor e de carinho,<br \/>\no rosto t\u00e3o querido, todo arminho,<br \/>\ndessa criatura boa, \u00fanica, sem par!<\/p>\n<p style=\"text-align: center;\">Amar-te? Amo-te muito. E sou vaidoso<br \/>\npor seres minha m\u00e3e\u2026 E tanto \u00e9 assim<br \/>\nque \u00e9 um gozo, uma alegria sem fim<br \/>\nque proclamo a toda gente, orgulhoso!<\/p>\n<p style=\"text-align: center;\">Quero beijar-te as m\u00e3os que me aben\u00e7oam,<br \/>\nouvir-te a voz, cujas palavras ecoam<br \/>\nnum doce misto de ternura e de amor.<\/p>\n<p style=\"text-align: center;\">porque \u00e9s a mais bela das criaturas,<br \/>\ndaquelas que enchem o mundo de venturas<br \/>\namando e sorrindo em meio a pr\u00f3pria dor!<\/p>\n<p style=\"text-align: center;\"><strong>Por J\u00falio Siqueira<\/strong><\/p>\n\n\t\t\t\t<div class=\"mr_social_sharing_wrapper\">\n\t\t\t\t<!-- Social Sharing Toolkit v2.2 --><span class=\"mr_social_sharing_top\"><span style=\"display: inline-block; width: 55px; height: 62px; overflow: hidden;\"><div class=\"fb-like\" data-href=\"http:\/\/www.blogdopilako.com.br\/wp\/2019\/05\/10\/momento-cultural-minha-mae-nos-seus-86-anos-poema-por-julio-siqueira-4\/\" data-send=\"false\" data-layout=\"box_count\" data-width=\"55\" data-show-faces=\"false\"><\/div><\/span><\/span><span class=\"mr_social_sharing_top\"><fb:share-button type=\"box_count\" href=\"http:\/\/www.blogdopilako.com.br\/wp\/2019\/05\/10\/momento-cultural-minha-mae-nos-seus-86-anos-poema-por-julio-siqueira-4\/\"><\/fb:share-button><\/span><span class=\"mr_social_sharing\"><a rel=\"nofollow\" class=\"linksalpha_button linksalpha_link\" href=\"\/\/www.linksalpha.com\/social\/mobile\" data-url=\"http:\/\/www.blogdopilako.com.br\/wp\/2019\/05\/10\/momento-cultural-minha-mae-nos-seus-86-anos-poema-por-julio-siqueira-4\/\" data-text=\"Momento Cultural: Minha m\u00e3e \u2013 nos seus 86 anos (Poema) \u2013 Por J\u00falio Siqueira\" data-desc=\"Que feliz eu sou em poder contemplar, num \u00eaxtase de terno amor e de carinho, o rosto t\u00e3o querido, todo arminho, dessa criatura boa, \u00fanica, sem par! Amar-te? Amo-te muito. E sou vaidoso por seres minha m\u00e3e\u2026 E tanto \u00e9 assim que \u00e9 um gozo, uma alegria sem fim que proclamo a toda gente,\" data-image=\"http:\/\/www.blogdopilako.com.br\/wp\/wp-content\/uploads\/2019\/05\/julio.jpg\" data-button=\"none\">\n\t\t\t\t\t<img src=\"\/\/www.linksalpha.com\/images\/social_share_button.png\" alt=\"Share\" class=\"linksalpha_image\" \/>\n\t\t\t\t\t<\/a><script type=\"text\/javascript\" src=\"\/\/www.linksalpha.com\/scripts\/loader_iconbox.js?v=2.4\"><\/script><\/span><\/div>","protected":false},"excerpt":{"rendered":"\n\t\t\t\t<div class=\"mr_social_sharing_wrapper\">\n\t\t\t\t<!-- Social Sharing Toolkit v2.2 --><span class=\"mr_social_sharing_top\"><span style=\"display: inline-block; width: 55px; height: 62px; overflow: hidden;\"><div class=\"fb-like\" data-href=\"http:\/\/www.blogdopilako.com.br\/wp\/2019\/05\/10\/momento-cultural-minha-mae-nos-seus-86-anos-poema-por-julio-siqueira-4\/\" data-send=\"false\" data-layout=\"box_count\" data-width=\"55\" data-show-faces=\"false\"><\/div><\/span><\/span><span class=\"mr_social_sharing_top\"><fb:share-button type=\"box_count\" href=\"http:\/\/www.blogdopilako.com.br\/wp\/2019\/05\/10\/momento-cultural-minha-mae-nos-seus-86-anos-poema-por-julio-siqueira-4\/\"><\/fb:share-button><\/span><span class=\"mr_social_sharing\"><a rel=\"nofollow\" class=\"linksalpha_button linksalpha_link\" href=\"\/\/www.linksalpha.com\/social\/mobile\" data-url=\"http:\/\/www.blogdopilako.com.br\/wp\/2019\/05\/10\/momento-cultural-minha-mae-nos-seus-86-anos-poema-por-julio-siqueira-4\/\" data-text=\"Momento Cultural: Minha m\u00e3e \u2013 nos seus 86 anos (Poema) \u2013 Por J\u00falio Siqueira\" data-desc=\"Que feliz eu sou em poder contemplar, num \u00eaxtase de terno amor e de carinho, o rosto t\u00e3o querido, todo arminho, dessa criatura boa, \u00fanica, sem par! Amar-te? Amo-te muito. E sou vaidoso por seres minha m\u00e3e\u2026 E tanto \u00e9 assim que \u00e9 um gozo, uma alegria sem fim que proclamo a toda gente,\" data-image=\"\" data-button=\"none\">\n\t\t\t\t\t<img src=\"\/\/www.linksalpha.com\/images\/social_share_button.png\" alt=\"Share\" class=\"linksalpha_image\" \/>\n\t\t\t\t\t<\/a><script type=\"text\/javascript\" src=\"\/\/www.linksalpha.com\/scripts\/loader_iconbox.js?v=2.4\"><\/script><\/span><\/div><p>Que feliz eu sou em poder contemplar, num \u00eaxtase de terno amor e de carinho, o rosto t\u00e3o querido, todo arminho, dessa criatura boa, \u00fanica, sem par! Amar-te? Amo-te muito. E sou vaidoso por seres minha m\u00e3e\u2026 E tanto \u00e9 &hellip; <a href=\"http:\/\/www.blogdopilako.com.br\/wp\/2019\/05\/10\/momento-cultural-minha-mae-nos-seus-86-anos-poema-por-julio-siqueira-4\/\">Continue lendo <span class=\"meta-nav\">&rarr;<\/span><\/a><\/p>\n\n\t\t\t\t<div class=\"mr_social_sharing_wrapper\">\n\t\t\t\t<!-- Social Sharing Toolkit v2.2 --><span class=\"mr_social_sharing_top\"><span style=\"display: inline-block; width: 55px; height: 62px; overflow: hidden;\"><div class=\"fb-like\" data-href=\"http:\/\/www.blogdopilako.com.br\/wp\/2019\/05\/10\/momento-cultural-minha-mae-nos-seus-86-anos-poema-por-julio-siqueira-4\/\" data-send=\"false\" data-layout=\"box_count\" data-width=\"55\" data-show-faces=\"false\"><\/div><\/span><\/span><span class=\"mr_social_sharing_top\"><fb:share-button type=\"box_count\" href=\"http:\/\/www.blogdopilako.com.br\/wp\/2019\/05\/10\/momento-cultural-minha-mae-nos-seus-86-anos-poema-por-julio-siqueira-4\/\"><\/fb:share-button><\/span><span class=\"mr_social_sharing\"><a rel=\"nofollow\" class=\"linksalpha_button linksalpha_link\" href=\"\/\/www.linksalpha.com\/social\/mobile\" data-url=\"http:\/\/www.blogdopilako.com.br\/wp\/2019\/05\/10\/momento-cultural-minha-mae-nos-seus-86-anos-poema-por-julio-siqueira-4\/\" data-text=\"Momento Cultural: Minha m\u00e3e \u2013 nos seus 86 anos (Poema) \u2013 Por J\u00falio Siqueira\" data-desc=\"Que feliz eu sou em poder contemplar, num \u00eaxtase de terno amor e de carinho, o rosto t\u00e3o querido, todo arminho, dessa criatura boa, \u00fanica, sem par! Amar-te? Amo-te muito. E sou vaidoso por seres minha m\u00e3e\u2026 E tanto \u00e9 assim que \u00e9 um gozo, uma alegria sem fim que proclamo a toda gente,\" data-image=\"\" data-button=\"none\">\n\t\t\t\t\t<img src=\"\/\/www.linksalpha.com\/images\/social_share_button.png\" alt=\"Share\" class=\"linksalpha_image\" \/>\n\t\t\t\t\t<\/a><script type=\"text\/javascript\" src=\"\/\/www.linksalpha.com\/scripts\/loader_iconbox.js?v=2.4\"><\/script><\/span><\/div>","protected":false},"author":2,"featured_media":0,"comment_status":"open","ping_status":"open","sticky":false,"template":"","format":"standard","meta":[],"categories":[114],"tags":[],"_links":{"self":[{"href":"http:\/\/www.blogdopilako.com.br\/wp\/wp-json\/wp\/v2\/posts\/122328"}],"collection":[{"href":"http:\/\/www.blogdopilako.com.br\/wp\/wp-json\/wp\/v2\/posts"}],"about":[{"href":"http:\/\/www.blogdopilako.com.br\/wp\/wp-json\/wp\/v2\/types\/post"}],"author":[{"embeddable":true,"href":"http:\/\/www.blogdopilako.com.br\/wp\/wp-json\/wp\/v2\/users\/2"}],"replies":[{"embeddable":true,"href":"http:\/\/www.blogdopilako.com.br\/wp\/wp-json\/wp\/v2\/comments?post=122328"}],"version-history":[{"count":1,"href":"http:\/\/www.blogdopilako.com.br\/wp\/wp-json\/wp\/v2\/posts\/122328\/revisions"}],"predecessor-version":[{"id":122330,"href":"http:\/\/www.blogdopilako.com.br\/wp\/wp-json\/wp\/v2\/posts\/122328\/revisions\/122330"}],"wp:attachment":[{"href":"http:\/\/www.blogdopilako.com.br\/wp\/wp-json\/wp\/v2\/media?parent=122328"}],"wp:term":[{"taxonomy":"category","embeddable":true,"href":"http:\/\/www.blogdopilako.com.br\/wp\/wp-json\/wp\/v2\/categories?post=122328"},{"taxonomy":"post_tag","embeddable":true,"href":"http:\/\/www.blogdopilako.com.br\/wp\/wp-json\/wp\/v2\/tags?post=122328"}],"curies":[{"name":"wp","href":"https:\/\/api.w.org\/{rel}","templated":true}]}}