{"id":122264,"date":"2019-05-08T14:40:06","date_gmt":"2019-05-08T17:40:06","guid":{"rendered":"http:\/\/www.blogdopilako.com.br\/wp\/?p=122264"},"modified":"2019-05-08T15:52:41","modified_gmt":"2019-05-08T18:52:41","slug":"dia-das-maes-e-a-nas-oticas-diniz","status":"publish","type":"post","link":"http:\/\/www.blogdopilako.com.br\/wp\/2019\/05\/08\/dia-das-maes-e-a-nas-oticas-diniz\/","title":{"rendered":"Dia das M\u00e3es \u00e9 a nas \u00d3ticas Diniz!!!"},"content":{"rendered":"\n\t\t\t\t<div class=\"mr_social_sharing_wrapper\">\n\t\t\t\t<!-- Social Sharing Toolkit v2.2 --><span class=\"mr_social_sharing_top\"><span style=\"display: inline-block; width: 55px; height: 62px; overflow: hidden;\"><div class=\"fb-like\" data-href=\"http:\/\/www.blogdopilako.com.br\/wp\/2019\/05\/08\/dia-das-maes-e-a-nas-oticas-diniz\/\" data-send=\"false\" data-layout=\"box_count\" data-width=\"55\" data-show-faces=\"false\"><\/div><\/span><\/span><span class=\"mr_social_sharing_top\"><fb:share-button type=\"box_count\" href=\"http:\/\/www.blogdopilako.com.br\/wp\/2019\/05\/08\/dia-das-maes-e-a-nas-oticas-diniz\/\"><\/fb:share-button><\/span><span class=\"mr_social_sharing\"><a rel=\"nofollow\" class=\"linksalpha_button linksalpha_link\" href=\"\/\/www.linksalpha.com\/social\/mobile\" data-url=\"http:\/\/www.blogdopilako.com.br\/wp\/2019\/05\/08\/dia-das-maes-e-a-nas-oticas-diniz\/\" data-text=\"Dia das M\u00e3es \u00e9 a nas \u00d3ticas Diniz!!!\" data-desc=\"Sintonizada com o mercado e de olho no segundo momento mais importante do comercio \u2013 Dia das M\u00e3es \u2013 as \u00d3ticas Diniz realizaram na manh\u00e3 do s\u00e1bado (04) v\u00e1rias a\u00e7\u00f5es promocionais. Al\u00e9m da m\u00fasica ao vivo, em frente \u00e0 loja, ativistas e influenciadores nas m\u00eddias digitais marcaram\" data-image=\"http:\/\/www.blogdopilako.com.br\/wp\/wp-content\/uploads\/2019\/05\/e735a0d6-a31d-4e41-96b0-0dd7d8fb870b-1024x768.jpg\" data-button=\"none\">\n\t\t\t\t\t<img src=\"\/\/www.linksalpha.com\/images\/social_share_button.png\" alt=\"Share\" class=\"linksalpha_image\" \/>\n\t\t\t\t\t<\/a><script type=\"text\/javascript\" src=\"\/\/www.linksalpha.com\/scripts\/loader_iconbox.js?v=2.4\"><\/script><\/span><\/div><p style=\"text-align: justify;\"><a href=\"http:\/\/www.blogdopilako.com.br\/wp\/wp-content\/uploads\/2019\/05\/e735a0d6-a31d-4e41-96b0-0dd7d8fb870b.jpg\"><img loading=\"lazy\" class=\"aligncenter size-large wp-image-122265\" src=\"http:\/\/www.blogdopilako.com.br\/wp\/wp-content\/uploads\/2019\/05\/e735a0d6-a31d-4e41-96b0-0dd7d8fb870b-1024x768.jpg\" alt=\"\" width=\"640\" height=\"480\" srcset=\"http:\/\/www.blogdopilako.com.br\/wp\/wp-content\/uploads\/2019\/05\/e735a0d6-a31d-4e41-96b0-0dd7d8fb870b-1024x768.jpg 1024w, http:\/\/www.blogdopilako.com.br\/wp\/wp-content\/uploads\/2019\/05\/e735a0d6-a31d-4e41-96b0-0dd7d8fb870b-300x225.jpg 300w, http:\/\/www.blogdopilako.com.br\/wp\/wp-content\/uploads\/2019\/05\/e735a0d6-a31d-4e41-96b0-0dd7d8fb870b-768x576.jpg 768w, http:\/\/www.blogdopilako.com.br\/wp\/wp-content\/uploads\/2019\/05\/e735a0d6-a31d-4e41-96b0-0dd7d8fb870b.jpg 1280w\" sizes=\"(max-width: 640px) 100vw, 640px\" \/><\/a><strong>Sintonizada com o mercado e de olho no segundo momento mais importante do comercio \u2013 Dia das M\u00e3es \u2013 as \u00d3ticas Diniz realizaram na manh\u00e3 do s\u00e1bado (04) v\u00e1rias a\u00e7\u00f5es promocionais. Al\u00e9m da m\u00fasica ao vivo, em frente \u00e0 loja, ativistas e influenciadores nas m\u00eddias digitais marcaram presen\u00e7a para refor\u00e7ar a imagem da empresa. \u00c9 a Diniz mudando conceitos na \u201cTerra de Diogo de Braga\u201d.<\/strong><\/p>\n<p><a href=\"http:\/\/www.blogdopilako.com.br\/wp\/wp-content\/uploads\/2019\/05\/489b175b-3bdf-4ecd-bbd5-7b7eb4a0129a-1.jpg\"><img loading=\"lazy\" class=\"aligncenter size-large wp-image-122267\" src=\"http:\/\/www.blogdopilako.com.br\/wp\/wp-content\/uploads\/2019\/05\/489b175b-3bdf-4ecd-bbd5-7b7eb4a0129a-1-1024x768.jpg\" alt=\"\" width=\"640\" height=\"480\" srcset=\"http:\/\/www.blogdopilako.com.br\/wp\/wp-content\/uploads\/2019\/05\/489b175b-3bdf-4ecd-bbd5-7b7eb4a0129a-1-1024x768.jpg 1024w, http:\/\/www.blogdopilako.com.br\/wp\/wp-content\/uploads\/2019\/05\/489b175b-3bdf-4ecd-bbd5-7b7eb4a0129a-1-300x225.jpg 300w, http:\/\/www.blogdopilako.com.br\/wp\/wp-content\/uploads\/2019\/05\/489b175b-3bdf-4ecd-bbd5-7b7eb4a0129a-1-768x576.jpg 768w, http:\/\/www.blogdopilako.com.br\/wp\/wp-content\/uploads\/2019\/05\/489b175b-3bdf-4ecd-bbd5-7b7eb4a0129a-1.jpg 1280w\" sizes=\"(max-width: 640px) 100vw, 640px\" \/><\/a><\/p>\n<p><a href=\"http:\/\/www.blogdopilako.com.br\/wp\/wp-content\/uploads\/2019\/05\/144403be-9be8-43d9-baab-dffef2f25c84.jpg\"><img loading=\"lazy\" class=\"aligncenter size-large wp-image-122268\" src=\"http:\/\/www.blogdopilako.com.br\/wp\/wp-content\/uploads\/2019\/05\/144403be-9be8-43d9-baab-dffef2f25c84-1024x768.jpg\" alt=\"\" width=\"640\" height=\"480\" srcset=\"http:\/\/www.blogdopilako.com.br\/wp\/wp-content\/uploads\/2019\/05\/144403be-9be8-43d9-baab-dffef2f25c84-1024x768.jpg 1024w, http:\/\/www.blogdopilako.com.br\/wp\/wp-content\/uploads\/2019\/05\/144403be-9be8-43d9-baab-dffef2f25c84-300x225.jpg 300w, http:\/\/www.blogdopilako.com.br\/wp\/wp-content\/uploads\/2019\/05\/144403be-9be8-43d9-baab-dffef2f25c84-768x576.jpg 768w, http:\/\/www.blogdopilako.com.br\/wp\/wp-content\/uploads\/2019\/05\/144403be-9be8-43d9-baab-dffef2f25c84.jpg 1280w\" sizes=\"(max-width: 640px) 100vw, 640px\" \/><\/a><\/p>\n\n\t\t\t\t<div class=\"mr_social_sharing_wrapper\">\n\t\t\t\t<!-- Social Sharing Toolkit v2.2 --><span class=\"mr_social_sharing_top\"><span style=\"display: inline-block; width: 55px; height: 62px; overflow: hidden;\"><div class=\"fb-like\" data-href=\"http:\/\/www.blogdopilako.com.br\/wp\/2019\/05\/08\/dia-das-maes-e-a-nas-oticas-diniz\/\" data-send=\"false\" data-layout=\"box_count\" data-width=\"55\" data-show-faces=\"false\"><\/div><\/span><\/span><span class=\"mr_social_sharing_top\"><fb:share-button type=\"box_count\" href=\"http:\/\/www.blogdopilako.com.br\/wp\/2019\/05\/08\/dia-das-maes-e-a-nas-oticas-diniz\/\"><\/fb:share-button><\/span><span class=\"mr_social_sharing\"><a rel=\"nofollow\" class=\"linksalpha_button linksalpha_link\" href=\"\/\/www.linksalpha.com\/social\/mobile\" data-url=\"http:\/\/www.blogdopilako.com.br\/wp\/2019\/05\/08\/dia-das-maes-e-a-nas-oticas-diniz\/\" data-text=\"Dia das M\u00e3es \u00e9 a nas \u00d3ticas Diniz!!!\" data-desc=\"Sintonizada com o mercado e de olho no segundo momento mais importante do comercio \u2013 Dia das M\u00e3es \u2013 as \u00d3ticas Diniz realizaram na manh\u00e3 do s\u00e1bado (04) v\u00e1rias a\u00e7\u00f5es promocionais. Al\u00e9m da m\u00fasica ao vivo, em frente \u00e0 loja, ativistas e influenciadores nas m\u00eddias digitais marcaram\" data-image=\"http:\/\/www.blogdopilako.com.br\/wp\/wp-content\/uploads\/2019\/05\/e735a0d6-a31d-4e41-96b0-0dd7d8fb870b-1024x768.jpg\" data-button=\"none\">\n\t\t\t\t\t<img src=\"\/\/www.linksalpha.com\/images\/social_share_button.png\" alt=\"Share\" class=\"linksalpha_image\" \/>\n\t\t\t\t\t<\/a><script type=\"text\/javascript\" src=\"\/\/www.linksalpha.com\/scripts\/loader_iconbox.js?v=2.4\"><\/script><\/span><\/div>","protected":false},"excerpt":{"rendered":"\n\t\t\t\t<div class=\"mr_social_sharing_wrapper\">\n\t\t\t\t<!-- Social Sharing Toolkit v2.2 --><span class=\"mr_social_sharing_top\"><span style=\"display: inline-block; width: 55px; height: 62px; overflow: hidden;\"><div class=\"fb-like\" data-href=\"http:\/\/www.blogdopilako.com.br\/wp\/2019\/05\/08\/dia-das-maes-e-a-nas-oticas-diniz\/\" data-send=\"false\" data-layout=\"box_count\" data-width=\"55\" data-show-faces=\"false\"><\/div><\/span><\/span><span class=\"mr_social_sharing_top\"><fb:share-button type=\"box_count\" href=\"http:\/\/www.blogdopilako.com.br\/wp\/2019\/05\/08\/dia-das-maes-e-a-nas-oticas-diniz\/\"><\/fb:share-button><\/span><span class=\"mr_social_sharing\"><a rel=\"nofollow\" class=\"linksalpha_button linksalpha_link\" href=\"\/\/www.linksalpha.com\/social\/mobile\" data-url=\"http:\/\/www.blogdopilako.com.br\/wp\/2019\/05\/08\/dia-das-maes-e-a-nas-oticas-diniz\/\" data-text=\"Dia das M\u00e3es \u00e9 a nas \u00d3ticas Diniz!!!\" data-desc=\"Sintonizada com o mercado e de olho no segundo momento mais importante do comercio \u2013 Dia das M\u00e3es \u2013 as \u00d3ticas Diniz realizaram na manh\u00e3 do s\u00e1bado (04) v\u00e1rias a\u00e7\u00f5es promocionais. Al\u00e9m da m\u00fasica ao vivo, em frente \u00e0 loja, ativistas e influenciadores nas m\u00eddias digitais marcaram\" data-image=\"\" data-button=\"none\">\n\t\t\t\t\t<img src=\"\/\/www.linksalpha.com\/images\/social_share_button.png\" alt=\"Share\" class=\"linksalpha_image\" \/>\n\t\t\t\t\t<\/a><script type=\"text\/javascript\" src=\"\/\/www.linksalpha.com\/scripts\/loader_iconbox.js?v=2.4\"><\/script><\/span><\/div><p>Sintonizada com o mercado e de olho no segundo momento mais importante do comercio \u2013 Dia das M\u00e3es \u2013 as \u00d3ticas Diniz realizaram na manh\u00e3 do s\u00e1bado (04) v\u00e1rias a\u00e7\u00f5es promocionais. Al\u00e9m da m\u00fasica ao vivo, em frente \u00e0 loja, &hellip; <a href=\"http:\/\/www.blogdopilako.com.br\/wp\/2019\/05\/08\/dia-das-maes-e-a-nas-oticas-diniz\/\">Continue lendo <span class=\"meta-nav\">&rarr;<\/span><\/a><\/p>\n\n\t\t\t\t<div class=\"mr_social_sharing_wrapper\">\n\t\t\t\t<!-- Social Sharing Toolkit v2.2 --><span class=\"mr_social_sharing_top\"><span style=\"display: inline-block; width: 55px; height: 62px; overflow: hidden;\"><div class=\"fb-like\" data-href=\"http:\/\/www.blogdopilako.com.br\/wp\/2019\/05\/08\/dia-das-maes-e-a-nas-oticas-diniz\/\" data-send=\"false\" data-layout=\"box_count\" data-width=\"55\" data-show-faces=\"false\"><\/div><\/span><\/span><span class=\"mr_social_sharing_top\"><fb:share-button type=\"box_count\" href=\"http:\/\/www.blogdopilako.com.br\/wp\/2019\/05\/08\/dia-das-maes-e-a-nas-oticas-diniz\/\"><\/fb:share-button><\/span><span class=\"mr_social_sharing\"><a rel=\"nofollow\" class=\"linksalpha_button linksalpha_link\" href=\"\/\/www.linksalpha.com\/social\/mobile\" data-url=\"http:\/\/www.blogdopilako.com.br\/wp\/2019\/05\/08\/dia-das-maes-e-a-nas-oticas-diniz\/\" data-text=\"Dia das M\u00e3es \u00e9 a nas \u00d3ticas Diniz!!!\" data-desc=\"Sintonizada com o mercado e de olho no segundo momento mais importante do comercio \u2013 Dia das M\u00e3es \u2013 as \u00d3ticas Diniz realizaram na manh\u00e3 do s\u00e1bado (04) v\u00e1rias a\u00e7\u00f5es promocionais. Al\u00e9m da m\u00fasica ao vivo, em frente \u00e0 loja, ativistas e influenciadores nas m\u00eddias digitais marcaram\" data-image=\"\" data-button=\"none\">\n\t\t\t\t\t<img src=\"\/\/www.linksalpha.com\/images\/social_share_button.png\" alt=\"Share\" class=\"linksalpha_image\" \/>\n\t\t\t\t\t<\/a><script type=\"text\/javascript\" src=\"\/\/www.linksalpha.com\/scripts\/loader_iconbox.js?v=2.4\"><\/script><\/span><\/div>","protected":false},"author":2,"featured_media":0,"comment_status":"open","ping_status":"open","sticky":false,"template":"","format":"standard","meta":[],"categories":[21],"tags":[],"_links":{"self":[{"href":"http:\/\/www.blogdopilako.com.br\/wp\/wp-json\/wp\/v2\/posts\/122264"}],"collection":[{"href":"http:\/\/www.blogdopilako.com.br\/wp\/wp-json\/wp\/v2\/posts"}],"about":[{"href":"http:\/\/www.blogdopilako.com.br\/wp\/wp-json\/wp\/v2\/types\/post"}],"author":[{"embeddable":true,"href":"http:\/\/www.blogdopilako.com.br\/wp\/wp-json\/wp\/v2\/users\/2"}],"replies":[{"embeddable":true,"href":"http:\/\/www.blogdopilako.com.br\/wp\/wp-json\/wp\/v2\/comments?post=122264"}],"version-history":[{"count":2,"href":"http:\/\/www.blogdopilako.com.br\/wp\/wp-json\/wp\/v2\/posts\/122264\/revisions"}],"predecessor-version":[{"id":122277,"href":"http:\/\/www.blogdopilako.com.br\/wp\/wp-json\/wp\/v2\/posts\/122264\/revisions\/122277"}],"wp:attachment":[{"href":"http:\/\/www.blogdopilako.com.br\/wp\/wp-json\/wp\/v2\/media?parent=122264"}],"wp:term":[{"taxonomy":"category","embeddable":true,"href":"http:\/\/www.blogdopilako.com.br\/wp\/wp-json\/wp\/v2\/categories?post=122264"},{"taxonomy":"post_tag","embeddable":true,"href":"http:\/\/www.blogdopilako.com.br\/wp\/wp-json\/wp\/v2\/tags?post=122264"}],"curies":[{"name":"wp","href":"https:\/\/api.w.org\/{rel}","templated":true}]}}