{"id":122257,"date":"2019-05-08T14:20:19","date_gmt":"2019-05-08T17:20:19","guid":{"rendered":"http:\/\/www.blogdopilako.com.br\/wp\/?p=122257"},"modified":"2019-05-08T11:26:14","modified_gmt":"2019-05-08T14:26:14","slug":"momento-cultural-negro-por-henrique-de-holanda-17","status":"publish","type":"post","link":"http:\/\/www.blogdopilako.com.br\/wp\/2019\/05\/08\/momento-cultural-negro-por-henrique-de-holanda-17\/","title":{"rendered":"Momento Cultural: Negro \u2013 por Henrique de Holanda."},"content":{"rendered":"\n\t\t\t\t<div class=\"mr_social_sharing_wrapper\">\n\t\t\t\t<!-- Social Sharing Toolkit v2.2 --><span class=\"mr_social_sharing_top\"><span style=\"display: inline-block; width: 55px; height: 62px; overflow: hidden;\"><div class=\"fb-like\" data-href=\"http:\/\/www.blogdopilako.com.br\/wp\/2019\/05\/08\/momento-cultural-negro-por-henrique-de-holanda-17\/\" data-send=\"false\" data-layout=\"box_count\" data-width=\"55\" data-show-faces=\"false\"><\/div><\/span><\/span><span class=\"mr_social_sharing_top\"><fb:share-button type=\"box_count\" href=\"http:\/\/www.blogdopilako.com.br\/wp\/2019\/05\/08\/momento-cultural-negro-por-henrique-de-holanda-17\/\"><\/fb:share-button><\/span><span class=\"mr_social_sharing\"><a rel=\"nofollow\" class=\"linksalpha_button linksalpha_link\" href=\"\/\/www.linksalpha.com\/social\/mobile\" data-url=\"http:\/\/www.blogdopilako.com.br\/wp\/2019\/05\/08\/momento-cultural-negro-por-henrique-de-holanda-17\/\" data-text=\"Momento Cultural: Negro \u2013 por Henrique de Holanda.\" data-desc=\"Homem negro: se o sol \u2013 nessa ansiedade bruta de quem quer e n\u00e3o pode, \u2013 o teu corpo procura, com o instinto cruel de te vender na luta, a queimar, ainda mais, a tua pele escura\u2026 Se resistes ao sol, nessa heroica disputa, fertilizando a terra est\u00e9ril, seca e dura, esta cor a tingir a tua\" data-image=\"http:\/\/www.blogdopilako.com.br\/wp\/wp-content\/uploads\/2019\/05\/Henrique-de-Holanda-Cavalcanti-31.jpg\" data-button=\"none\">\n\t\t\t\t\t<img src=\"\/\/www.linksalpha.com\/images\/social_share_button.png\" alt=\"Share\" class=\"linksalpha_image\" \/>\n\t\t\t\t\t<\/a><script type=\"text\/javascript\" src=\"\/\/www.linksalpha.com\/scripts\/loader_iconbox.js?v=2.4\"><\/script><\/span><\/div><p><a href=\"http:\/\/www.blogdopilako.com.br\/wp\/wp-content\/uploads\/2019\/05\/Henrique-de-Holanda-Cavalcanti-31.jpg\"><img loading=\"lazy\" class=\"aligncenter size-full wp-image-122258\" src=\"http:\/\/www.blogdopilako.com.br\/wp\/wp-content\/uploads\/2019\/05\/Henrique-de-Holanda-Cavalcanti-31.jpg\" alt=\"\" width=\"300\" height=\"376\" srcset=\"http:\/\/www.blogdopilako.com.br\/wp\/wp-content\/uploads\/2019\/05\/Henrique-de-Holanda-Cavalcanti-31.jpg 300w, http:\/\/www.blogdopilako.com.br\/wp\/wp-content\/uploads\/2019\/05\/Henrique-de-Holanda-Cavalcanti-31-239x300.jpg 239w\" sizes=\"(max-width: 300px) 100vw, 300px\" \/><\/a><\/p>\n<p style=\"text-align: center;\">Homem negro: se o sol \u2013 nessa ansiedade bruta<br \/>\nde quem quer e n\u00e3o pode, \u2013 o teu corpo procura,<br \/>\ncom o instinto cruel de te vender na luta,<br \/>\na queimar, ainda mais, a tua pele escura\u2026<\/p>\n<p style=\"text-align: center;\">Se resistes ao sol, nessa heroica disputa,<br \/>\nfertilizando a terra est\u00e9ril, seca e dura,<br \/>\nesta cor a tingir a tua carne impoluta<br \/>\n\u00e9 a rija encrusta\u00e7\u00e3o de tua rude bravura.<\/p>\n<p style=\"text-align: center;\">Nem o branco encoraja e nem o negro assombra.<br \/>\nTanto nos vale a luz, quanto nos vale a sombra.<br \/>\nDesta cor morrer\u00e1s e morrer\u00e1s exangue<\/p>\n<p style=\"text-align: center;\">na luta, que nos d\u00e1, pelo teu maior gosto,<br \/>\na flor que floresceu do suor do teu rosto,<br \/>\ne o fruto que nasceu do vigor do teu sangue!\u2026<\/p>\n<p style=\"text-align: center;\">(Muitas rosas sobre o ch\u00e3o \u2013 Henrique de Holanda \u2013 p\u00e1g. 23).<\/p>\n\n\t\t\t\t<div class=\"mr_social_sharing_wrapper\">\n\t\t\t\t<!-- Social Sharing Toolkit v2.2 --><span class=\"mr_social_sharing_top\"><span style=\"display: inline-block; width: 55px; height: 62px; overflow: hidden;\"><div class=\"fb-like\" data-href=\"http:\/\/www.blogdopilako.com.br\/wp\/2019\/05\/08\/momento-cultural-negro-por-henrique-de-holanda-17\/\" data-send=\"false\" data-layout=\"box_count\" data-width=\"55\" data-show-faces=\"false\"><\/div><\/span><\/span><span class=\"mr_social_sharing_top\"><fb:share-button type=\"box_count\" href=\"http:\/\/www.blogdopilako.com.br\/wp\/2019\/05\/08\/momento-cultural-negro-por-henrique-de-holanda-17\/\"><\/fb:share-button><\/span><span class=\"mr_social_sharing\"><a rel=\"nofollow\" class=\"linksalpha_button linksalpha_link\" href=\"\/\/www.linksalpha.com\/social\/mobile\" data-url=\"http:\/\/www.blogdopilako.com.br\/wp\/2019\/05\/08\/momento-cultural-negro-por-henrique-de-holanda-17\/\" data-text=\"Momento Cultural: Negro \u2013 por Henrique de Holanda.\" data-desc=\"Homem negro: se o sol \u2013 nessa ansiedade bruta de quem quer e n\u00e3o pode, \u2013 o teu corpo procura, com o instinto cruel de te vender na luta, a queimar, ainda mais, a tua pele escura\u2026 Se resistes ao sol, nessa heroica disputa, fertilizando a terra est\u00e9ril, seca e dura, esta cor a tingir a tua\" data-image=\"http:\/\/www.blogdopilako.com.br\/wp\/wp-content\/uploads\/2019\/05\/Henrique-de-Holanda-Cavalcanti-31.jpg\" data-button=\"none\">\n\t\t\t\t\t<img src=\"\/\/www.linksalpha.com\/images\/social_share_button.png\" alt=\"Share\" class=\"linksalpha_image\" \/>\n\t\t\t\t\t<\/a><script type=\"text\/javascript\" src=\"\/\/www.linksalpha.com\/scripts\/loader_iconbox.js?v=2.4\"><\/script><\/span><\/div>","protected":false},"excerpt":{"rendered":"\n\t\t\t\t<div class=\"mr_social_sharing_wrapper\">\n\t\t\t\t<!-- Social Sharing Toolkit v2.2 --><span class=\"mr_social_sharing_top\"><span style=\"display: inline-block; width: 55px; height: 62px; overflow: hidden;\"><div class=\"fb-like\" data-href=\"http:\/\/www.blogdopilako.com.br\/wp\/2019\/05\/08\/momento-cultural-negro-por-henrique-de-holanda-17\/\" data-send=\"false\" data-layout=\"box_count\" data-width=\"55\" data-show-faces=\"false\"><\/div><\/span><\/span><span class=\"mr_social_sharing_top\"><fb:share-button type=\"box_count\" href=\"http:\/\/www.blogdopilako.com.br\/wp\/2019\/05\/08\/momento-cultural-negro-por-henrique-de-holanda-17\/\"><\/fb:share-button><\/span><span class=\"mr_social_sharing\"><a rel=\"nofollow\" class=\"linksalpha_button linksalpha_link\" href=\"\/\/www.linksalpha.com\/social\/mobile\" data-url=\"http:\/\/www.blogdopilako.com.br\/wp\/2019\/05\/08\/momento-cultural-negro-por-henrique-de-holanda-17\/\" data-text=\"Momento Cultural: Negro \u2013 por Henrique de Holanda.\" data-desc=\"Homem negro: se o sol \u2013 nessa ansiedade bruta de quem quer e n\u00e3o pode, \u2013 o teu corpo procura, com o instinto cruel de te vender na luta, a queimar, ainda mais, a tua pele escura\u2026 Se resistes ao sol, nessa heroica disputa, fertilizando a terra est\u00e9ril, seca e dura, esta cor a tingir a tua\" data-image=\"\" data-button=\"none\">\n\t\t\t\t\t<img src=\"\/\/www.linksalpha.com\/images\/social_share_button.png\" alt=\"Share\" class=\"linksalpha_image\" \/>\n\t\t\t\t\t<\/a><script type=\"text\/javascript\" src=\"\/\/www.linksalpha.com\/scripts\/loader_iconbox.js?v=2.4\"><\/script><\/span><\/div><p>Homem negro: se o sol \u2013 nessa ansiedade bruta de quem quer e n\u00e3o pode, \u2013 o teu corpo procura, com o instinto cruel de te vender na luta, a queimar, ainda mais, a tua pele escura\u2026 Se resistes ao &hellip; <a href=\"http:\/\/www.blogdopilako.com.br\/wp\/2019\/05\/08\/momento-cultural-negro-por-henrique-de-holanda-17\/\">Continue lendo <span class=\"meta-nav\">&rarr;<\/span><\/a><\/p>\n\n\t\t\t\t<div class=\"mr_social_sharing_wrapper\">\n\t\t\t\t<!-- Social Sharing Toolkit v2.2 --><span class=\"mr_social_sharing_top\"><span style=\"display: inline-block; width: 55px; height: 62px; overflow: hidden;\"><div class=\"fb-like\" data-href=\"http:\/\/www.blogdopilako.com.br\/wp\/2019\/05\/08\/momento-cultural-negro-por-henrique-de-holanda-17\/\" data-send=\"false\" data-layout=\"box_count\" data-width=\"55\" data-show-faces=\"false\"><\/div><\/span><\/span><span class=\"mr_social_sharing_top\"><fb:share-button type=\"box_count\" href=\"http:\/\/www.blogdopilako.com.br\/wp\/2019\/05\/08\/momento-cultural-negro-por-henrique-de-holanda-17\/\"><\/fb:share-button><\/span><span class=\"mr_social_sharing\"><a rel=\"nofollow\" class=\"linksalpha_button linksalpha_link\" href=\"\/\/www.linksalpha.com\/social\/mobile\" data-url=\"http:\/\/www.blogdopilako.com.br\/wp\/2019\/05\/08\/momento-cultural-negro-por-henrique-de-holanda-17\/\" data-text=\"Momento Cultural: Negro \u2013 por Henrique de Holanda.\" data-desc=\"Homem negro: se o sol \u2013 nessa ansiedade bruta de quem quer e n\u00e3o pode, \u2013 o teu corpo procura, com o instinto cruel de te vender na luta, a queimar, ainda mais, a tua pele escura\u2026 Se resistes ao sol, nessa heroica disputa, fertilizando a terra est\u00e9ril, seca e dura, esta cor a tingir a tua\" data-image=\"\" data-button=\"none\">\n\t\t\t\t\t<img src=\"\/\/www.linksalpha.com\/images\/social_share_button.png\" alt=\"Share\" class=\"linksalpha_image\" \/>\n\t\t\t\t\t<\/a><script type=\"text\/javascript\" src=\"\/\/www.linksalpha.com\/scripts\/loader_iconbox.js?v=2.4\"><\/script><\/span><\/div>","protected":false},"author":2,"featured_media":0,"comment_status":"open","ping_status":"open","sticky":false,"template":"","format":"standard","meta":[],"categories":[114],"tags":[],"_links":{"self":[{"href":"http:\/\/www.blogdopilako.com.br\/wp\/wp-json\/wp\/v2\/posts\/122257"}],"collection":[{"href":"http:\/\/www.blogdopilako.com.br\/wp\/wp-json\/wp\/v2\/posts"}],"about":[{"href":"http:\/\/www.blogdopilako.com.br\/wp\/wp-json\/wp\/v2\/types\/post"}],"author":[{"embeddable":true,"href":"http:\/\/www.blogdopilako.com.br\/wp\/wp-json\/wp\/v2\/users\/2"}],"replies":[{"embeddable":true,"href":"http:\/\/www.blogdopilako.com.br\/wp\/wp-json\/wp\/v2\/comments?post=122257"}],"version-history":[{"count":1,"href":"http:\/\/www.blogdopilako.com.br\/wp\/wp-json\/wp\/v2\/posts\/122257\/revisions"}],"predecessor-version":[{"id":122259,"href":"http:\/\/www.blogdopilako.com.br\/wp\/wp-json\/wp\/v2\/posts\/122257\/revisions\/122259"}],"wp:attachment":[{"href":"http:\/\/www.blogdopilako.com.br\/wp\/wp-json\/wp\/v2\/media?parent=122257"}],"wp:term":[{"taxonomy":"category","embeddable":true,"href":"http:\/\/www.blogdopilako.com.br\/wp\/wp-json\/wp\/v2\/categories?post=122257"},{"taxonomy":"post_tag","embeddable":true,"href":"http:\/\/www.blogdopilako.com.br\/wp\/wp-json\/wp\/v2\/tags?post=122257"}],"curies":[{"name":"wp","href":"https:\/\/api.w.org\/{rel}","templated":true}]}}