{"id":122254,"date":"2019-05-08T14:10:50","date_gmt":"2019-05-08T17:10:50","guid":{"rendered":"http:\/\/www.blogdopilako.com.br\/wp\/?p=122254"},"modified":"2019-05-08T12:31:20","modified_gmt":"2019-05-08T15:31:20","slug":"momento-vitoria-park-shopping-777","status":"publish","type":"post","link":"http:\/\/www.blogdopilako.com.br\/wp\/2019\/05\/08\/momento-vitoria-park-shopping-777\/","title":{"rendered":"Momento Vit\u00f3ria Park Shopping"},"content":{"rendered":"\n\t\t\t\t<div class=\"mr_social_sharing_wrapper\">\n\t\t\t\t<!-- Social Sharing Toolkit v2.2 --><span class=\"mr_social_sharing_top\"><span style=\"display: inline-block; width: 55px; height: 62px; overflow: hidden;\"><div class=\"fb-like\" data-href=\"http:\/\/www.blogdopilako.com.br\/wp\/2019\/05\/08\/momento-vitoria-park-shopping-777\/\" data-send=\"false\" data-layout=\"box_count\" data-width=\"55\" data-show-faces=\"false\"><\/div><\/span><\/span><span class=\"mr_social_sharing_top\"><fb:share-button type=\"box_count\" href=\"http:\/\/www.blogdopilako.com.br\/wp\/2019\/05\/08\/momento-vitoria-park-shopping-777\/\"><\/fb:share-button><\/span><span class=\"mr_social_sharing\"><a rel=\"nofollow\" class=\"linksalpha_button linksalpha_link\" href=\"\/\/www.linksalpha.com\/social\/mobile\" data-url=\"http:\/\/www.blogdopilako.com.br\/wp\/2019\/05\/08\/momento-vitoria-park-shopping-777\/\" data-text=\"Momento Vit\u00f3ria Park Shopping\" data-desc=\"O super evento Alegria de M\u00e3e do Vit\u00f3ria Park Shopping n\u00e3o ir\u00e1 somente relaxar, mas tamb\u00e9m agitar e animar seu m\u00eas com a sess\u00e3o Pra Dan\u00e7ar que contar\u00e1 com: Apresenta\u00e7\u00e3o de Augusto Cesar, e Apresenta\u00e7\u00e3o de Vitor Lins! Bom \u00e9 estar junto do amor de m\u00e3e! *Evento Gratuito\" data-image=\"http:\/\/www.blogdopilako.com.br\/wp\/wp-content\/uploads\/2019\/05\/59826337_1281470195337235_7335323487482937344_n.jpg\" data-button=\"none\">\n\t\t\t\t\t<img src=\"\/\/www.linksalpha.com\/images\/social_share_button.png\" alt=\"Share\" class=\"linksalpha_image\" \/>\n\t\t\t\t\t<\/a><script type=\"text\/javascript\" src=\"\/\/www.linksalpha.com\/scripts\/loader_iconbox.js?v=2.4\"><\/script><\/span><\/div><p style=\"text-align: justify;\"><strong>O super evento Alegria de M\u00e3e do Vit\u00f3ria Park Shopping n\u00e3o ir\u00e1 somente relaxar, mas tamb\u00e9m agitar e animar seu m\u00eas com a sess\u00e3o Pra Dan\u00e7ar que contar\u00e1 com: Apresenta\u00e7\u00e3o de Augusto Cesar, e Apresenta\u00e7\u00e3o de Vitor Lins! Bom \u00e9 estar junto do amor de m\u00e3e! <\/strong><strong>*Evento Gratuito<\/strong><\/p>\n<p><a href=\"http:\/\/www.blogdopilako.com.br\/wp\/wp-content\/uploads\/2019\/05\/59826337_1281470195337235_7335323487482937344_n.jpg\"><img loading=\"lazy\" class=\"aligncenter size-full wp-image-122255\" src=\"http:\/\/www.blogdopilako.com.br\/wp\/wp-content\/uploads\/2019\/05\/59826337_1281470195337235_7335323487482937344_n.jpg\" alt=\"\" width=\"960\" height=\"960\" srcset=\"http:\/\/www.blogdopilako.com.br\/wp\/wp-content\/uploads\/2019\/05\/59826337_1281470195337235_7335323487482937344_n.jpg 960w, http:\/\/www.blogdopilako.com.br\/wp\/wp-content\/uploads\/2019\/05\/59826337_1281470195337235_7335323487482937344_n-150x150.jpg 150w, http:\/\/www.blogdopilako.com.br\/wp\/wp-content\/uploads\/2019\/05\/59826337_1281470195337235_7335323487482937344_n-300x300.jpg 300w, http:\/\/www.blogdopilako.com.br\/wp\/wp-content\/uploads\/2019\/05\/59826337_1281470195337235_7335323487482937344_n-768x768.jpg 768w\" sizes=\"(max-width: 960px) 100vw, 960px\" \/><\/a><\/p>\n\n\t\t\t\t<div class=\"mr_social_sharing_wrapper\">\n\t\t\t\t<!-- Social Sharing Toolkit v2.2 --><span class=\"mr_social_sharing_top\"><span style=\"display: inline-block; width: 55px; height: 62px; overflow: hidden;\"><div class=\"fb-like\" data-href=\"http:\/\/www.blogdopilako.com.br\/wp\/2019\/05\/08\/momento-vitoria-park-shopping-777\/\" data-send=\"false\" data-layout=\"box_count\" data-width=\"55\" data-show-faces=\"false\"><\/div><\/span><\/span><span class=\"mr_social_sharing_top\"><fb:share-button type=\"box_count\" href=\"http:\/\/www.blogdopilako.com.br\/wp\/2019\/05\/08\/momento-vitoria-park-shopping-777\/\"><\/fb:share-button><\/span><span class=\"mr_social_sharing\"><a rel=\"nofollow\" class=\"linksalpha_button linksalpha_link\" href=\"\/\/www.linksalpha.com\/social\/mobile\" data-url=\"http:\/\/www.blogdopilako.com.br\/wp\/2019\/05\/08\/momento-vitoria-park-shopping-777\/\" data-text=\"Momento Vit\u00f3ria Park Shopping\" data-desc=\"O super evento Alegria de M\u00e3e do Vit\u00f3ria Park Shopping n\u00e3o ir\u00e1 somente relaxar, mas tamb\u00e9m agitar e animar seu m\u00eas com a sess\u00e3o Pra Dan\u00e7ar que contar\u00e1 com: Apresenta\u00e7\u00e3o de Augusto Cesar, e Apresenta\u00e7\u00e3o de Vitor Lins! Bom \u00e9 estar junto do amor de m\u00e3e! *Evento Gratuito\" data-image=\"http:\/\/www.blogdopilako.com.br\/wp\/wp-content\/uploads\/2019\/05\/59826337_1281470195337235_7335323487482937344_n.jpg\" data-button=\"none\">\n\t\t\t\t\t<img src=\"\/\/www.linksalpha.com\/images\/social_share_button.png\" alt=\"Share\" class=\"linksalpha_image\" \/>\n\t\t\t\t\t<\/a><script type=\"text\/javascript\" src=\"\/\/www.linksalpha.com\/scripts\/loader_iconbox.js?v=2.4\"><\/script><\/span><\/div>","protected":false},"excerpt":{"rendered":"\n\t\t\t\t<div class=\"mr_social_sharing_wrapper\">\n\t\t\t\t<!-- Social Sharing Toolkit v2.2 --><span class=\"mr_social_sharing_top\"><span style=\"display: inline-block; width: 55px; height: 62px; overflow: hidden;\"><div class=\"fb-like\" data-href=\"http:\/\/www.blogdopilako.com.br\/wp\/2019\/05\/08\/momento-vitoria-park-shopping-777\/\" data-send=\"false\" data-layout=\"box_count\" data-width=\"55\" data-show-faces=\"false\"><\/div><\/span><\/span><span class=\"mr_social_sharing_top\"><fb:share-button type=\"box_count\" href=\"http:\/\/www.blogdopilako.com.br\/wp\/2019\/05\/08\/momento-vitoria-park-shopping-777\/\"><\/fb:share-button><\/span><span class=\"mr_social_sharing\"><a rel=\"nofollow\" class=\"linksalpha_button linksalpha_link\" href=\"\/\/www.linksalpha.com\/social\/mobile\" data-url=\"http:\/\/www.blogdopilako.com.br\/wp\/2019\/05\/08\/momento-vitoria-park-shopping-777\/\" data-text=\"Momento Vit\u00f3ria Park Shopping\" data-desc=\"O super evento Alegria de M\u00e3e do Vit\u00f3ria Park Shopping n\u00e3o ir\u00e1 somente relaxar, mas tamb\u00e9m agitar e animar seu m\u00eas com a sess\u00e3o Pra Dan\u00e7ar que contar\u00e1 com: Apresenta\u00e7\u00e3o de Augusto Cesar, e Apresenta\u00e7\u00e3o de Vitor Lins! Bom \u00e9 estar junto do amor de m\u00e3e! *Evento Gratuito\" data-image=\"\" data-button=\"none\">\n\t\t\t\t\t<img src=\"\/\/www.linksalpha.com\/images\/social_share_button.png\" alt=\"Share\" class=\"linksalpha_image\" \/>\n\t\t\t\t\t<\/a><script type=\"text\/javascript\" src=\"\/\/www.linksalpha.com\/scripts\/loader_iconbox.js?v=2.4\"><\/script><\/span><\/div><p>O super evento Alegria de M\u00e3e do Vit\u00f3ria Park Shopping n\u00e3o ir\u00e1 somente relaxar, mas tamb\u00e9m agitar e animar seu m\u00eas com a sess\u00e3o Pra Dan\u00e7ar que contar\u00e1 com: Apresenta\u00e7\u00e3o de Augusto Cesar, e Apresenta\u00e7\u00e3o de Vitor Lins! Bom \u00e9 &hellip; <a href=\"http:\/\/www.blogdopilako.com.br\/wp\/2019\/05\/08\/momento-vitoria-park-shopping-777\/\">Continue lendo <span class=\"meta-nav\">&rarr;<\/span><\/a><\/p>\n\n\t\t\t\t<div class=\"mr_social_sharing_wrapper\">\n\t\t\t\t<!-- Social Sharing Toolkit v2.2 --><span class=\"mr_social_sharing_top\"><span style=\"display: inline-block; width: 55px; height: 62px; overflow: hidden;\"><div class=\"fb-like\" data-href=\"http:\/\/www.blogdopilako.com.br\/wp\/2019\/05\/08\/momento-vitoria-park-shopping-777\/\" data-send=\"false\" data-layout=\"box_count\" data-width=\"55\" data-show-faces=\"false\"><\/div><\/span><\/span><span class=\"mr_social_sharing_top\"><fb:share-button type=\"box_count\" href=\"http:\/\/www.blogdopilako.com.br\/wp\/2019\/05\/08\/momento-vitoria-park-shopping-777\/\"><\/fb:share-button><\/span><span class=\"mr_social_sharing\"><a rel=\"nofollow\" class=\"linksalpha_button linksalpha_link\" href=\"\/\/www.linksalpha.com\/social\/mobile\" data-url=\"http:\/\/www.blogdopilako.com.br\/wp\/2019\/05\/08\/momento-vitoria-park-shopping-777\/\" data-text=\"Momento Vit\u00f3ria Park Shopping\" data-desc=\"O super evento Alegria de M\u00e3e do Vit\u00f3ria Park Shopping n\u00e3o ir\u00e1 somente relaxar, mas tamb\u00e9m agitar e animar seu m\u00eas com a sess\u00e3o Pra Dan\u00e7ar que contar\u00e1 com: Apresenta\u00e7\u00e3o de Augusto Cesar, e Apresenta\u00e7\u00e3o de Vitor Lins! Bom \u00e9 estar junto do amor de m\u00e3e! *Evento Gratuito\" data-image=\"\" data-button=\"none\">\n\t\t\t\t\t<img src=\"\/\/www.linksalpha.com\/images\/social_share_button.png\" alt=\"Share\" class=\"linksalpha_image\" \/>\n\t\t\t\t\t<\/a><script type=\"text\/javascript\" src=\"\/\/www.linksalpha.com\/scripts\/loader_iconbox.js?v=2.4\"><\/script><\/span><\/div>","protected":false},"author":2,"featured_media":0,"comment_status":"open","ping_status":"open","sticky":false,"template":"","format":"standard","meta":[],"categories":[120],"tags":[],"_links":{"self":[{"href":"http:\/\/www.blogdopilako.com.br\/wp\/wp-json\/wp\/v2\/posts\/122254"}],"collection":[{"href":"http:\/\/www.blogdopilako.com.br\/wp\/wp-json\/wp\/v2\/posts"}],"about":[{"href":"http:\/\/www.blogdopilako.com.br\/wp\/wp-json\/wp\/v2\/types\/post"}],"author":[{"embeddable":true,"href":"http:\/\/www.blogdopilako.com.br\/wp\/wp-json\/wp\/v2\/users\/2"}],"replies":[{"embeddable":true,"href":"http:\/\/www.blogdopilako.com.br\/wp\/wp-json\/wp\/v2\/comments?post=122254"}],"version-history":[{"count":1,"href":"http:\/\/www.blogdopilako.com.br\/wp\/wp-json\/wp\/v2\/posts\/122254\/revisions"}],"predecessor-version":[{"id":122256,"href":"http:\/\/www.blogdopilako.com.br\/wp\/wp-json\/wp\/v2\/posts\/122254\/revisions\/122256"}],"wp:attachment":[{"href":"http:\/\/www.blogdopilako.com.br\/wp\/wp-json\/wp\/v2\/media?parent=122254"}],"wp:term":[{"taxonomy":"category","embeddable":true,"href":"http:\/\/www.blogdopilako.com.br\/wp\/wp-json\/wp\/v2\/categories?post=122254"},{"taxonomy":"post_tag","embeddable":true,"href":"http:\/\/www.blogdopilako.com.br\/wp\/wp-json\/wp\/v2\/tags?post=122254"}],"curies":[{"name":"wp","href":"https:\/\/api.w.org\/{rel}","templated":true}]}}