{"id":121210,"date":"2019-03-22T14:00:33","date_gmt":"2019-03-22T17:00:33","guid":{"rendered":"http:\/\/www.blogdopilako.com.br\/wp\/?p=121210"},"modified":"2019-03-22T09:52:19","modified_gmt":"2019-03-22T12:52:19","slug":"o-tempo-voa-comemoracao-aciav-associacao-comercial","status":"publish","type":"post","link":"http:\/\/www.blogdopilako.com.br\/wp\/2019\/03\/22\/o-tempo-voa-comemoracao-aciav-associacao-comercial\/","title":{"rendered":"O Tempo Voa: Comemora\u00e7\u00e3o ACIAV &#8211; Associa\u00e7\u00e3o Comercial"},"content":{"rendered":"\n\t\t\t\t<div class=\"mr_social_sharing_wrapper\">\n\t\t\t\t<!-- Social Sharing Toolkit v2.2 --><span class=\"mr_social_sharing_top\"><span style=\"display: inline-block; width: 55px; height: 62px; overflow: hidden;\"><div class=\"fb-like\" data-href=\"http:\/\/www.blogdopilako.com.br\/wp\/2019\/03\/22\/o-tempo-voa-comemoracao-aciav-associacao-comercial\/\" data-send=\"false\" data-layout=\"box_count\" data-width=\"55\" data-show-faces=\"false\"><\/div><\/span><\/span><span class=\"mr_social_sharing_top\"><fb:share-button type=\"box_count\" href=\"http:\/\/www.blogdopilako.com.br\/wp\/2019\/03\/22\/o-tempo-voa-comemoracao-aciav-associacao-comercial\/\"><\/fb:share-button><\/span><span class=\"mr_social_sharing\"><a rel=\"nofollow\" class=\"linksalpha_button linksalpha_link\" href=\"\/\/www.linksalpha.com\/social\/mobile\" data-url=\"http:\/\/www.blogdopilako.com.br\/wp\/2019\/03\/22\/o-tempo-voa-comemoracao-aciav-associacao-comercial\/\" data-text=\"O Tempo Voa: Comemora\u00e7\u00e3o ACIAV \u2013 Associa\u00e7\u00e3o Comercial\" data-desc=\"Comemora\u00e7\u00e3o na Associa\u00e7\u00e3o Comercial - 2006 - na foto: Ramos de Natuba, Javan Ageu, Romildo Mariano, J\u00fanior, Regis de Amendoim, Pilako,\u00a0 Mariano Ageu, Gildo Esp\u00f3sito e Antonio Pereira.\" data-image=\"http:\/\/www.blogdopilako.com.br\/wp\/wp-content\/uploads\/2019\/03\/a30d156c-6e4b-46ff-ad54-3fb7fb3e2a53-e1553258892696-1024x597.jpg\" data-button=\"none\">\n\t\t\t\t\t<img src=\"\/\/www.linksalpha.com\/images\/social_share_button.png\" alt=\"Share\" class=\"linksalpha_image\" \/>\n\t\t\t\t\t<\/a><script type=\"text\/javascript\" src=\"\/\/www.linksalpha.com\/scripts\/loader_iconbox.js?v=2.4\"><\/script><\/span><\/div><p><a href=\"http:\/\/www.blogdopilako.com.br\/wp\/wp-content\/uploads\/2019\/03\/a30d156c-6e4b-46ff-ad54-3fb7fb3e2a53-e1553258892696.jpg\"><img loading=\"lazy\" class=\"aligncenter size-large wp-image-121211\" src=\"http:\/\/www.blogdopilako.com.br\/wp\/wp-content\/uploads\/2019\/03\/a30d156c-6e4b-46ff-ad54-3fb7fb3e2a53-e1553258892696-1024x597.jpg\" alt=\"\" width=\"640\" height=\"373\" srcset=\"http:\/\/www.blogdopilako.com.br\/wp\/wp-content\/uploads\/2019\/03\/a30d156c-6e4b-46ff-ad54-3fb7fb3e2a53-e1553258892696-1024x597.jpg 1024w, http:\/\/www.blogdopilako.com.br\/wp\/wp-content\/uploads\/2019\/03\/a30d156c-6e4b-46ff-ad54-3fb7fb3e2a53-e1553258892696-300x175.jpg 300w, http:\/\/www.blogdopilako.com.br\/wp\/wp-content\/uploads\/2019\/03\/a30d156c-6e4b-46ff-ad54-3fb7fb3e2a53-e1553258892696-768x448.jpg 768w, http:\/\/www.blogdopilako.com.br\/wp\/wp-content\/uploads\/2019\/03\/a30d156c-6e4b-46ff-ad54-3fb7fb3e2a53-e1553258892696.jpg 1280w\" sizes=\"(max-width: 640px) 100vw, 640px\" \/><\/a><\/p>\n<p>Comemora\u00e7\u00e3o na Associa\u00e7\u00e3o Comercial &#8211; 2006 &#8211; na foto: Ramos de Natuba, Javan Ageu, Romildo Mariano, J\u00fanior, Regis de Amendoim, Pilako,\u00a0 Mariano Ageu, Gildo Esp\u00f3sito e Antonio Pereira.<\/p>\n\n\t\t\t\t<div class=\"mr_social_sharing_wrapper\">\n\t\t\t\t<!-- Social Sharing Toolkit v2.2 --><span class=\"mr_social_sharing_top\"><span style=\"display: inline-block; width: 55px; height: 62px; overflow: hidden;\"><div class=\"fb-like\" data-href=\"http:\/\/www.blogdopilako.com.br\/wp\/2019\/03\/22\/o-tempo-voa-comemoracao-aciav-associacao-comercial\/\" data-send=\"false\" data-layout=\"box_count\" data-width=\"55\" data-show-faces=\"false\"><\/div><\/span><\/span><span class=\"mr_social_sharing_top\"><fb:share-button type=\"box_count\" href=\"http:\/\/www.blogdopilako.com.br\/wp\/2019\/03\/22\/o-tempo-voa-comemoracao-aciav-associacao-comercial\/\"><\/fb:share-button><\/span><span class=\"mr_social_sharing\"><a rel=\"nofollow\" class=\"linksalpha_button linksalpha_link\" href=\"\/\/www.linksalpha.com\/social\/mobile\" data-url=\"http:\/\/www.blogdopilako.com.br\/wp\/2019\/03\/22\/o-tempo-voa-comemoracao-aciav-associacao-comercial\/\" data-text=\"O Tempo Voa: Comemora\u00e7\u00e3o ACIAV \u2013 Associa\u00e7\u00e3o Comercial\" data-desc=\"Comemora\u00e7\u00e3o na Associa\u00e7\u00e3o Comercial - 2006 - na foto: Ramos de Natuba, Javan Ageu, Romildo Mariano, J\u00fanior, Regis de Amendoim, Pilako,\u00a0 Mariano Ageu, Gildo Esp\u00f3sito e Antonio Pereira.\" data-image=\"http:\/\/www.blogdopilako.com.br\/wp\/wp-content\/uploads\/2019\/03\/a30d156c-6e4b-46ff-ad54-3fb7fb3e2a53-e1553258892696-1024x597.jpg\" data-button=\"none\">\n\t\t\t\t\t<img src=\"\/\/www.linksalpha.com\/images\/social_share_button.png\" alt=\"Share\" class=\"linksalpha_image\" \/>\n\t\t\t\t\t<\/a><script type=\"text\/javascript\" src=\"\/\/www.linksalpha.com\/scripts\/loader_iconbox.js?v=2.4\"><\/script><\/span><\/div>","protected":false},"excerpt":{"rendered":"\n\t\t\t\t<div class=\"mr_social_sharing_wrapper\">\n\t\t\t\t<!-- Social Sharing Toolkit v2.2 --><span class=\"mr_social_sharing_top\"><span style=\"display: inline-block; width: 55px; height: 62px; overflow: hidden;\"><div class=\"fb-like\" data-href=\"http:\/\/www.blogdopilako.com.br\/wp\/2019\/03\/22\/o-tempo-voa-comemoracao-aciav-associacao-comercial\/\" data-send=\"false\" data-layout=\"box_count\" data-width=\"55\" data-show-faces=\"false\"><\/div><\/span><\/span><span class=\"mr_social_sharing_top\"><fb:share-button type=\"box_count\" href=\"http:\/\/www.blogdopilako.com.br\/wp\/2019\/03\/22\/o-tempo-voa-comemoracao-aciav-associacao-comercial\/\"><\/fb:share-button><\/span><span class=\"mr_social_sharing\"><a rel=\"nofollow\" class=\"linksalpha_button linksalpha_link\" href=\"\/\/www.linksalpha.com\/social\/mobile\" data-url=\"http:\/\/www.blogdopilako.com.br\/wp\/2019\/03\/22\/o-tempo-voa-comemoracao-aciav-associacao-comercial\/\" data-text=\"O Tempo Voa: Comemora\u00e7\u00e3o ACIAV \u2013 Associa\u00e7\u00e3o Comercial\" data-desc=\"Comemora\u00e7\u00e3o na Associa\u00e7\u00e3o Comercial - 2006 - na foto: Ramos de Natuba, Javan Ageu, Romildo Mariano, J\u00fanior, Regis de Amendoim, Pilako,\u00a0 Mariano Ageu, Gildo Esp\u00f3sito e Antonio Pereira.\" data-image=\"\" data-button=\"none\">\n\t\t\t\t\t<img src=\"\/\/www.linksalpha.com\/images\/social_share_button.png\" alt=\"Share\" class=\"linksalpha_image\" \/>\n\t\t\t\t\t<\/a><script type=\"text\/javascript\" src=\"\/\/www.linksalpha.com\/scripts\/loader_iconbox.js?v=2.4\"><\/script><\/span><\/div><p>Comemora\u00e7\u00e3o na Associa\u00e7\u00e3o Comercial &#8211; 2006 &#8211; na foto: Ramos de Natuba, Javan Ageu, Romildo Mariano, J\u00fanior, Regis de Amendoim, Pilako,\u00a0 Mariano Ageu, Gildo Esp\u00f3sito e Antonio Pereira.<\/p>\n\n\t\t\t\t<div class=\"mr_social_sharing_wrapper\">\n\t\t\t\t<!-- Social Sharing Toolkit v2.2 --><span class=\"mr_social_sharing_top\"><span style=\"display: inline-block; width: 55px; height: 62px; overflow: hidden;\"><div class=\"fb-like\" data-href=\"http:\/\/www.blogdopilako.com.br\/wp\/2019\/03\/22\/o-tempo-voa-comemoracao-aciav-associacao-comercial\/\" data-send=\"false\" data-layout=\"box_count\" data-width=\"55\" data-show-faces=\"false\"><\/div><\/span><\/span><span class=\"mr_social_sharing_top\"><fb:share-button type=\"box_count\" href=\"http:\/\/www.blogdopilako.com.br\/wp\/2019\/03\/22\/o-tempo-voa-comemoracao-aciav-associacao-comercial\/\"><\/fb:share-button><\/span><span class=\"mr_social_sharing\"><a rel=\"nofollow\" class=\"linksalpha_button linksalpha_link\" href=\"\/\/www.linksalpha.com\/social\/mobile\" data-url=\"http:\/\/www.blogdopilako.com.br\/wp\/2019\/03\/22\/o-tempo-voa-comemoracao-aciav-associacao-comercial\/\" data-text=\"O Tempo Voa: Comemora\u00e7\u00e3o ACIAV \u2013 Associa\u00e7\u00e3o Comercial\" data-desc=\"Comemora\u00e7\u00e3o na Associa\u00e7\u00e3o Comercial - 2006 - na foto: Ramos de Natuba, Javan Ageu, Romildo Mariano, J\u00fanior, Regis de Amendoim, Pilako,\u00a0 Mariano Ageu, Gildo Esp\u00f3sito e Antonio Pereira.\" data-image=\"\" data-button=\"none\">\n\t\t\t\t\t<img src=\"\/\/www.linksalpha.com\/images\/social_share_button.png\" alt=\"Share\" class=\"linksalpha_image\" \/>\n\t\t\t\t\t<\/a><script type=\"text\/javascript\" src=\"\/\/www.linksalpha.com\/scripts\/loader_iconbox.js?v=2.4\"><\/script><\/span><\/div>","protected":false},"author":2,"featured_media":0,"comment_status":"open","ping_status":"open","sticky":false,"template":"","format":"standard","meta":[],"categories":[23],"tags":[],"_links":{"self":[{"href":"http:\/\/www.blogdopilako.com.br\/wp\/wp-json\/wp\/v2\/posts\/121210"}],"collection":[{"href":"http:\/\/www.blogdopilako.com.br\/wp\/wp-json\/wp\/v2\/posts"}],"about":[{"href":"http:\/\/www.blogdopilako.com.br\/wp\/wp-json\/wp\/v2\/types\/post"}],"author":[{"embeddable":true,"href":"http:\/\/www.blogdopilako.com.br\/wp\/wp-json\/wp\/v2\/users\/2"}],"replies":[{"embeddable":true,"href":"http:\/\/www.blogdopilako.com.br\/wp\/wp-json\/wp\/v2\/comments?post=121210"}],"version-history":[{"count":1,"href":"http:\/\/www.blogdopilako.com.br\/wp\/wp-json\/wp\/v2\/posts\/121210\/revisions"}],"predecessor-version":[{"id":121212,"href":"http:\/\/www.blogdopilako.com.br\/wp\/wp-json\/wp\/v2\/posts\/121210\/revisions\/121212"}],"wp:attachment":[{"href":"http:\/\/www.blogdopilako.com.br\/wp\/wp-json\/wp\/v2\/media?parent=121210"}],"wp:term":[{"taxonomy":"category","embeddable":true,"href":"http:\/\/www.blogdopilako.com.br\/wp\/wp-json\/wp\/v2\/categories?post=121210"},{"taxonomy":"post_tag","embeddable":true,"href":"http:\/\/www.blogdopilako.com.br\/wp\/wp-json\/wp\/v2\/tags?post=121210"}],"curies":[{"name":"wp","href":"https:\/\/api.w.org\/{rel}","templated":true}]}}