{"id":120358,"date":"2019-02-25T16:24:39","date_gmt":"2019-02-25T19:24:39","guid":{"rendered":"http:\/\/www.blogdopilako.com.br\/wp\/?p=120358"},"modified":"2019-02-25T16:24:39","modified_gmt":"2019-02-25T19:24:39","slug":"as-virgens-da-vitoria-desfilou-mostrando-forca-e-brilho","status":"publish","type":"post","link":"http:\/\/www.blogdopilako.com.br\/wp\/2019\/02\/25\/as-virgens-da-vitoria-desfilou-mostrando-forca-e-brilho\/","title":{"rendered":"&#8220;As Virgens da Vit\u00f3ria&#8221;: desfilou mostrando for\u00e7a e brilho!!"},"content":{"rendered":"\n\t\t\t\t<div class=\"mr_social_sharing_wrapper\">\n\t\t\t\t<!-- Social Sharing Toolkit v2.2 --><span class=\"mr_social_sharing_top\"><span style=\"display: inline-block; width: 55px; height: 62px; overflow: hidden;\"><div class=\"fb-like\" data-href=\"http:\/\/www.blogdopilako.com.br\/wp\/2019\/02\/25\/as-virgens-da-vitoria-desfilou-mostrando-forca-e-brilho\/\" data-send=\"false\" data-layout=\"box_count\" data-width=\"55\" data-show-faces=\"false\"><\/div><\/span><\/span><span class=\"mr_social_sharing_top\"><fb:share-button type=\"box_count\" href=\"http:\/\/www.blogdopilako.com.br\/wp\/2019\/02\/25\/as-virgens-da-vitoria-desfilou-mostrando-forca-e-brilho\/\"><\/fb:share-button><\/span><span class=\"mr_social_sharing\"><a rel=\"nofollow\" class=\"linksalpha_button linksalpha_link\" href=\"\/\/www.linksalpha.com\/social\/mobile\" data-url=\"http:\/\/www.blogdopilako.com.br\/wp\/2019\/02\/25\/as-virgens-da-vitoria-desfilou-mostrando-forca-e-brilho\/\" data-text=\"\u201cAs Virgens da Vit\u00f3ria\u201d: desfilou mostrando for\u00e7a e brilho!!\" data-desc=\"Mantendo a tradi\u00e7\u00e3o de abrir oficialmente o carnaval dos blocos, que desfilam com trio el\u00e9trico, \u201cAs Virgens da Vit\u00f3ria\u201d mostrou, mais uma vez, que tem for\u00e7a. \u201cPuxado\u201d pelo talentoso artista vitoriense, Jonatha Chocolate, a agremia\u00e7\u00e3o, que tem 36 anos, agrupa dentro do \u00a0seu cord\u00e3o\" data-image=\"http:\/\/www.blogdopilako.com.br\/wp\/wp-content\/uploads\/2019\/02\/7360b1b4-6ccc-4a19-b8a3-f3801f1d81f4-1024x768.jpg\" data-button=\"none\">\n\t\t\t\t\t<img src=\"\/\/www.linksalpha.com\/images\/social_share_button.png\" alt=\"Share\" class=\"linksalpha_image\" \/>\n\t\t\t\t\t<\/a><script type=\"text\/javascript\" src=\"\/\/www.linksalpha.com\/scripts\/loader_iconbox.js?v=2.4\"><\/script><\/span><\/div><p><a href=\"http:\/\/www.blogdopilako.com.br\/wp\/wp-content\/uploads\/2019\/02\/7360b1b4-6ccc-4a19-b8a3-f3801f1d81f4.jpg\"><img loading=\"lazy\" class=\"aligncenter size-large wp-image-120359\" src=\"http:\/\/www.blogdopilako.com.br\/wp\/wp-content\/uploads\/2019\/02\/7360b1b4-6ccc-4a19-b8a3-f3801f1d81f4-1024x768.jpg\" alt=\"\" width=\"640\" height=\"480\" srcset=\"http:\/\/www.blogdopilako.com.br\/wp\/wp-content\/uploads\/2019\/02\/7360b1b4-6ccc-4a19-b8a3-f3801f1d81f4-1024x768.jpg 1024w, http:\/\/www.blogdopilako.com.br\/wp\/wp-content\/uploads\/2019\/02\/7360b1b4-6ccc-4a19-b8a3-f3801f1d81f4-300x225.jpg 300w, http:\/\/www.blogdopilako.com.br\/wp\/wp-content\/uploads\/2019\/02\/7360b1b4-6ccc-4a19-b8a3-f3801f1d81f4-768x576.jpg 768w, http:\/\/www.blogdopilako.com.br\/wp\/wp-content\/uploads\/2019\/02\/7360b1b4-6ccc-4a19-b8a3-f3801f1d81f4.jpg 1280w\" sizes=\"(max-width: 640px) 100vw, 640px\" \/><\/a><\/p>\n<p style=\"text-align: justify;\">Mantendo a tradi\u00e7\u00e3o de abrir oficialmente o carnaval dos blocos, que desfilam com trio el\u00e9trico, \u201cAs Virgens da Vit\u00f3ria\u201d mostrou, mais uma vez, que tem for\u00e7a. \u201cPuxado\u201d pelo talentoso artista vitoriense, Jonatha Chocolate, a agremia\u00e7\u00e3o, que tem 36 anos, agrupa dentro do \u00a0seu cord\u00e3o \u00a0\u201cgregos e troianos\u201d.<\/p>\n<p><iframe loading=\"lazy\" title=\"Blog do Pilako: VIT\u00d3RIA DE SANTO ANT\u00c3O - AS VIRGENS - JONATHA - 23-02-2019\" width=\"584\" height=\"329\" src=\"https:\/\/www.youtube.com\/embed\/-D7E_OVYhAE?feature=oembed\" frameborder=\"0\" allow=\"accelerometer; autoplay; clipboard-write; encrypted-media; gyroscope; picture-in-picture\" allowfullscreen><\/iframe><\/p>\n<p style=\"text-align: justify;\">Parab\u00e9ns aos diretores da agremia\u00e7\u00e3o pela determina\u00e7\u00e3o e enfrentamento das dificuldades atinente \u00e0s limita\u00e7\u00f5es no hor\u00e1rio. J\u00e1 com rela\u00e7\u00e3o aos foli\u00f5es, \u201cAs Virgens da Vit\u00f3ria\u201d mostrou que tem um p\u00fablico cativo e volumoso.<\/p>\n<p><a href=\"http:\/\/www.blogdopilako.com.br\/wp\/wp-content\/uploads\/2019\/02\/78441fea-3b04-4595-a076-5c06959bc5f4.jpg\"><img loading=\"lazy\" class=\"aligncenter size-large wp-image-120360\" src=\"http:\/\/www.blogdopilako.com.br\/wp\/wp-content\/uploads\/2019\/02\/78441fea-3b04-4595-a076-5c06959bc5f4-1024x768.jpg\" alt=\"\" width=\"640\" height=\"480\" srcset=\"http:\/\/www.blogdopilako.com.br\/wp\/wp-content\/uploads\/2019\/02\/78441fea-3b04-4595-a076-5c06959bc5f4-1024x768.jpg 1024w, http:\/\/www.blogdopilako.com.br\/wp\/wp-content\/uploads\/2019\/02\/78441fea-3b04-4595-a076-5c06959bc5f4-300x225.jpg 300w, http:\/\/www.blogdopilako.com.br\/wp\/wp-content\/uploads\/2019\/02\/78441fea-3b04-4595-a076-5c06959bc5f4-768x576.jpg 768w, http:\/\/www.blogdopilako.com.br\/wp\/wp-content\/uploads\/2019\/02\/78441fea-3b04-4595-a076-5c06959bc5f4.jpg 1280w\" sizes=\"(max-width: 640px) 100vw, 640px\" \/><\/a><\/p>\n<p><a href=\"http:\/\/www.blogdopilako.com.br\/wp\/wp-content\/uploads\/2019\/02\/98ee6b4a-49ee-4cbb-a46e-a2226a511926.jpg\"><img loading=\"lazy\" class=\"aligncenter size-large wp-image-120361\" src=\"http:\/\/www.blogdopilako.com.br\/wp\/wp-content\/uploads\/2019\/02\/98ee6b4a-49ee-4cbb-a46e-a2226a511926-1024x768.jpg\" alt=\"\" width=\"640\" height=\"480\" srcset=\"http:\/\/www.blogdopilako.com.br\/wp\/wp-content\/uploads\/2019\/02\/98ee6b4a-49ee-4cbb-a46e-a2226a511926-1024x768.jpg 1024w, http:\/\/www.blogdopilako.com.br\/wp\/wp-content\/uploads\/2019\/02\/98ee6b4a-49ee-4cbb-a46e-a2226a511926-300x225.jpg 300w, http:\/\/www.blogdopilako.com.br\/wp\/wp-content\/uploads\/2019\/02\/98ee6b4a-49ee-4cbb-a46e-a2226a511926-768x576.jpg 768w, http:\/\/www.blogdopilako.com.br\/wp\/wp-content\/uploads\/2019\/02\/98ee6b4a-49ee-4cbb-a46e-a2226a511926.jpg 1280w\" sizes=\"(max-width: 640px) 100vw, 640px\" \/><\/a><\/p>\n\n\t\t\t\t<div class=\"mr_social_sharing_wrapper\">\n\t\t\t\t<!-- Social Sharing Toolkit v2.2 --><span class=\"mr_social_sharing_top\"><span style=\"display: inline-block; width: 55px; height: 62px; overflow: hidden;\"><div class=\"fb-like\" data-href=\"http:\/\/www.blogdopilako.com.br\/wp\/2019\/02\/25\/as-virgens-da-vitoria-desfilou-mostrando-forca-e-brilho\/\" data-send=\"false\" data-layout=\"box_count\" data-width=\"55\" data-show-faces=\"false\"><\/div><\/span><\/span><span class=\"mr_social_sharing_top\"><fb:share-button type=\"box_count\" href=\"http:\/\/www.blogdopilako.com.br\/wp\/2019\/02\/25\/as-virgens-da-vitoria-desfilou-mostrando-forca-e-brilho\/\"><\/fb:share-button><\/span><span class=\"mr_social_sharing\"><a rel=\"nofollow\" class=\"linksalpha_button linksalpha_link\" href=\"\/\/www.linksalpha.com\/social\/mobile\" data-url=\"http:\/\/www.blogdopilako.com.br\/wp\/2019\/02\/25\/as-virgens-da-vitoria-desfilou-mostrando-forca-e-brilho\/\" data-text=\"\u201cAs Virgens da Vit\u00f3ria\u201d: desfilou mostrando for\u00e7a e brilho!!\" data-desc=\"Mantendo a tradi\u00e7\u00e3o de abrir oficialmente o carnaval dos blocos, que desfilam com trio el\u00e9trico, \u201cAs Virgens da Vit\u00f3ria\u201d mostrou, mais uma vez, que tem for\u00e7a. \u201cPuxado\u201d pelo talentoso artista vitoriense, Jonatha Chocolate, a agremia\u00e7\u00e3o, que tem 36 anos, agrupa dentro do \u00a0seu cord\u00e3o\" data-image=\"http:\/\/www.blogdopilako.com.br\/wp\/wp-content\/uploads\/2019\/02\/7360b1b4-6ccc-4a19-b8a3-f3801f1d81f4-1024x768.jpg\" data-button=\"none\">\n\t\t\t\t\t<img src=\"\/\/www.linksalpha.com\/images\/social_share_button.png\" alt=\"Share\" class=\"linksalpha_image\" \/>\n\t\t\t\t\t<\/a><script type=\"text\/javascript\" src=\"\/\/www.linksalpha.com\/scripts\/loader_iconbox.js?v=2.4\"><\/script><\/span><\/div>","protected":false},"excerpt":{"rendered":"\n\t\t\t\t<div class=\"mr_social_sharing_wrapper\">\n\t\t\t\t<!-- Social Sharing Toolkit v2.2 --><span class=\"mr_social_sharing_top\"><span style=\"display: inline-block; width: 55px; height: 62px; overflow: hidden;\"><div class=\"fb-like\" data-href=\"http:\/\/www.blogdopilako.com.br\/wp\/2019\/02\/25\/as-virgens-da-vitoria-desfilou-mostrando-forca-e-brilho\/\" data-send=\"false\" data-layout=\"box_count\" data-width=\"55\" data-show-faces=\"false\"><\/div><\/span><\/span><span class=\"mr_social_sharing_top\"><fb:share-button type=\"box_count\" href=\"http:\/\/www.blogdopilako.com.br\/wp\/2019\/02\/25\/as-virgens-da-vitoria-desfilou-mostrando-forca-e-brilho\/\"><\/fb:share-button><\/span><span class=\"mr_social_sharing\"><a rel=\"nofollow\" class=\"linksalpha_button linksalpha_link\" href=\"\/\/www.linksalpha.com\/social\/mobile\" data-url=\"http:\/\/www.blogdopilako.com.br\/wp\/2019\/02\/25\/as-virgens-da-vitoria-desfilou-mostrando-forca-e-brilho\/\" data-text=\"\u201cAs Virgens da Vit\u00f3ria\u201d: desfilou mostrando for\u00e7a e brilho!!\" data-desc=\"Mantendo a tradi\u00e7\u00e3o de abrir oficialmente o carnaval dos blocos, que desfilam com trio el\u00e9trico, \u201cAs Virgens da Vit\u00f3ria\u201d mostrou, mais uma vez, que tem for\u00e7a. \u201cPuxado\u201d pelo talentoso artista vitoriense, Jonatha Chocolate, a agremia\u00e7\u00e3o, que tem 36 anos, agrupa dentro do \u00a0seu cord\u00e3o\" data-image=\"\" data-button=\"none\">\n\t\t\t\t\t<img src=\"\/\/www.linksalpha.com\/images\/social_share_button.png\" alt=\"Share\" class=\"linksalpha_image\" \/>\n\t\t\t\t\t<\/a><script type=\"text\/javascript\" src=\"\/\/www.linksalpha.com\/scripts\/loader_iconbox.js?v=2.4\"><\/script><\/span><\/div><p>Mantendo a tradi\u00e7\u00e3o de abrir oficialmente o carnaval dos blocos, que desfilam com trio el\u00e9trico, \u201cAs Virgens da Vit\u00f3ria\u201d mostrou, mais uma vez, que tem for\u00e7a. \u201cPuxado\u201d pelo talentoso artista vitoriense, Jonatha Chocolate, a agremia\u00e7\u00e3o, que tem 36 anos, agrupa &hellip; <a href=\"http:\/\/www.blogdopilako.com.br\/wp\/2019\/02\/25\/as-virgens-da-vitoria-desfilou-mostrando-forca-e-brilho\/\">Continue lendo <span class=\"meta-nav\">&rarr;<\/span><\/a><\/p>\n\n\t\t\t\t<div class=\"mr_social_sharing_wrapper\">\n\t\t\t\t<!-- Social Sharing Toolkit v2.2 --><span class=\"mr_social_sharing_top\"><span style=\"display: inline-block; width: 55px; height: 62px; overflow: hidden;\"><div class=\"fb-like\" data-href=\"http:\/\/www.blogdopilako.com.br\/wp\/2019\/02\/25\/as-virgens-da-vitoria-desfilou-mostrando-forca-e-brilho\/\" data-send=\"false\" data-layout=\"box_count\" data-width=\"55\" data-show-faces=\"false\"><\/div><\/span><\/span><span class=\"mr_social_sharing_top\"><fb:share-button type=\"box_count\" href=\"http:\/\/www.blogdopilako.com.br\/wp\/2019\/02\/25\/as-virgens-da-vitoria-desfilou-mostrando-forca-e-brilho\/\"><\/fb:share-button><\/span><span class=\"mr_social_sharing\"><a rel=\"nofollow\" class=\"linksalpha_button linksalpha_link\" href=\"\/\/www.linksalpha.com\/social\/mobile\" data-url=\"http:\/\/www.blogdopilako.com.br\/wp\/2019\/02\/25\/as-virgens-da-vitoria-desfilou-mostrando-forca-e-brilho\/\" data-text=\"\u201cAs Virgens da Vit\u00f3ria\u201d: desfilou mostrando for\u00e7a e brilho!!\" data-desc=\"Mantendo a tradi\u00e7\u00e3o de abrir oficialmente o carnaval dos blocos, que desfilam com trio el\u00e9trico, \u201cAs Virgens da Vit\u00f3ria\u201d mostrou, mais uma vez, que tem for\u00e7a. \u201cPuxado\u201d pelo talentoso artista vitoriense, Jonatha Chocolate, a agremia\u00e7\u00e3o, que tem 36 anos, agrupa dentro do \u00a0seu cord\u00e3o\" data-image=\"\" data-button=\"none\">\n\t\t\t\t\t<img src=\"\/\/www.linksalpha.com\/images\/social_share_button.png\" alt=\"Share\" class=\"linksalpha_image\" \/>\n\t\t\t\t\t<\/a><script type=\"text\/javascript\" src=\"\/\/www.linksalpha.com\/scripts\/loader_iconbox.js?v=2.4\"><\/script><\/span><\/div>","protected":false},"author":2,"featured_media":0,"comment_status":"open","ping_status":"open","sticky":false,"template":"","format":"standard","meta":[],"categories":[21],"tags":[],"_links":{"self":[{"href":"http:\/\/www.blogdopilako.com.br\/wp\/wp-json\/wp\/v2\/posts\/120358"}],"collection":[{"href":"http:\/\/www.blogdopilako.com.br\/wp\/wp-json\/wp\/v2\/posts"}],"about":[{"href":"http:\/\/www.blogdopilako.com.br\/wp\/wp-json\/wp\/v2\/types\/post"}],"author":[{"embeddable":true,"href":"http:\/\/www.blogdopilako.com.br\/wp\/wp-json\/wp\/v2\/users\/2"}],"replies":[{"embeddable":true,"href":"http:\/\/www.blogdopilako.com.br\/wp\/wp-json\/wp\/v2\/comments?post=120358"}],"version-history":[{"count":1,"href":"http:\/\/www.blogdopilako.com.br\/wp\/wp-json\/wp\/v2\/posts\/120358\/revisions"}],"predecessor-version":[{"id":120362,"href":"http:\/\/www.blogdopilako.com.br\/wp\/wp-json\/wp\/v2\/posts\/120358\/revisions\/120362"}],"wp:attachment":[{"href":"http:\/\/www.blogdopilako.com.br\/wp\/wp-json\/wp\/v2\/media?parent=120358"}],"wp:term":[{"taxonomy":"category","embeddable":true,"href":"http:\/\/www.blogdopilako.com.br\/wp\/wp-json\/wp\/v2\/categories?post=120358"},{"taxonomy":"post_tag","embeddable":true,"href":"http:\/\/www.blogdopilako.com.br\/wp\/wp-json\/wp\/v2\/tags?post=120358"}],"curies":[{"name":"wp","href":"https:\/\/api.w.org\/{rel}","templated":true}]}}