{"id":119072,"date":"2018-12-27T15:40:41","date_gmt":"2018-12-27T17:40:41","guid":{"rendered":"http:\/\/www.blogdopilako.com.br\/wp\/?p=119072"},"modified":"2018-12-27T17:13:08","modified_gmt":"2018-12-27T19:13:08","slug":"manoel-carlos-o-vereador-de-bolsonaro","status":"publish","type":"post","link":"http:\/\/www.blogdopilako.com.br\/wp\/2018\/12\/27\/manoel-carlos-o-vereador-de-bolsonaro\/","title":{"rendered":"Manoel Carlos: &#8220;o vereador de Bolsonaro&#8221;"},"content":{"rendered":"\n\t\t\t\t<div class=\"mr_social_sharing_wrapper\">\n\t\t\t\t<!-- Social Sharing Toolkit v2.2 --><span class=\"mr_social_sharing_top\"><span style=\"display: inline-block; width: 55px; height: 62px; overflow: hidden;\"><div class=\"fb-like\" data-href=\"http:\/\/www.blogdopilako.com.br\/wp\/2018\/12\/27\/manoel-carlos-o-vereador-de-bolsonaro\/\" data-send=\"false\" data-layout=\"box_count\" data-width=\"55\" data-show-faces=\"false\"><\/div><\/span><\/span><span class=\"mr_social_sharing_top\"><fb:share-button type=\"box_count\" href=\"http:\/\/www.blogdopilako.com.br\/wp\/2018\/12\/27\/manoel-carlos-o-vereador-de-bolsonaro\/\"><\/fb:share-button><\/span><span class=\"mr_social_sharing\"><a rel=\"nofollow\" class=\"linksalpha_button linksalpha_link\" href=\"\/\/www.linksalpha.com\/social\/mobile\" data-url=\"http:\/\/www.blogdopilako.com.br\/wp\/2018\/12\/27\/manoel-carlos-o-vereador-de-bolsonaro\/\" data-text=\"Manoel Carlos: \u201co vereador de Bolsonaro\u201d\" data-desc=\"At\u00e9 agora n\u00e3o tenho informa\u00e7\u00f5es de que algum antonense esteja na lista de convidados para a posse do novo presidente da rep\u00fablica que ocorrer\u00e1 na capital federal no pr\u00f3ximo\u00a0 dia primeiro de\u00a0 janeiro. Dos pol\u00edticos nativos que se elegeram, \u00a0no \u00faltimo pleito (2018), \u00a0todos estavam\" data-image=\"http:\/\/www.blogdopilako.com.br\/wp\/wp-content\/uploads\/2018\/12\/35765344_2030098037253848_5192265378079703040_n.jpg\" data-button=\"none\">\n\t\t\t\t\t<img src=\"\/\/www.linksalpha.com\/images\/social_share_button.png\" alt=\"Share\" class=\"linksalpha_image\" \/>\n\t\t\t\t\t<\/a><script type=\"text\/javascript\" src=\"\/\/www.linksalpha.com\/scripts\/loader_iconbox.js?v=2.4\"><\/script><\/span><\/div><p><a href=\"http:\/\/www.blogdopilako.com.br\/wp\/wp-content\/uploads\/2018\/12\/35765344_2030098037253848_5192265378079703040_n.jpg\"><img loading=\"lazy\" class=\"aligncenter size-full wp-image-119073\" src=\"http:\/\/www.blogdopilako.com.br\/wp\/wp-content\/uploads\/2018\/12\/35765344_2030098037253848_5192265378079703040_n.jpg\" alt=\"\" width=\"720\" height=\"960\" srcset=\"http:\/\/www.blogdopilako.com.br\/wp\/wp-content\/uploads\/2018\/12\/35765344_2030098037253848_5192265378079703040_n.jpg 720w, http:\/\/www.blogdopilako.com.br\/wp\/wp-content\/uploads\/2018\/12\/35765344_2030098037253848_5192265378079703040_n-225x300.jpg 225w\" sizes=\"(max-width: 720px) 100vw, 720px\" \/><\/a><\/p>\n<p style=\"text-align: justify;\">At\u00e9 agora n\u00e3o tenho informa\u00e7\u00f5es de que algum antonense esteja na lista de convidados para a posse do novo presidente da rep\u00fablica que ocorrer\u00e1 na capital federal no pr\u00f3ximo\u00a0 dia primeiro de\u00a0 janeiro. Dos pol\u00edticos nativos que se elegeram, \u00a0no \u00faltimo pleito (2018), \u00a0todos estavam alinhados com o governador Paulo C\u00e2mara e, assim sendo, por fidelidade\u00a0 tamb\u00e9m \u201cvestiram a camisa\u201d do candidato do PT, Fernando Haddad e que, pelo andar da carruagem &#8211;\u00a0 motivos \u00f3bvios &#8211;\u00a0 dever\u00e3o ser opositores ao campo pol\u00edtico do presidente eleito.<\/p>\n<p style=\"text-align: justify;\">Mas, para mim, n\u00e3o seria surpresa alguma ver, pela televis\u00e3o, o amigo, conhecido de todos, Manoel Carlos, na festa,\u00a0 ao lado do presidente eleito Jair Messias Bolsonaro at\u00e9 porque o pr\u00f3prio (Bolsonaro), ainda na fase inicial da campanha, em um v\u00eddeo exclusivo, agradeceu ao Manoel Carlos pelo apoio e pela articula\u00e7\u00e3o nas redes sociais, sobretudo na cidade da Vit\u00f3ria de Santo Ant\u00e3o. Assim sendo, por dever de gratid\u00e3o, n\u00e3o seria algo improv\u00e1vel que\u00a0 o amigo Manoel Carlos, no pr\u00f3ximo pleito, vire o\u00a0 \u201cvereador de Bolsonaro\u201d.<\/p>\n<p><iframe loading=\"lazy\" title=\"Blog do Pilako: VIT\u00d3RIA DE SANTO ANT\u00c3O - JAIR BOLSONARO - MANOEL CARLOS - AGOSTO 2018\" width=\"584\" height=\"438\" src=\"https:\/\/www.youtube.com\/embed\/WP2uOHpMayQ?feature=oembed\" frameborder=\"0\" allow=\"accelerometer; autoplay; clipboard-write; encrypted-media; gyroscope; picture-in-picture\" allowfullscreen><\/iframe><\/p>\n\n\t\t\t\t<div class=\"mr_social_sharing_wrapper\">\n\t\t\t\t<!-- Social Sharing Toolkit v2.2 --><span class=\"mr_social_sharing_top\"><span style=\"display: inline-block; width: 55px; height: 62px; overflow: hidden;\"><div class=\"fb-like\" data-href=\"http:\/\/www.blogdopilako.com.br\/wp\/2018\/12\/27\/manoel-carlos-o-vereador-de-bolsonaro\/\" data-send=\"false\" data-layout=\"box_count\" data-width=\"55\" data-show-faces=\"false\"><\/div><\/span><\/span><span class=\"mr_social_sharing_top\"><fb:share-button type=\"box_count\" href=\"http:\/\/www.blogdopilako.com.br\/wp\/2018\/12\/27\/manoel-carlos-o-vereador-de-bolsonaro\/\"><\/fb:share-button><\/span><span class=\"mr_social_sharing\"><a rel=\"nofollow\" class=\"linksalpha_button linksalpha_link\" href=\"\/\/www.linksalpha.com\/social\/mobile\" data-url=\"http:\/\/www.blogdopilako.com.br\/wp\/2018\/12\/27\/manoel-carlos-o-vereador-de-bolsonaro\/\" data-text=\"Manoel Carlos: \u201co vereador de Bolsonaro\u201d\" data-desc=\"At\u00e9 agora n\u00e3o tenho informa\u00e7\u00f5es de que algum antonense esteja na lista de convidados para a posse do novo presidente da rep\u00fablica que ocorrer\u00e1 na capital federal no pr\u00f3ximo\u00a0 dia primeiro de\u00a0 janeiro. Dos pol\u00edticos nativos que se elegeram, \u00a0no \u00faltimo pleito (2018), \u00a0todos estavam\" data-image=\"http:\/\/www.blogdopilako.com.br\/wp\/wp-content\/uploads\/2018\/12\/35765344_2030098037253848_5192265378079703040_n.jpg\" data-button=\"none\">\n\t\t\t\t\t<img src=\"\/\/www.linksalpha.com\/images\/social_share_button.png\" alt=\"Share\" class=\"linksalpha_image\" \/>\n\t\t\t\t\t<\/a><script type=\"text\/javascript\" src=\"\/\/www.linksalpha.com\/scripts\/loader_iconbox.js?v=2.4\"><\/script><\/span><\/div>","protected":false},"excerpt":{"rendered":"\n\t\t\t\t<div class=\"mr_social_sharing_wrapper\">\n\t\t\t\t<!-- Social Sharing Toolkit v2.2 --><span class=\"mr_social_sharing_top\"><span style=\"display: inline-block; width: 55px; height: 62px; overflow: hidden;\"><div class=\"fb-like\" data-href=\"http:\/\/www.blogdopilako.com.br\/wp\/2018\/12\/27\/manoel-carlos-o-vereador-de-bolsonaro\/\" data-send=\"false\" data-layout=\"box_count\" data-width=\"55\" data-show-faces=\"false\"><\/div><\/span><\/span><span class=\"mr_social_sharing_top\"><fb:share-button type=\"box_count\" href=\"http:\/\/www.blogdopilako.com.br\/wp\/2018\/12\/27\/manoel-carlos-o-vereador-de-bolsonaro\/\"><\/fb:share-button><\/span><span class=\"mr_social_sharing\"><a rel=\"nofollow\" class=\"linksalpha_button linksalpha_link\" href=\"\/\/www.linksalpha.com\/social\/mobile\" data-url=\"http:\/\/www.blogdopilako.com.br\/wp\/2018\/12\/27\/manoel-carlos-o-vereador-de-bolsonaro\/\" data-text=\"Manoel Carlos: \u201co vereador de Bolsonaro\u201d\" data-desc=\"At\u00e9 agora n\u00e3o tenho informa\u00e7\u00f5es de que algum antonense esteja na lista de convidados para a posse do novo presidente da rep\u00fablica que ocorrer\u00e1 na capital federal no pr\u00f3ximo\u00a0 dia primeiro de\u00a0 janeiro. Dos pol\u00edticos nativos que se elegeram, \u00a0no \u00faltimo pleito (2018), \u00a0todos estavam\" data-image=\"\" data-button=\"none\">\n\t\t\t\t\t<img src=\"\/\/www.linksalpha.com\/images\/social_share_button.png\" alt=\"Share\" class=\"linksalpha_image\" \/>\n\t\t\t\t\t<\/a><script type=\"text\/javascript\" src=\"\/\/www.linksalpha.com\/scripts\/loader_iconbox.js?v=2.4\"><\/script><\/span><\/div><p>At\u00e9 agora n\u00e3o tenho informa\u00e7\u00f5es de que algum antonense esteja na lista de convidados para a posse do novo presidente da rep\u00fablica que ocorrer\u00e1 na capital federal no pr\u00f3ximo\u00a0 dia primeiro de\u00a0 janeiro. Dos pol\u00edticos nativos que se elegeram, \u00a0no &hellip; <a href=\"http:\/\/www.blogdopilako.com.br\/wp\/2018\/12\/27\/manoel-carlos-o-vereador-de-bolsonaro\/\">Continue lendo <span class=\"meta-nav\">&rarr;<\/span><\/a><\/p>\n\n\t\t\t\t<div class=\"mr_social_sharing_wrapper\">\n\t\t\t\t<!-- Social Sharing Toolkit v2.2 --><span class=\"mr_social_sharing_top\"><span style=\"display: inline-block; width: 55px; height: 62px; overflow: hidden;\"><div class=\"fb-like\" data-href=\"http:\/\/www.blogdopilako.com.br\/wp\/2018\/12\/27\/manoel-carlos-o-vereador-de-bolsonaro\/\" data-send=\"false\" data-layout=\"box_count\" data-width=\"55\" data-show-faces=\"false\"><\/div><\/span><\/span><span class=\"mr_social_sharing_top\"><fb:share-button type=\"box_count\" href=\"http:\/\/www.blogdopilako.com.br\/wp\/2018\/12\/27\/manoel-carlos-o-vereador-de-bolsonaro\/\"><\/fb:share-button><\/span><span class=\"mr_social_sharing\"><a rel=\"nofollow\" class=\"linksalpha_button linksalpha_link\" href=\"\/\/www.linksalpha.com\/social\/mobile\" data-url=\"http:\/\/www.blogdopilako.com.br\/wp\/2018\/12\/27\/manoel-carlos-o-vereador-de-bolsonaro\/\" data-text=\"Manoel Carlos: \u201co vereador de Bolsonaro\u201d\" data-desc=\"At\u00e9 agora n\u00e3o tenho informa\u00e7\u00f5es de que algum antonense esteja na lista de convidados para a posse do novo presidente da rep\u00fablica que ocorrer\u00e1 na capital federal no pr\u00f3ximo\u00a0 dia primeiro de\u00a0 janeiro. Dos pol\u00edticos nativos que se elegeram, \u00a0no \u00faltimo pleito (2018), \u00a0todos estavam\" data-image=\"\" data-button=\"none\">\n\t\t\t\t\t<img src=\"\/\/www.linksalpha.com\/images\/social_share_button.png\" alt=\"Share\" class=\"linksalpha_image\" \/>\n\t\t\t\t\t<\/a><script type=\"text\/javascript\" src=\"\/\/www.linksalpha.com\/scripts\/loader_iconbox.js?v=2.4\"><\/script><\/span><\/div>","protected":false},"author":2,"featured_media":0,"comment_status":"open","ping_status":"open","sticky":false,"template":"","format":"standard","meta":[],"categories":[21],"tags":[],"_links":{"self":[{"href":"http:\/\/www.blogdopilako.com.br\/wp\/wp-json\/wp\/v2\/posts\/119072"}],"collection":[{"href":"http:\/\/www.blogdopilako.com.br\/wp\/wp-json\/wp\/v2\/posts"}],"about":[{"href":"http:\/\/www.blogdopilako.com.br\/wp\/wp-json\/wp\/v2\/types\/post"}],"author":[{"embeddable":true,"href":"http:\/\/www.blogdopilako.com.br\/wp\/wp-json\/wp\/v2\/users\/2"}],"replies":[{"embeddable":true,"href":"http:\/\/www.blogdopilako.com.br\/wp\/wp-json\/wp\/v2\/comments?post=119072"}],"version-history":[{"count":3,"href":"http:\/\/www.blogdopilako.com.br\/wp\/wp-json\/wp\/v2\/posts\/119072\/revisions"}],"predecessor-version":[{"id":119080,"href":"http:\/\/www.blogdopilako.com.br\/wp\/wp-json\/wp\/v2\/posts\/119072\/revisions\/119080"}],"wp:attachment":[{"href":"http:\/\/www.blogdopilako.com.br\/wp\/wp-json\/wp\/v2\/media?parent=119072"}],"wp:term":[{"taxonomy":"category","embeddable":true,"href":"http:\/\/www.blogdopilako.com.br\/wp\/wp-json\/wp\/v2\/categories?post=119072"},{"taxonomy":"post_tag","embeddable":true,"href":"http:\/\/www.blogdopilako.com.br\/wp\/wp-json\/wp\/v2\/tags?post=119072"}],"curies":[{"name":"wp","href":"https:\/\/api.w.org\/{rel}","templated":true}]}}