{"id":118899,"date":"2018-12-19T12:00:16","date_gmt":"2018-12-19T14:00:16","guid":{"rendered":"http:\/\/www.blogdopilako.com.br\/wp\/?p=118899"},"modified":"2018-12-19T09:54:12","modified_gmt":"2018-12-19T11:54:12","slug":"por-causa-de-voce-por-almir-brito-19","status":"publish","type":"post","link":"http:\/\/www.blogdopilako.com.br\/wp\/2018\/12\/19\/por-causa-de-voce-por-almir-brito-19\/","title":{"rendered":"POR CAUSA DE VOC\u00ca \u2013 por Almir Brito."},"content":{"rendered":"\n\t\t\t\t<div class=\"mr_social_sharing_wrapper\">\n\t\t\t\t<!-- Social Sharing Toolkit v2.2 --><span class=\"mr_social_sharing_top\"><span style=\"display: inline-block; width: 55px; height: 62px; overflow: hidden;\"><div class=\"fb-like\" data-href=\"http:\/\/www.blogdopilako.com.br\/wp\/2018\/12\/19\/por-causa-de-voce-por-almir-brito-19\/\" data-send=\"false\" data-layout=\"box_count\" data-width=\"55\" data-show-faces=\"false\"><\/div><\/span><\/span><span class=\"mr_social_sharing_top\"><fb:share-button type=\"box_count\" href=\"http:\/\/www.blogdopilako.com.br\/wp\/2018\/12\/19\/por-causa-de-voce-por-almir-brito-19\/\"><\/fb:share-button><\/span><span class=\"mr_social_sharing\"><a rel=\"nofollow\" class=\"linksalpha_button linksalpha_link\" href=\"\/\/www.linksalpha.com\/social\/mobile\" data-url=\"http:\/\/www.blogdopilako.com.br\/wp\/2018\/12\/19\/por-causa-de-voce-por-almir-brito-19\/\" data-text=\"POR CAUSA DE VOC\u00ca \u2013 por Almir Brito.\" data-desc=\"ALMIR BRITO\u00a0no seu CD instrumental -\u00a0 TODOS OS TONS -\u00a0 trazendo no viol\u00e3o,\u00a0\u00a0POR CAUSA DE VOC\u00ca, composi\u00e7\u00e3o de Dolores Duran e Tom Jobim. Gostou da m\u00fasica? \u2013\u00a0Baixe a MP3 Aldenisio Tavares\" data-image=\"http:\/\/www.blogdopilako.com.br\/wp\/wp-content\/uploads\/2018\/12\/almir_brito.jpg\" data-button=\"none\">\n\t\t\t\t\t<img src=\"\/\/www.linksalpha.com\/images\/social_share_button.png\" alt=\"Share\" class=\"linksalpha_image\" \/>\n\t\t\t\t\t<\/a><script type=\"text\/javascript\" src=\"\/\/www.linksalpha.com\/scripts\/loader_iconbox.js?v=2.4\"><\/script><\/span><\/div><p><a href=\"http:\/\/www.blogdopilako.com.br\/wp\/wp-content\/uploads\/2018\/12\/almir_brito.jpg\"><img loading=\"lazy\" class=\"aligncenter size-full wp-image-118900\" src=\"http:\/\/www.blogdopilako.com.br\/wp\/wp-content\/uploads\/2018\/12\/almir_brito.jpg\" alt=\"\" width=\"576\" height=\"372\" srcset=\"http:\/\/www.blogdopilako.com.br\/wp\/wp-content\/uploads\/2018\/12\/almir_brito.jpg 576w, http:\/\/www.blogdopilako.com.br\/wp\/wp-content\/uploads\/2018\/12\/almir_brito-300x194.jpg 300w\" sizes=\"(max-width: 576px) 100vw, 576px\" \/><\/a><\/p>\n<p><em><strong>ALMIR BRITO<\/strong><\/em>\u00a0no seu CD instrumental &#8211;\u00a0 TODOS OS TONS &#8211;\u00a0 trazendo no viol\u00e3o,\u00a0\u00a0<em><strong>POR CAUSA DE VOC\u00ca<\/strong><\/em>, composi\u00e7\u00e3o de Dolores Duran e Tom Jobim.<\/p>\n<p><strong>[powerpress url=..\/mp3\/almir_brito_2.mp3]<br \/>\n<\/strong><strong>Gostou da m\u00fasica? \u2013\u00a0<a href=\"http:\/\/www.blogdopilako.com.br\/mp3\/almir_brito_2.mp3\" target=\"_blank\" rel=\"noopener\">Baixe a MP3<\/a><\/strong><\/p>\n<p><strong>Aldenisio Tavares<\/strong><\/p>\n\n\t\t\t\t<div class=\"mr_social_sharing_wrapper\">\n\t\t\t\t<!-- Social Sharing Toolkit v2.2 --><span class=\"mr_social_sharing_top\"><span style=\"display: inline-block; width: 55px; height: 62px; overflow: hidden;\"><div class=\"fb-like\" data-href=\"http:\/\/www.blogdopilako.com.br\/wp\/2018\/12\/19\/por-causa-de-voce-por-almir-brito-19\/\" data-send=\"false\" data-layout=\"box_count\" data-width=\"55\" data-show-faces=\"false\"><\/div><\/span><\/span><span class=\"mr_social_sharing_top\"><fb:share-button type=\"box_count\" href=\"http:\/\/www.blogdopilako.com.br\/wp\/2018\/12\/19\/por-causa-de-voce-por-almir-brito-19\/\"><\/fb:share-button><\/span><span class=\"mr_social_sharing\"><a rel=\"nofollow\" class=\"linksalpha_button linksalpha_link\" href=\"\/\/www.linksalpha.com\/social\/mobile\" data-url=\"http:\/\/www.blogdopilako.com.br\/wp\/2018\/12\/19\/por-causa-de-voce-por-almir-brito-19\/\" data-text=\"POR CAUSA DE VOC\u00ca \u2013 por Almir Brito.\" data-desc=\"ALMIR BRITO\u00a0no seu CD instrumental -\u00a0 TODOS OS TONS -\u00a0 trazendo no viol\u00e3o,\u00a0\u00a0POR CAUSA DE VOC\u00ca, composi\u00e7\u00e3o de Dolores Duran e Tom Jobim. Gostou da m\u00fasica? \u2013\u00a0Baixe a MP3 Aldenisio Tavares\" data-image=\"http:\/\/www.blogdopilako.com.br\/wp\/wp-content\/uploads\/2018\/12\/almir_brito.jpg\" data-button=\"none\">\n\t\t\t\t\t<img src=\"\/\/www.linksalpha.com\/images\/social_share_button.png\" alt=\"Share\" class=\"linksalpha_image\" \/>\n\t\t\t\t\t<\/a><script type=\"text\/javascript\" src=\"\/\/www.linksalpha.com\/scripts\/loader_iconbox.js?v=2.4\"><\/script><\/span><\/div>","protected":false},"excerpt":{"rendered":"\n\t\t\t\t<div class=\"mr_social_sharing_wrapper\">\n\t\t\t\t<!-- Social Sharing Toolkit v2.2 --><span class=\"mr_social_sharing_top\"><span style=\"display: inline-block; width: 55px; height: 62px; overflow: hidden;\"><div class=\"fb-like\" data-href=\"http:\/\/www.blogdopilako.com.br\/wp\/2018\/12\/19\/por-causa-de-voce-por-almir-brito-19\/\" data-send=\"false\" data-layout=\"box_count\" data-width=\"55\" data-show-faces=\"false\"><\/div><\/span><\/span><span class=\"mr_social_sharing_top\"><fb:share-button type=\"box_count\" href=\"http:\/\/www.blogdopilako.com.br\/wp\/2018\/12\/19\/por-causa-de-voce-por-almir-brito-19\/\"><\/fb:share-button><\/span><span class=\"mr_social_sharing\"><a rel=\"nofollow\" class=\"linksalpha_button linksalpha_link\" href=\"\/\/www.linksalpha.com\/social\/mobile\" data-url=\"http:\/\/www.blogdopilako.com.br\/wp\/2018\/12\/19\/por-causa-de-voce-por-almir-brito-19\/\" data-text=\"POR CAUSA DE VOC\u00ca \u2013 por Almir Brito.\" data-desc=\"ALMIR BRITO\u00a0no seu CD instrumental -\u00a0 TODOS OS TONS -\u00a0 trazendo no viol\u00e3o,\u00a0\u00a0POR CAUSA DE VOC\u00ca, composi\u00e7\u00e3o de Dolores Duran e Tom Jobim. Gostou da m\u00fasica? \u2013\u00a0Baixe a MP3 Aldenisio Tavares\" data-image=\"\" data-button=\"none\">\n\t\t\t\t\t<img src=\"\/\/www.linksalpha.com\/images\/social_share_button.png\" alt=\"Share\" class=\"linksalpha_image\" \/>\n\t\t\t\t\t<\/a><script type=\"text\/javascript\" src=\"\/\/www.linksalpha.com\/scripts\/loader_iconbox.js?v=2.4\"><\/script><\/span><\/div><p>ALMIR BRITO\u00a0no seu CD instrumental &#8211;\u00a0 TODOS OS TONS &#8211;\u00a0 trazendo no viol\u00e3o,\u00a0\u00a0POR CAUSA DE VOC\u00ca, composi\u00e7\u00e3o de Dolores Duran e Tom Jobim. [powerpress url=..\/mp3\/almir_brito_2.mp3] Gostou da m\u00fasica? \u2013\u00a0Baixe a MP3 Aldenisio Tavares<\/p>\n\n\t\t\t\t<div class=\"mr_social_sharing_wrapper\">\n\t\t\t\t<!-- Social Sharing Toolkit v2.2 --><span class=\"mr_social_sharing_top\"><span style=\"display: inline-block; width: 55px; height: 62px; overflow: hidden;\"><div class=\"fb-like\" data-href=\"http:\/\/www.blogdopilako.com.br\/wp\/2018\/12\/19\/por-causa-de-voce-por-almir-brito-19\/\" data-send=\"false\" data-layout=\"box_count\" data-width=\"55\" data-show-faces=\"false\"><\/div><\/span><\/span><span class=\"mr_social_sharing_top\"><fb:share-button type=\"box_count\" href=\"http:\/\/www.blogdopilako.com.br\/wp\/2018\/12\/19\/por-causa-de-voce-por-almir-brito-19\/\"><\/fb:share-button><\/span><span class=\"mr_social_sharing\"><a rel=\"nofollow\" class=\"linksalpha_button linksalpha_link\" href=\"\/\/www.linksalpha.com\/social\/mobile\" data-url=\"http:\/\/www.blogdopilako.com.br\/wp\/2018\/12\/19\/por-causa-de-voce-por-almir-brito-19\/\" data-text=\"POR CAUSA DE VOC\u00ca \u2013 por Almir Brito.\" data-desc=\"ALMIR BRITO\u00a0no seu CD instrumental -\u00a0 TODOS OS TONS -\u00a0 trazendo no viol\u00e3o,\u00a0\u00a0POR CAUSA DE VOC\u00ca, composi\u00e7\u00e3o de Dolores Duran e Tom Jobim. Gostou da m\u00fasica? \u2013\u00a0Baixe a MP3 Aldenisio Tavares\" data-image=\"\" data-button=\"none\">\n\t\t\t\t\t<img src=\"\/\/www.linksalpha.com\/images\/social_share_button.png\" alt=\"Share\" class=\"linksalpha_image\" \/>\n\t\t\t\t\t<\/a><script type=\"text\/javascript\" src=\"\/\/www.linksalpha.com\/scripts\/loader_iconbox.js?v=2.4\"><\/script><\/span><\/div>","protected":false},"author":2,"featured_media":0,"comment_status":"open","ping_status":"open","sticky":false,"template":"","format":"standard","meta":[],"categories":[17],"tags":[],"_links":{"self":[{"href":"http:\/\/www.blogdopilako.com.br\/wp\/wp-json\/wp\/v2\/posts\/118899"}],"collection":[{"href":"http:\/\/www.blogdopilako.com.br\/wp\/wp-json\/wp\/v2\/posts"}],"about":[{"href":"http:\/\/www.blogdopilako.com.br\/wp\/wp-json\/wp\/v2\/types\/post"}],"author":[{"embeddable":true,"href":"http:\/\/www.blogdopilako.com.br\/wp\/wp-json\/wp\/v2\/users\/2"}],"replies":[{"embeddable":true,"href":"http:\/\/www.blogdopilako.com.br\/wp\/wp-json\/wp\/v2\/comments?post=118899"}],"version-history":[{"count":1,"href":"http:\/\/www.blogdopilako.com.br\/wp\/wp-json\/wp\/v2\/posts\/118899\/revisions"}],"predecessor-version":[{"id":118901,"href":"http:\/\/www.blogdopilako.com.br\/wp\/wp-json\/wp\/v2\/posts\/118899\/revisions\/118901"}],"wp:attachment":[{"href":"http:\/\/www.blogdopilako.com.br\/wp\/wp-json\/wp\/v2\/media?parent=118899"}],"wp:term":[{"taxonomy":"category","embeddable":true,"href":"http:\/\/www.blogdopilako.com.br\/wp\/wp-json\/wp\/v2\/categories?post=118899"},{"taxonomy":"post_tag","embeddable":true,"href":"http:\/\/www.blogdopilako.com.br\/wp\/wp-json\/wp\/v2\/tags?post=118899"}],"curies":[{"name":"wp","href":"https:\/\/api.w.org\/{rel}","templated":true}]}}