{"id":118870,"date":"2018-12-18T12:20:48","date_gmt":"2018-12-18T14:20:48","guid":{"rendered":"http:\/\/www.blogdopilako.com.br\/wp\/?p=118870"},"modified":"2018-12-18T11:03:13","modified_gmt":"2018-12-18T13:03:13","slug":"momento-grau-tecnico-vitoria-823","status":"publish","type":"post","link":"http:\/\/www.blogdopilako.com.br\/wp\/2018\/12\/18\/momento-grau-tecnico-vitoria-823\/","title":{"rendered":"Momento Grau T\u00e9cnico Vit\u00f3ria."},"content":{"rendered":"\n\t\t\t\t<div class=\"mr_social_sharing_wrapper\">\n\t\t\t\t<!-- Social Sharing Toolkit v2.2 --><span class=\"mr_social_sharing_top\"><span style=\"display: inline-block; width: 55px; height: 62px; overflow: hidden;\"><div class=\"fb-like\" data-href=\"http:\/\/www.blogdopilako.com.br\/wp\/2018\/12\/18\/momento-grau-tecnico-vitoria-823\/\" data-send=\"false\" data-layout=\"box_count\" data-width=\"55\" data-show-faces=\"false\"><\/div><\/span><\/span><span class=\"mr_social_sharing_top\"><fb:share-button type=\"box_count\" href=\"http:\/\/www.blogdopilako.com.br\/wp\/2018\/12\/18\/momento-grau-tecnico-vitoria-823\/\"><\/fb:share-button><\/span><span class=\"mr_social_sharing\"><a rel=\"nofollow\" class=\"linksalpha_button linksalpha_link\" href=\"\/\/www.linksalpha.com\/social\/mobile\" data-url=\"http:\/\/www.blogdopilako.com.br\/wp\/2018\/12\/18\/momento-grau-tecnico-vitoria-823\/\" data-text=\"Momento Grau T\u00e9cnico Vit\u00f3ria.\" data-desc=\"Ontem essa turma do Grau T\u00e9cnico me fez reviver a alegria da medalha Ol\u00edmpica. Que energia... que alegria... que emo\u00e7\u00e3o... obrigada pelo convite. Foi \u201cdiferente\u201d contar minha hist\u00f3ria pra voc\u00eas. @grau_tecnico @atletasdemarca @aikaempresarial (cria\u00e7\u00e3o: @belivre).\" data-image=\"http:\/\/www.blogdopilako.com.br\/wp\/wp-content\/uploads\/2018\/12\/48381307_2148666368514573_6835264173241270272_n.jpg\" data-button=\"none\">\n\t\t\t\t\t<img src=\"\/\/www.linksalpha.com\/images\/social_share_button.png\" alt=\"Share\" class=\"linksalpha_image\" \/>\n\t\t\t\t\t<\/a><script type=\"text\/javascript\" src=\"\/\/www.linksalpha.com\/scripts\/loader_iconbox.js?v=2.4\"><\/script><\/span><\/div><p style=\"text-align: justify;\">Ontem essa turma do Grau T\u00e9cnico me fez reviver a alegria da medalha Ol\u00edmpica. Que energia&#8230; que alegria&#8230; que emo\u00e7\u00e3o&#8230; obrigada pelo convite. Foi \u201cdiferente\u201d contar minha hist\u00f3ria pra voc\u00eas. @grau_tecnico @atletasdemarca @aikaempresarial (cria\u00e7\u00e3o: @belivre).<\/p>\n<p><a href=\"http:\/\/www.blogdopilako.com.br\/wp\/wp-content\/uploads\/2018\/12\/48381307_2148666368514573_6835264173241270272_n.jpg\"><img loading=\"lazy\" class=\"aligncenter size-full wp-image-118871\" src=\"http:\/\/www.blogdopilako.com.br\/wp\/wp-content\/uploads\/2018\/12\/48381307_2148666368514573_6835264173241270272_n.jpg\" alt=\"\" width=\"960\" height=\"960\" srcset=\"http:\/\/www.blogdopilako.com.br\/wp\/wp-content\/uploads\/2018\/12\/48381307_2148666368514573_6835264173241270272_n.jpg 960w, http:\/\/www.blogdopilako.com.br\/wp\/wp-content\/uploads\/2018\/12\/48381307_2148666368514573_6835264173241270272_n-150x150.jpg 150w, http:\/\/www.blogdopilako.com.br\/wp\/wp-content\/uploads\/2018\/12\/48381307_2148666368514573_6835264173241270272_n-300x300.jpg 300w, http:\/\/www.blogdopilako.com.br\/wp\/wp-content\/uploads\/2018\/12\/48381307_2148666368514573_6835264173241270272_n-768x768.jpg 768w\" sizes=\"(max-width: 960px) 100vw, 960px\" \/><\/a><\/p>\n\n\t\t\t\t<div class=\"mr_social_sharing_wrapper\">\n\t\t\t\t<!-- Social Sharing Toolkit v2.2 --><span class=\"mr_social_sharing_top\"><span style=\"display: inline-block; width: 55px; height: 62px; overflow: hidden;\"><div class=\"fb-like\" data-href=\"http:\/\/www.blogdopilako.com.br\/wp\/2018\/12\/18\/momento-grau-tecnico-vitoria-823\/\" data-send=\"false\" data-layout=\"box_count\" data-width=\"55\" data-show-faces=\"false\"><\/div><\/span><\/span><span class=\"mr_social_sharing_top\"><fb:share-button type=\"box_count\" href=\"http:\/\/www.blogdopilako.com.br\/wp\/2018\/12\/18\/momento-grau-tecnico-vitoria-823\/\"><\/fb:share-button><\/span><span class=\"mr_social_sharing\"><a rel=\"nofollow\" class=\"linksalpha_button linksalpha_link\" href=\"\/\/www.linksalpha.com\/social\/mobile\" data-url=\"http:\/\/www.blogdopilako.com.br\/wp\/2018\/12\/18\/momento-grau-tecnico-vitoria-823\/\" data-text=\"Momento Grau T\u00e9cnico Vit\u00f3ria.\" data-desc=\"Ontem essa turma do Grau T\u00e9cnico me fez reviver a alegria da medalha Ol\u00edmpica. Que energia... que alegria... que emo\u00e7\u00e3o... obrigada pelo convite. Foi \u201cdiferente\u201d contar minha hist\u00f3ria pra voc\u00eas. @grau_tecnico @atletasdemarca @aikaempresarial (cria\u00e7\u00e3o: @belivre).\" data-image=\"http:\/\/www.blogdopilako.com.br\/wp\/wp-content\/uploads\/2018\/12\/48381307_2148666368514573_6835264173241270272_n.jpg\" data-button=\"none\">\n\t\t\t\t\t<img src=\"\/\/www.linksalpha.com\/images\/social_share_button.png\" alt=\"Share\" class=\"linksalpha_image\" \/>\n\t\t\t\t\t<\/a><script type=\"text\/javascript\" src=\"\/\/www.linksalpha.com\/scripts\/loader_iconbox.js?v=2.4\"><\/script><\/span><\/div>","protected":false},"excerpt":{"rendered":"\n\t\t\t\t<div class=\"mr_social_sharing_wrapper\">\n\t\t\t\t<!-- Social Sharing Toolkit v2.2 --><span class=\"mr_social_sharing_top\"><span style=\"display: inline-block; width: 55px; height: 62px; overflow: hidden;\"><div class=\"fb-like\" data-href=\"http:\/\/www.blogdopilako.com.br\/wp\/2018\/12\/18\/momento-grau-tecnico-vitoria-823\/\" data-send=\"false\" data-layout=\"box_count\" data-width=\"55\" data-show-faces=\"false\"><\/div><\/span><\/span><span class=\"mr_social_sharing_top\"><fb:share-button type=\"box_count\" href=\"http:\/\/www.blogdopilako.com.br\/wp\/2018\/12\/18\/momento-grau-tecnico-vitoria-823\/\"><\/fb:share-button><\/span><span class=\"mr_social_sharing\"><a rel=\"nofollow\" class=\"linksalpha_button linksalpha_link\" href=\"\/\/www.linksalpha.com\/social\/mobile\" data-url=\"http:\/\/www.blogdopilako.com.br\/wp\/2018\/12\/18\/momento-grau-tecnico-vitoria-823\/\" data-text=\"Momento Grau T\u00e9cnico Vit\u00f3ria.\" data-desc=\"Ontem essa turma do Grau T\u00e9cnico me fez reviver a alegria da medalha Ol\u00edmpica. Que energia... que alegria... que emo\u00e7\u00e3o... obrigada pelo convite. Foi \u201cdiferente\u201d contar minha hist\u00f3ria pra voc\u00eas. @grau_tecnico @atletasdemarca @aikaempresarial (cria\u00e7\u00e3o: @belivre).\" data-image=\"\" data-button=\"none\">\n\t\t\t\t\t<img src=\"\/\/www.linksalpha.com\/images\/social_share_button.png\" alt=\"Share\" class=\"linksalpha_image\" \/>\n\t\t\t\t\t<\/a><script type=\"text\/javascript\" src=\"\/\/www.linksalpha.com\/scripts\/loader_iconbox.js?v=2.4\"><\/script><\/span><\/div><p>Ontem essa turma do Grau T\u00e9cnico me fez reviver a alegria da medalha Ol\u00edmpica. Que energia&#8230; que alegria&#8230; que emo\u00e7\u00e3o&#8230; obrigada pelo convite. Foi \u201cdiferente\u201d contar minha hist\u00f3ria pra voc\u00eas. @grau_tecnico @atletasdemarca @aikaempresarial (cria\u00e7\u00e3o: @belivre).<\/p>\n\n\t\t\t\t<div class=\"mr_social_sharing_wrapper\">\n\t\t\t\t<!-- Social Sharing Toolkit v2.2 --><span class=\"mr_social_sharing_top\"><span style=\"display: inline-block; width: 55px; height: 62px; overflow: hidden;\"><div class=\"fb-like\" data-href=\"http:\/\/www.blogdopilako.com.br\/wp\/2018\/12\/18\/momento-grau-tecnico-vitoria-823\/\" data-send=\"false\" data-layout=\"box_count\" data-width=\"55\" data-show-faces=\"false\"><\/div><\/span><\/span><span class=\"mr_social_sharing_top\"><fb:share-button type=\"box_count\" href=\"http:\/\/www.blogdopilako.com.br\/wp\/2018\/12\/18\/momento-grau-tecnico-vitoria-823\/\"><\/fb:share-button><\/span><span class=\"mr_social_sharing\"><a rel=\"nofollow\" class=\"linksalpha_button linksalpha_link\" href=\"\/\/www.linksalpha.com\/social\/mobile\" data-url=\"http:\/\/www.blogdopilako.com.br\/wp\/2018\/12\/18\/momento-grau-tecnico-vitoria-823\/\" data-text=\"Momento Grau T\u00e9cnico Vit\u00f3ria.\" data-desc=\"Ontem essa turma do Grau T\u00e9cnico me fez reviver a alegria da medalha Ol\u00edmpica. Que energia... que alegria... que emo\u00e7\u00e3o... obrigada pelo convite. Foi \u201cdiferente\u201d contar minha hist\u00f3ria pra voc\u00eas. @grau_tecnico @atletasdemarca @aikaempresarial (cria\u00e7\u00e3o: @belivre).\" data-image=\"\" data-button=\"none\">\n\t\t\t\t\t<img src=\"\/\/www.linksalpha.com\/images\/social_share_button.png\" alt=\"Share\" class=\"linksalpha_image\" \/>\n\t\t\t\t\t<\/a><script type=\"text\/javascript\" src=\"\/\/www.linksalpha.com\/scripts\/loader_iconbox.js?v=2.4\"><\/script><\/span><\/div>","protected":false},"author":2,"featured_media":0,"comment_status":"open","ping_status":"open","sticky":false,"template":"","format":"standard","meta":[],"categories":[120],"tags":[],"_links":{"self":[{"href":"http:\/\/www.blogdopilako.com.br\/wp\/wp-json\/wp\/v2\/posts\/118870"}],"collection":[{"href":"http:\/\/www.blogdopilako.com.br\/wp\/wp-json\/wp\/v2\/posts"}],"about":[{"href":"http:\/\/www.blogdopilako.com.br\/wp\/wp-json\/wp\/v2\/types\/post"}],"author":[{"embeddable":true,"href":"http:\/\/www.blogdopilako.com.br\/wp\/wp-json\/wp\/v2\/users\/2"}],"replies":[{"embeddable":true,"href":"http:\/\/www.blogdopilako.com.br\/wp\/wp-json\/wp\/v2\/comments?post=118870"}],"version-history":[{"count":1,"href":"http:\/\/www.blogdopilako.com.br\/wp\/wp-json\/wp\/v2\/posts\/118870\/revisions"}],"predecessor-version":[{"id":118872,"href":"http:\/\/www.blogdopilako.com.br\/wp\/wp-json\/wp\/v2\/posts\/118870\/revisions\/118872"}],"wp:attachment":[{"href":"http:\/\/www.blogdopilako.com.br\/wp\/wp-json\/wp\/v2\/media?parent=118870"}],"wp:term":[{"taxonomy":"category","embeddable":true,"href":"http:\/\/www.blogdopilako.com.br\/wp\/wp-json\/wp\/v2\/categories?post=118870"},{"taxonomy":"post_tag","embeddable":true,"href":"http:\/\/www.blogdopilako.com.br\/wp\/wp-json\/wp\/v2\/tags?post=118870"}],"curies":[{"name":"wp","href":"https:\/\/api.w.org\/{rel}","templated":true}]}}