{"id":118764,"date":"2018-12-13T15:01:00","date_gmt":"2018-12-13T17:01:00","guid":{"rendered":"http:\/\/www.blogdopilako.com.br\/wp\/?p=118764"},"modified":"2018-12-13T16:28:10","modified_gmt":"2018-12-13T18:28:10","slug":"o-tempo-voa-apresentacao-civica-no-colegio-nossa-senhora-das-gracas-1973-2","status":"publish","type":"post","link":"http:\/\/www.blogdopilako.com.br\/wp\/2018\/12\/13\/o-tempo-voa-apresentacao-civica-no-colegio-nossa-senhora-das-gracas-1973-2\/","title":{"rendered":"O Tempo Voa: Apresenta\u00e7\u00e3o C\u00edvica no Col\u00e9gio Nossa Senhora da Gra\u00e7a (1973)."},"content":{"rendered":"\n\t\t\t\t<div class=\"mr_social_sharing_wrapper\">\n\t\t\t\t<!-- Social Sharing Toolkit v2.2 --><span class=\"mr_social_sharing_top\"><span style=\"display: inline-block; width: 55px; height: 62px; overflow: hidden;\"><div class=\"fb-like\" data-href=\"http:\/\/www.blogdopilako.com.br\/wp\/2018\/12\/13\/o-tempo-voa-apresentacao-civica-no-colegio-nossa-senhora-das-gracas-1973-2\/\" data-send=\"false\" data-layout=\"box_count\" data-width=\"55\" data-show-faces=\"false\"><\/div><\/span><\/span><span class=\"mr_social_sharing_top\"><fb:share-button type=\"box_count\" href=\"http:\/\/www.blogdopilako.com.br\/wp\/2018\/12\/13\/o-tempo-voa-apresentacao-civica-no-colegio-nossa-senhora-das-gracas-1973-2\/\"><\/fb:share-button><\/span><span class=\"mr_social_sharing\"><a rel=\"nofollow\" class=\"linksalpha_button linksalpha_link\" href=\"\/\/www.linksalpha.com\/social\/mobile\" data-url=\"http:\/\/www.blogdopilako.com.br\/wp\/2018\/12\/13\/o-tempo-voa-apresentacao-civica-no-colegio-nossa-senhora-das-gracas-1973-2\/\" data-text=\"O Tempo Voa: Apresenta\u00e7\u00e3o C\u00edvica no Col\u00e9gio Nossa Senhora da Gra\u00e7a (1973).\" data-desc=\"Foto registrada no Audit\u00f3rio do Col\u00e9gio Nossa Senhora da Gra\u00e7a em\u00a01973, durante apresenta\u00e7\u00e3o c\u00edvica dos alunos.\u00a0\" data-image=\"http:\/\/www.blogdopilako.com.br\/wp\/wp-content\/uploads\/2018\/12\/O-TEMPO-VOA-damas.jpg\" data-button=\"none\">\n\t\t\t\t\t<img src=\"\/\/www.linksalpha.com\/images\/social_share_button.png\" alt=\"Share\" class=\"linksalpha_image\" \/>\n\t\t\t\t\t<\/a><script type=\"text\/javascript\" src=\"\/\/www.linksalpha.com\/scripts\/loader_iconbox.js?v=2.4\"><\/script><\/span><\/div><p><a href=\"http:\/\/www.blogdopilako.com.br\/wp\/wp-content\/uploads\/2018\/12\/O-TEMPO-VOA-damas.jpg\"><img loading=\"lazy\" class=\"aligncenter size-full wp-image-118765\" src=\"http:\/\/www.blogdopilako.com.br\/wp\/wp-content\/uploads\/2018\/12\/O-TEMPO-VOA-damas.jpg\" alt=\"\" width=\"582\" height=\"428\" srcset=\"http:\/\/www.blogdopilako.com.br\/wp\/wp-content\/uploads\/2018\/12\/O-TEMPO-VOA-damas.jpg 582w, http:\/\/www.blogdopilako.com.br\/wp\/wp-content\/uploads\/2018\/12\/O-TEMPO-VOA-damas-300x221.jpg 300w\" sizes=\"(max-width: 582px) 100vw, 582px\" \/><\/a><\/p>\n<p><strong>Foto registrada no Audit\u00f3rio do Col\u00e9gio Nossa Senhora da Gra\u00e7a em\u00a01973, durante apresenta\u00e7\u00e3o c\u00edvica dos alunos.\u00a0<\/strong><\/p>\n\n\t\t\t\t<div class=\"mr_social_sharing_wrapper\">\n\t\t\t\t<!-- Social Sharing Toolkit v2.2 --><span class=\"mr_social_sharing_top\"><span style=\"display: inline-block; width: 55px; height: 62px; overflow: hidden;\"><div class=\"fb-like\" data-href=\"http:\/\/www.blogdopilako.com.br\/wp\/2018\/12\/13\/o-tempo-voa-apresentacao-civica-no-colegio-nossa-senhora-das-gracas-1973-2\/\" data-send=\"false\" data-layout=\"box_count\" data-width=\"55\" data-show-faces=\"false\"><\/div><\/span><\/span><span class=\"mr_social_sharing_top\"><fb:share-button type=\"box_count\" href=\"http:\/\/www.blogdopilako.com.br\/wp\/2018\/12\/13\/o-tempo-voa-apresentacao-civica-no-colegio-nossa-senhora-das-gracas-1973-2\/\"><\/fb:share-button><\/span><span class=\"mr_social_sharing\"><a rel=\"nofollow\" class=\"linksalpha_button linksalpha_link\" href=\"\/\/www.linksalpha.com\/social\/mobile\" data-url=\"http:\/\/www.blogdopilako.com.br\/wp\/2018\/12\/13\/o-tempo-voa-apresentacao-civica-no-colegio-nossa-senhora-das-gracas-1973-2\/\" data-text=\"O Tempo Voa: Apresenta\u00e7\u00e3o C\u00edvica no Col\u00e9gio Nossa Senhora da Gra\u00e7a (1973).\" data-desc=\"Foto registrada no Audit\u00f3rio do Col\u00e9gio Nossa Senhora da Gra\u00e7a em\u00a01973, durante apresenta\u00e7\u00e3o c\u00edvica dos alunos.\u00a0\" data-image=\"http:\/\/www.blogdopilako.com.br\/wp\/wp-content\/uploads\/2018\/12\/O-TEMPO-VOA-damas.jpg\" data-button=\"none\">\n\t\t\t\t\t<img src=\"\/\/www.linksalpha.com\/images\/social_share_button.png\" alt=\"Share\" class=\"linksalpha_image\" \/>\n\t\t\t\t\t<\/a><script type=\"text\/javascript\" src=\"\/\/www.linksalpha.com\/scripts\/loader_iconbox.js?v=2.4\"><\/script><\/span><\/div>","protected":false},"excerpt":{"rendered":"\n\t\t\t\t<div class=\"mr_social_sharing_wrapper\">\n\t\t\t\t<!-- Social Sharing Toolkit v2.2 --><span class=\"mr_social_sharing_top\"><span style=\"display: inline-block; width: 55px; height: 62px; overflow: hidden;\"><div class=\"fb-like\" data-href=\"http:\/\/www.blogdopilako.com.br\/wp\/2018\/12\/13\/o-tempo-voa-apresentacao-civica-no-colegio-nossa-senhora-das-gracas-1973-2\/\" data-send=\"false\" data-layout=\"box_count\" data-width=\"55\" data-show-faces=\"false\"><\/div><\/span><\/span><span class=\"mr_social_sharing_top\"><fb:share-button type=\"box_count\" href=\"http:\/\/www.blogdopilako.com.br\/wp\/2018\/12\/13\/o-tempo-voa-apresentacao-civica-no-colegio-nossa-senhora-das-gracas-1973-2\/\"><\/fb:share-button><\/span><span class=\"mr_social_sharing\"><a rel=\"nofollow\" class=\"linksalpha_button linksalpha_link\" href=\"\/\/www.linksalpha.com\/social\/mobile\" data-url=\"http:\/\/www.blogdopilako.com.br\/wp\/2018\/12\/13\/o-tempo-voa-apresentacao-civica-no-colegio-nossa-senhora-das-gracas-1973-2\/\" data-text=\"O Tempo Voa: Apresenta\u00e7\u00e3o C\u00edvica no Col\u00e9gio Nossa Senhora da Gra\u00e7a (1973).\" data-desc=\"Foto registrada no Audit\u00f3rio do Col\u00e9gio Nossa Senhora da Gra\u00e7a em\u00a01973, durante apresenta\u00e7\u00e3o c\u00edvica dos alunos.\u00a0\" data-image=\"\" data-button=\"none\">\n\t\t\t\t\t<img src=\"\/\/www.linksalpha.com\/images\/social_share_button.png\" alt=\"Share\" class=\"linksalpha_image\" \/>\n\t\t\t\t\t<\/a><script type=\"text\/javascript\" src=\"\/\/www.linksalpha.com\/scripts\/loader_iconbox.js?v=2.4\"><\/script><\/span><\/div><p>Foto registrada no Audit\u00f3rio do Col\u00e9gio Nossa Senhora da Gra\u00e7a em\u00a01973, durante apresenta\u00e7\u00e3o c\u00edvica dos alunos.\u00a0<\/p>\n\n\t\t\t\t<div class=\"mr_social_sharing_wrapper\">\n\t\t\t\t<!-- Social Sharing Toolkit v2.2 --><span class=\"mr_social_sharing_top\"><span style=\"display: inline-block; width: 55px; height: 62px; overflow: hidden;\"><div class=\"fb-like\" data-href=\"http:\/\/www.blogdopilako.com.br\/wp\/2018\/12\/13\/o-tempo-voa-apresentacao-civica-no-colegio-nossa-senhora-das-gracas-1973-2\/\" data-send=\"false\" data-layout=\"box_count\" data-width=\"55\" data-show-faces=\"false\"><\/div><\/span><\/span><span class=\"mr_social_sharing_top\"><fb:share-button type=\"box_count\" href=\"http:\/\/www.blogdopilako.com.br\/wp\/2018\/12\/13\/o-tempo-voa-apresentacao-civica-no-colegio-nossa-senhora-das-gracas-1973-2\/\"><\/fb:share-button><\/span><span class=\"mr_social_sharing\"><a rel=\"nofollow\" class=\"linksalpha_button linksalpha_link\" href=\"\/\/www.linksalpha.com\/social\/mobile\" data-url=\"http:\/\/www.blogdopilako.com.br\/wp\/2018\/12\/13\/o-tempo-voa-apresentacao-civica-no-colegio-nossa-senhora-das-gracas-1973-2\/\" data-text=\"O Tempo Voa: Apresenta\u00e7\u00e3o C\u00edvica no Col\u00e9gio Nossa Senhora da Gra\u00e7a (1973).\" data-desc=\"Foto registrada no Audit\u00f3rio do Col\u00e9gio Nossa Senhora da Gra\u00e7a em\u00a01973, durante apresenta\u00e7\u00e3o c\u00edvica dos alunos.\u00a0\" data-image=\"\" data-button=\"none\">\n\t\t\t\t\t<img src=\"\/\/www.linksalpha.com\/images\/social_share_button.png\" alt=\"Share\" class=\"linksalpha_image\" \/>\n\t\t\t\t\t<\/a><script type=\"text\/javascript\" src=\"\/\/www.linksalpha.com\/scripts\/loader_iconbox.js?v=2.4\"><\/script><\/span><\/div>","protected":false},"author":2,"featured_media":0,"comment_status":"open","ping_status":"open","sticky":false,"template":"","format":"standard","meta":[],"categories":[23],"tags":[],"_links":{"self":[{"href":"http:\/\/www.blogdopilako.com.br\/wp\/wp-json\/wp\/v2\/posts\/118764"}],"collection":[{"href":"http:\/\/www.blogdopilako.com.br\/wp\/wp-json\/wp\/v2\/posts"}],"about":[{"href":"http:\/\/www.blogdopilako.com.br\/wp\/wp-json\/wp\/v2\/types\/post"}],"author":[{"embeddable":true,"href":"http:\/\/www.blogdopilako.com.br\/wp\/wp-json\/wp\/v2\/users\/2"}],"replies":[{"embeddable":true,"href":"http:\/\/www.blogdopilako.com.br\/wp\/wp-json\/wp\/v2\/comments?post=118764"}],"version-history":[{"count":3,"href":"http:\/\/www.blogdopilako.com.br\/wp\/wp-json\/wp\/v2\/posts\/118764\/revisions"}],"predecessor-version":[{"id":118796,"href":"http:\/\/www.blogdopilako.com.br\/wp\/wp-json\/wp\/v2\/posts\/118764\/revisions\/118796"}],"wp:attachment":[{"href":"http:\/\/www.blogdopilako.com.br\/wp\/wp-json\/wp\/v2\/media?parent=118764"}],"wp:term":[{"taxonomy":"category","embeddable":true,"href":"http:\/\/www.blogdopilako.com.br\/wp\/wp-json\/wp\/v2\/categories?post=118764"},{"taxonomy":"post_tag","embeddable":true,"href":"http:\/\/www.blogdopilako.com.br\/wp\/wp-json\/wp\/v2\/tags?post=118764"}],"curies":[{"name":"wp","href":"https:\/\/api.w.org\/{rel}","templated":true}]}}