{"id":118513,"date":"2018-12-03T16:00:10","date_gmt":"2018-12-03T18:00:10","guid":{"rendered":"http:\/\/www.blogdopilako.com.br\/wp\/?p=118513"},"modified":"2018-12-03T15:15:40","modified_gmt":"2018-12-03T17:15:40","slug":"com-evento-no-restaurante-gamela-de-ouro-a-liga-vitoriense-de-desportos-comemorou-30-anos-de-fundacao","status":"publish","type":"post","link":"http:\/\/www.blogdopilako.com.br\/wp\/2018\/12\/03\/com-evento-no-restaurante-gamela-de-ouro-a-liga-vitoriense-de-desportos-comemorou-30-anos-de-fundacao\/","title":{"rendered":"Com evento no Restaurante Gamela de Ouro a Liga Vitoriense de Desportos comemorou 30 anos de funda\u00e7\u00e3o."},"content":{"rendered":"\n\t\t\t\t<div class=\"mr_social_sharing_wrapper\">\n\t\t\t\t<!-- Social Sharing Toolkit v2.2 --><span class=\"mr_social_sharing_top\"><span style=\"display: inline-block; width: 55px; height: 62px; overflow: hidden;\"><div class=\"fb-like\" data-href=\"http:\/\/www.blogdopilako.com.br\/wp\/2018\/12\/03\/com-evento-no-restaurante-gamela-de-ouro-a-liga-vitoriense-de-desportos-comemorou-30-anos-de-fundacao\/\" data-send=\"false\" data-layout=\"box_count\" data-width=\"55\" data-show-faces=\"false\"><\/div><\/span><\/span><span class=\"mr_social_sharing_top\"><fb:share-button type=\"box_count\" href=\"http:\/\/www.blogdopilako.com.br\/wp\/2018\/12\/03\/com-evento-no-restaurante-gamela-de-ouro-a-liga-vitoriense-de-desportos-comemorou-30-anos-de-fundacao\/\"><\/fb:share-button><\/span><span class=\"mr_social_sharing\"><a rel=\"nofollow\" class=\"linksalpha_button linksalpha_link\" href=\"\/\/www.linksalpha.com\/social\/mobile\" data-url=\"http:\/\/www.blogdopilako.com.br\/wp\/2018\/12\/03\/com-evento-no-restaurante-gamela-de-ouro-a-liga-vitoriense-de-desportos-comemorou-30-anos-de-fundacao\/\" data-text=\"Com evento no Restaurante Gamela de Ouro a Liga Vitoriense de Desportos comemorou 30 anos de funda\u00e7\u00e3o.\" data-desc=\"Na noite do s\u00e1bado (01) o futebol amador vitoriense, sob o comando do atuante Joel Neto h\u00e1 20 anos, comemorou os 30 anos de funda\u00e7\u00e3o da LVD \u2013 Liga Vitoriense de Desportos. O evento contou com a \u00a0presen\u00e7a de representantes da diretoria do conjunto de times de futebol locais filiados, com\" data-image=\"http:\/\/www.blogdopilako.com.br\/wp\/wp-content\/uploads\/2018\/12\/967781eb-7c30-4da4-b5df-42e29a6071a8-1024x768.jpg\" data-button=\"none\">\n\t\t\t\t\t<img src=\"\/\/www.linksalpha.com\/images\/social_share_button.png\" alt=\"Share\" class=\"linksalpha_image\" \/>\n\t\t\t\t\t<\/a><script type=\"text\/javascript\" src=\"\/\/www.linksalpha.com\/scripts\/loader_iconbox.js?v=2.4\"><\/script><\/span><\/div><p><a href=\"http:\/\/www.blogdopilako.com.br\/wp\/wp-content\/uploads\/2018\/12\/967781eb-7c30-4da4-b5df-42e29a6071a8.jpg\"><img loading=\"lazy\" class=\"aligncenter size-large wp-image-118516\" src=\"http:\/\/www.blogdopilako.com.br\/wp\/wp-content\/uploads\/2018\/12\/967781eb-7c30-4da4-b5df-42e29a6071a8-1024x768.jpg\" alt=\"\" width=\"640\" height=\"480\" srcset=\"http:\/\/www.blogdopilako.com.br\/wp\/wp-content\/uploads\/2018\/12\/967781eb-7c30-4da4-b5df-42e29a6071a8-1024x768.jpg 1024w, http:\/\/www.blogdopilako.com.br\/wp\/wp-content\/uploads\/2018\/12\/967781eb-7c30-4da4-b5df-42e29a6071a8-300x225.jpg 300w, http:\/\/www.blogdopilako.com.br\/wp\/wp-content\/uploads\/2018\/12\/967781eb-7c30-4da4-b5df-42e29a6071a8-768x576.jpg 768w, http:\/\/www.blogdopilako.com.br\/wp\/wp-content\/uploads\/2018\/12\/967781eb-7c30-4da4-b5df-42e29a6071a8.jpg 1280w\" sizes=\"(max-width: 640px) 100vw, 640px\" \/><\/a><\/p>\n<p style=\"text-align: justify;\">Na noite do s\u00e1bado (01) o futebol amador vitoriense, sob o comando do atuante Joel Neto h\u00e1 20 anos, comemorou os 30 anos de funda\u00e7\u00e3o da LVD \u2013 Liga Vitoriense de Desportos. O evento contou com a \u00a0presen\u00e7a de representantes da diretoria do conjunto de times de futebol locais filiados, com representa\u00e7\u00e3o da Federa\u00e7\u00e3o Pernambucana de Futebol, fundadores da LVD e convidados.<\/p>\n<p style=\"text-align: justify;\">O encontro comemorativo aconteceu no Restaurante Gamela de Ouro. Oradores se revezaram ao microfone para real\u00e7ar, entre outras coisas, \u00e0 import\u00e2ncia da Liga para o futebol amador vitoriense assim como para o futebol pernambucano. A figura do anfitri\u00e3o da comemora\u00e7\u00e3o, Joel Neto, foi destacada pela sua lideran\u00e7a e sua capacidade de aglutina\u00e7\u00e3o.<\/p>\n<p><a href=\"http:\/\/www.blogdopilako.com.br\/wp\/wp-content\/uploads\/2018\/12\/73bc9acc-6479-4657-b7c5-ba65a1a8ab5d.jpg\"><img loading=\"lazy\" class=\"aligncenter size-large wp-image-118517\" src=\"http:\/\/www.blogdopilako.com.br\/wp\/wp-content\/uploads\/2018\/12\/73bc9acc-6479-4657-b7c5-ba65a1a8ab5d-1024x346.jpg\" alt=\"\" width=\"640\" height=\"216\" srcset=\"http:\/\/www.blogdopilako.com.br\/wp\/wp-content\/uploads\/2018\/12\/73bc9acc-6479-4657-b7c5-ba65a1a8ab5d-1024x346.jpg 1024w, http:\/\/www.blogdopilako.com.br\/wp\/wp-content\/uploads\/2018\/12\/73bc9acc-6479-4657-b7c5-ba65a1a8ab5d-300x101.jpg 300w, http:\/\/www.blogdopilako.com.br\/wp\/wp-content\/uploads\/2018\/12\/73bc9acc-6479-4657-b7c5-ba65a1a8ab5d-768x259.jpg 768w, http:\/\/www.blogdopilako.com.br\/wp\/wp-content\/uploads\/2018\/12\/73bc9acc-6479-4657-b7c5-ba65a1a8ab5d.jpg 1280w\" sizes=\"(max-width: 640px) 100vw, 640px\" \/><\/a><\/p>\n<p style=\"text-align: justify;\">Entre sorteios e condecora\u00e7\u00f5es, os presentes, ao som do talentoso Rick Anjo, foram convidados aos comes e bebes. Ao amigo Joel Neto, mais uma vez, parab\u00e9ns pela lideran\u00e7a e pelo evento.<\/p>\n<p><a href=\"http:\/\/www.blogdopilako.com.br\/wp\/wp-content\/uploads\/2018\/12\/801a6224-5434-4f61-91e9-f72aadf4e119-1.jpg\"><img loading=\"lazy\" class=\"aligncenter size-large wp-image-118519\" src=\"http:\/\/www.blogdopilako.com.br\/wp\/wp-content\/uploads\/2018\/12\/801a6224-5434-4f61-91e9-f72aadf4e119-1-1024x552.jpg\" alt=\"\" width=\"640\" height=\"345\" srcset=\"http:\/\/www.blogdopilako.com.br\/wp\/wp-content\/uploads\/2018\/12\/801a6224-5434-4f61-91e9-f72aadf4e119-1-1024x552.jpg 1024w, http:\/\/www.blogdopilako.com.br\/wp\/wp-content\/uploads\/2018\/12\/801a6224-5434-4f61-91e9-f72aadf4e119-1-300x162.jpg 300w, http:\/\/www.blogdopilako.com.br\/wp\/wp-content\/uploads\/2018\/12\/801a6224-5434-4f61-91e9-f72aadf4e119-1-768x414.jpg 768w, http:\/\/www.blogdopilako.com.br\/wp\/wp-content\/uploads\/2018\/12\/801a6224-5434-4f61-91e9-f72aadf4e119-1.jpg 1280w\" sizes=\"(max-width: 640px) 100vw, 640px\" \/><\/a><\/p>\n\n\t\t\t\t<div class=\"mr_social_sharing_wrapper\">\n\t\t\t\t<!-- Social Sharing Toolkit v2.2 --><span class=\"mr_social_sharing_top\"><span style=\"display: inline-block; width: 55px; height: 62px; overflow: hidden;\"><div class=\"fb-like\" data-href=\"http:\/\/www.blogdopilako.com.br\/wp\/2018\/12\/03\/com-evento-no-restaurante-gamela-de-ouro-a-liga-vitoriense-de-desportos-comemorou-30-anos-de-fundacao\/\" data-send=\"false\" data-layout=\"box_count\" data-width=\"55\" data-show-faces=\"false\"><\/div><\/span><\/span><span class=\"mr_social_sharing_top\"><fb:share-button type=\"box_count\" href=\"http:\/\/www.blogdopilako.com.br\/wp\/2018\/12\/03\/com-evento-no-restaurante-gamela-de-ouro-a-liga-vitoriense-de-desportos-comemorou-30-anos-de-fundacao\/\"><\/fb:share-button><\/span><span class=\"mr_social_sharing\"><a rel=\"nofollow\" class=\"linksalpha_button linksalpha_link\" href=\"\/\/www.linksalpha.com\/social\/mobile\" data-url=\"http:\/\/www.blogdopilako.com.br\/wp\/2018\/12\/03\/com-evento-no-restaurante-gamela-de-ouro-a-liga-vitoriense-de-desportos-comemorou-30-anos-de-fundacao\/\" data-text=\"Com evento no Restaurante Gamela de Ouro a Liga Vitoriense de Desportos comemorou 30 anos de funda\u00e7\u00e3o.\" data-desc=\"Na noite do s\u00e1bado (01) o futebol amador vitoriense, sob o comando do atuante Joel Neto h\u00e1 20 anos, comemorou os 30 anos de funda\u00e7\u00e3o da LVD \u2013 Liga Vitoriense de Desportos. O evento contou com a \u00a0presen\u00e7a de representantes da diretoria do conjunto de times de futebol locais filiados, com\" data-image=\"http:\/\/www.blogdopilako.com.br\/wp\/wp-content\/uploads\/2018\/12\/967781eb-7c30-4da4-b5df-42e29a6071a8-1024x768.jpg\" data-button=\"none\">\n\t\t\t\t\t<img src=\"\/\/www.linksalpha.com\/images\/social_share_button.png\" alt=\"Share\" class=\"linksalpha_image\" \/>\n\t\t\t\t\t<\/a><script type=\"text\/javascript\" src=\"\/\/www.linksalpha.com\/scripts\/loader_iconbox.js?v=2.4\"><\/script><\/span><\/div>","protected":false},"excerpt":{"rendered":"\n\t\t\t\t<div class=\"mr_social_sharing_wrapper\">\n\t\t\t\t<!-- Social Sharing Toolkit v2.2 --><span class=\"mr_social_sharing_top\"><span style=\"display: inline-block; width: 55px; height: 62px; overflow: hidden;\"><div class=\"fb-like\" data-href=\"http:\/\/www.blogdopilako.com.br\/wp\/2018\/12\/03\/com-evento-no-restaurante-gamela-de-ouro-a-liga-vitoriense-de-desportos-comemorou-30-anos-de-fundacao\/\" data-send=\"false\" data-layout=\"box_count\" data-width=\"55\" data-show-faces=\"false\"><\/div><\/span><\/span><span class=\"mr_social_sharing_top\"><fb:share-button type=\"box_count\" href=\"http:\/\/www.blogdopilako.com.br\/wp\/2018\/12\/03\/com-evento-no-restaurante-gamela-de-ouro-a-liga-vitoriense-de-desportos-comemorou-30-anos-de-fundacao\/\"><\/fb:share-button><\/span><span class=\"mr_social_sharing\"><a rel=\"nofollow\" class=\"linksalpha_button linksalpha_link\" href=\"\/\/www.linksalpha.com\/social\/mobile\" data-url=\"http:\/\/www.blogdopilako.com.br\/wp\/2018\/12\/03\/com-evento-no-restaurante-gamela-de-ouro-a-liga-vitoriense-de-desportos-comemorou-30-anos-de-fundacao\/\" data-text=\"Com evento no Restaurante Gamela de Ouro a Liga Vitoriense de Desportos comemorou 30 anos de funda\u00e7\u00e3o.\" data-desc=\"Na noite do s\u00e1bado (01) o futebol amador vitoriense, sob o comando do atuante Joel Neto h\u00e1 20 anos, comemorou os 30 anos de funda\u00e7\u00e3o da LVD \u2013 Liga Vitoriense de Desportos. O evento contou com a \u00a0presen\u00e7a de representantes da diretoria do conjunto de times de futebol locais filiados, com\" data-image=\"\" data-button=\"none\">\n\t\t\t\t\t<img src=\"\/\/www.linksalpha.com\/images\/social_share_button.png\" alt=\"Share\" class=\"linksalpha_image\" \/>\n\t\t\t\t\t<\/a><script type=\"text\/javascript\" src=\"\/\/www.linksalpha.com\/scripts\/loader_iconbox.js?v=2.4\"><\/script><\/span><\/div><p>Na noite do s\u00e1bado (01) o futebol amador vitoriense, sob o comando do atuante Joel Neto h\u00e1 20 anos, comemorou os 30 anos de funda\u00e7\u00e3o da LVD \u2013 Liga Vitoriense de Desportos. O evento contou com a \u00a0presen\u00e7a de representantes &hellip; <a href=\"http:\/\/www.blogdopilako.com.br\/wp\/2018\/12\/03\/com-evento-no-restaurante-gamela-de-ouro-a-liga-vitoriense-de-desportos-comemorou-30-anos-de-fundacao\/\">Continue lendo <span class=\"meta-nav\">&rarr;<\/span><\/a><\/p>\n\n\t\t\t\t<div class=\"mr_social_sharing_wrapper\">\n\t\t\t\t<!-- Social Sharing Toolkit v2.2 --><span class=\"mr_social_sharing_top\"><span style=\"display: inline-block; width: 55px; height: 62px; overflow: hidden;\"><div class=\"fb-like\" data-href=\"http:\/\/www.blogdopilako.com.br\/wp\/2018\/12\/03\/com-evento-no-restaurante-gamela-de-ouro-a-liga-vitoriense-de-desportos-comemorou-30-anos-de-fundacao\/\" data-send=\"false\" data-layout=\"box_count\" data-width=\"55\" data-show-faces=\"false\"><\/div><\/span><\/span><span class=\"mr_social_sharing_top\"><fb:share-button type=\"box_count\" href=\"http:\/\/www.blogdopilako.com.br\/wp\/2018\/12\/03\/com-evento-no-restaurante-gamela-de-ouro-a-liga-vitoriense-de-desportos-comemorou-30-anos-de-fundacao\/\"><\/fb:share-button><\/span><span class=\"mr_social_sharing\"><a rel=\"nofollow\" class=\"linksalpha_button linksalpha_link\" href=\"\/\/www.linksalpha.com\/social\/mobile\" data-url=\"http:\/\/www.blogdopilako.com.br\/wp\/2018\/12\/03\/com-evento-no-restaurante-gamela-de-ouro-a-liga-vitoriense-de-desportos-comemorou-30-anos-de-fundacao\/\" data-text=\"Com evento no Restaurante Gamela de Ouro a Liga Vitoriense de Desportos comemorou 30 anos de funda\u00e7\u00e3o.\" data-desc=\"Na noite do s\u00e1bado (01) o futebol amador vitoriense, sob o comando do atuante Joel Neto h\u00e1 20 anos, comemorou os 30 anos de funda\u00e7\u00e3o da LVD \u2013 Liga Vitoriense de Desportos. O evento contou com a \u00a0presen\u00e7a de representantes da diretoria do conjunto de times de futebol locais filiados, com\" data-image=\"\" data-button=\"none\">\n\t\t\t\t\t<img src=\"\/\/www.linksalpha.com\/images\/social_share_button.png\" alt=\"Share\" class=\"linksalpha_image\" \/>\n\t\t\t\t\t<\/a><script type=\"text\/javascript\" src=\"\/\/www.linksalpha.com\/scripts\/loader_iconbox.js?v=2.4\"><\/script><\/span><\/div>","protected":false},"author":2,"featured_media":0,"comment_status":"open","ping_status":"open","sticky":false,"template":"","format":"standard","meta":[],"categories":[21,1],"tags":[],"_links":{"self":[{"href":"http:\/\/www.blogdopilako.com.br\/wp\/wp-json\/wp\/v2\/posts\/118513"}],"collection":[{"href":"http:\/\/www.blogdopilako.com.br\/wp\/wp-json\/wp\/v2\/posts"}],"about":[{"href":"http:\/\/www.blogdopilako.com.br\/wp\/wp-json\/wp\/v2\/types\/post"}],"author":[{"embeddable":true,"href":"http:\/\/www.blogdopilako.com.br\/wp\/wp-json\/wp\/v2\/users\/2"}],"replies":[{"embeddable":true,"href":"http:\/\/www.blogdopilako.com.br\/wp\/wp-json\/wp\/v2\/comments?post=118513"}],"version-history":[{"count":2,"href":"http:\/\/www.blogdopilako.com.br\/wp\/wp-json\/wp\/v2\/posts\/118513\/revisions"}],"predecessor-version":[{"id":118520,"href":"http:\/\/www.blogdopilako.com.br\/wp\/wp-json\/wp\/v2\/posts\/118513\/revisions\/118520"}],"wp:attachment":[{"href":"http:\/\/www.blogdopilako.com.br\/wp\/wp-json\/wp\/v2\/media?parent=118513"}],"wp:term":[{"taxonomy":"category","embeddable":true,"href":"http:\/\/www.blogdopilako.com.br\/wp\/wp-json\/wp\/v2\/categories?post=118513"},{"taxonomy":"post_tag","embeddable":true,"href":"http:\/\/www.blogdopilako.com.br\/wp\/wp-json\/wp\/v2\/tags?post=118513"}],"curies":[{"name":"wp","href":"https:\/\/api.w.org\/{rel}","templated":true}]}}