{"id":117956,"date":"2018-11-12T15:20:41","date_gmt":"2018-11-12T17:20:41","guid":{"rendered":"http:\/\/www.blogdopilako.com.br\/wp\/?p=117956"},"modified":"2018-11-12T10:26:33","modified_gmt":"2018-11-12T12:26:33","slug":"momento-cultural-forca-estranha-por-adjane-costa-dutra-7","status":"publish","type":"post","link":"http:\/\/www.blogdopilako.com.br\/wp\/2018\/11\/12\/momento-cultural-forca-estranha-por-adjane-costa-dutra-7\/","title":{"rendered":"Momento Cultural: FOR\u00c7A ESTRANHA \u2013 por Adjane Costa Dutra."},"content":{"rendered":"\n\t\t\t\t<div class=\"mr_social_sharing_wrapper\">\n\t\t\t\t<!-- Social Sharing Toolkit v2.2 --><span class=\"mr_social_sharing_top\"><span style=\"display: inline-block; width: 55px; height: 62px; overflow: hidden;\"><div class=\"fb-like\" data-href=\"http:\/\/www.blogdopilako.com.br\/wp\/2018\/11\/12\/momento-cultural-forca-estranha-por-adjane-costa-dutra-7\/\" data-send=\"false\" data-layout=\"box_count\" data-width=\"55\" data-show-faces=\"false\"><\/div><\/span><\/span><span class=\"mr_social_sharing_top\"><fb:share-button type=\"box_count\" href=\"http:\/\/www.blogdopilako.com.br\/wp\/2018\/11\/12\/momento-cultural-forca-estranha-por-adjane-costa-dutra-7\/\"><\/fb:share-button><\/span><span class=\"mr_social_sharing\"><a rel=\"nofollow\" class=\"linksalpha_button linksalpha_link\" href=\"\/\/www.linksalpha.com\/social\/mobile\" data-url=\"http:\/\/www.blogdopilako.com.br\/wp\/2018\/11\/12\/momento-cultural-forca-estranha-por-adjane-costa-dutra-7\/\" data-text=\"Momento Cultural: FOR\u00c7A ESTRANHA \u2013 por Adjane Costa Dutra.\" data-desc=\"Imagino nas imagens espelhadas no tempo e no vento, for\u00e7as estranhas a percorrerem o espa\u00e7o\u2026 Do ar que eu respiro, Do mar por onde piso\u2026 Imagino imagens soltas e desconexas ao vento. Imagino as pessoas, do que possam imaginar: Dos instantes da vida. Imagino os pensamentos soltos a evolarem\" data-image=\"http:\/\/www.blogdopilako.com.br\/wp\/wp-content\/uploads\/2018\/11\/download-2.jpg\" data-button=\"none\">\n\t\t\t\t\t<img src=\"\/\/www.linksalpha.com\/images\/social_share_button.png\" alt=\"Share\" class=\"linksalpha_image\" \/>\n\t\t\t\t\t<\/a><script type=\"text\/javascript\" src=\"\/\/www.linksalpha.com\/scripts\/loader_iconbox.js?v=2.4\"><\/script><\/span><\/div><p><a href=\"http:\/\/www.blogdopilako.com.br\/wp\/wp-content\/uploads\/2018\/11\/download-2.jpg\"><img loading=\"lazy\" class=\"aligncenter size-full wp-image-117957\" src=\"http:\/\/www.blogdopilako.com.br\/wp\/wp-content\/uploads\/2018\/11\/download-2.jpg\" alt=\"\" width=\"182\" height=\"276\" \/><\/a><\/p>\n<p style=\"text-align: center;\">Imagino nas imagens espelhadas no tempo e no vento,<\/p>\n<p style=\"text-align: center;\">for\u00e7as estranhas a percorrerem o espa\u00e7o\u2026<\/p>\n<p style=\"text-align: center;\">Do ar que eu respiro,<\/p>\n<p style=\"text-align: center;\">Do mar por onde piso\u2026<\/p>\n<p style=\"text-align: center;\">Imagino imagens soltas e desconexas ao vento.<\/p>\n<p style=\"text-align: center;\">Imagino as pessoas, do que possam imaginar:<\/p>\n<p style=\"text-align: center;\">Dos instantes da vida.<\/p>\n<p style=\"text-align: center;\">Imagino os pensamentos soltos a evolarem como imagens;<\/p>\n<p style=\"text-align: center;\">simples imagens.<\/p>\n<p style=\"text-align: center;\">Imagino for\u00e7as estranhas\u2026<\/p>\n<p style=\"text-align: center;\">Estranho nas estranhezas e sutilezas dos amores falsos,<\/p>\n<p style=\"text-align: center;\">dos falsos amigos.<\/p>\n<p style=\"text-align: center;\">Imagino nas teias de uma rede feita por aranhas.<\/p>\n<p style=\"text-align: center;\">Imagino a melodia que estou a ouvir.<\/p>\n<p style=\"text-align: center;\">Imagino todos os meus sonhos soltos, dispersos como simples<\/p>\n<p style=\"text-align: center;\">castelos de areias.<\/p>\n<p style=\"text-align: center;\">Imagino o que eu escrevo e a fonte de inspira\u00e7\u00e3o que jaz numa<\/p>\n<p style=\"text-align: center;\">l\u00e1pide fria dos meus sonhos.<\/p>\n<p style=\"text-align: center;\">Morreram sepultadamente:<\/p>\n<p style=\"text-align: center;\">sentimentos, esperan\u00e7as, amores, dores,<\/p>\n<p style=\"text-align: center;\">e at\u00e9 a for\u00e7a estranha do que n\u00e3o imagino.<\/p>\n<p style=\"text-align: center;\">\n<p style=\"text-align: center;\">(TAPETE C\u00d3SMICO \u2013 ADJANE COSTA DUTRA \u2013 p\u00e1g. 47).<\/p>\n\n\t\t\t\t<div class=\"mr_social_sharing_wrapper\">\n\t\t\t\t<!-- Social Sharing Toolkit v2.2 --><span class=\"mr_social_sharing_top\"><span style=\"display: inline-block; width: 55px; height: 62px; overflow: hidden;\"><div class=\"fb-like\" data-href=\"http:\/\/www.blogdopilako.com.br\/wp\/2018\/11\/12\/momento-cultural-forca-estranha-por-adjane-costa-dutra-7\/\" data-send=\"false\" data-layout=\"box_count\" data-width=\"55\" data-show-faces=\"false\"><\/div><\/span><\/span><span class=\"mr_social_sharing_top\"><fb:share-button type=\"box_count\" href=\"http:\/\/www.blogdopilako.com.br\/wp\/2018\/11\/12\/momento-cultural-forca-estranha-por-adjane-costa-dutra-7\/\"><\/fb:share-button><\/span><span class=\"mr_social_sharing\"><a rel=\"nofollow\" class=\"linksalpha_button linksalpha_link\" href=\"\/\/www.linksalpha.com\/social\/mobile\" data-url=\"http:\/\/www.blogdopilako.com.br\/wp\/2018\/11\/12\/momento-cultural-forca-estranha-por-adjane-costa-dutra-7\/\" data-text=\"Momento Cultural: FOR\u00c7A ESTRANHA \u2013 por Adjane Costa Dutra.\" data-desc=\"Imagino nas imagens espelhadas no tempo e no vento, for\u00e7as estranhas a percorrerem o espa\u00e7o\u2026 Do ar que eu respiro, Do mar por onde piso\u2026 Imagino imagens soltas e desconexas ao vento. Imagino as pessoas, do que possam imaginar: Dos instantes da vida. Imagino os pensamentos soltos a evolarem\" data-image=\"http:\/\/www.blogdopilako.com.br\/wp\/wp-content\/uploads\/2018\/11\/download-2.jpg\" data-button=\"none\">\n\t\t\t\t\t<img src=\"\/\/www.linksalpha.com\/images\/social_share_button.png\" alt=\"Share\" class=\"linksalpha_image\" \/>\n\t\t\t\t\t<\/a><script type=\"text\/javascript\" src=\"\/\/www.linksalpha.com\/scripts\/loader_iconbox.js?v=2.4\"><\/script><\/span><\/div>","protected":false},"excerpt":{"rendered":"\n\t\t\t\t<div class=\"mr_social_sharing_wrapper\">\n\t\t\t\t<!-- Social Sharing Toolkit v2.2 --><span class=\"mr_social_sharing_top\"><span style=\"display: inline-block; width: 55px; height: 62px; overflow: hidden;\"><div class=\"fb-like\" data-href=\"http:\/\/www.blogdopilako.com.br\/wp\/2018\/11\/12\/momento-cultural-forca-estranha-por-adjane-costa-dutra-7\/\" data-send=\"false\" data-layout=\"box_count\" data-width=\"55\" data-show-faces=\"false\"><\/div><\/span><\/span><span class=\"mr_social_sharing_top\"><fb:share-button type=\"box_count\" href=\"http:\/\/www.blogdopilako.com.br\/wp\/2018\/11\/12\/momento-cultural-forca-estranha-por-adjane-costa-dutra-7\/\"><\/fb:share-button><\/span><span class=\"mr_social_sharing\"><a rel=\"nofollow\" class=\"linksalpha_button linksalpha_link\" href=\"\/\/www.linksalpha.com\/social\/mobile\" data-url=\"http:\/\/www.blogdopilako.com.br\/wp\/2018\/11\/12\/momento-cultural-forca-estranha-por-adjane-costa-dutra-7\/\" data-text=\"Momento Cultural: FOR\u00c7A ESTRANHA \u2013 por Adjane Costa Dutra.\" data-desc=\"Imagino nas imagens espelhadas no tempo e no vento, for\u00e7as estranhas a percorrerem o espa\u00e7o\u2026 Do ar que eu respiro, Do mar por onde piso\u2026 Imagino imagens soltas e desconexas ao vento. Imagino as pessoas, do que possam imaginar: Dos instantes da vida. Imagino os pensamentos soltos a evolarem\" data-image=\"\" data-button=\"none\">\n\t\t\t\t\t<img src=\"\/\/www.linksalpha.com\/images\/social_share_button.png\" alt=\"Share\" class=\"linksalpha_image\" \/>\n\t\t\t\t\t<\/a><script type=\"text\/javascript\" src=\"\/\/www.linksalpha.com\/scripts\/loader_iconbox.js?v=2.4\"><\/script><\/span><\/div><p>Imagino nas imagens espelhadas no tempo e no vento, for\u00e7as estranhas a percorrerem o espa\u00e7o\u2026 Do ar que eu respiro, Do mar por onde piso\u2026 Imagino imagens soltas e desconexas ao vento. Imagino as pessoas, do que possam imaginar: Dos &hellip; <a href=\"http:\/\/www.blogdopilako.com.br\/wp\/2018\/11\/12\/momento-cultural-forca-estranha-por-adjane-costa-dutra-7\/\">Continue lendo <span class=\"meta-nav\">&rarr;<\/span><\/a><\/p>\n\n\t\t\t\t<div class=\"mr_social_sharing_wrapper\">\n\t\t\t\t<!-- Social Sharing Toolkit v2.2 --><span class=\"mr_social_sharing_top\"><span style=\"display: inline-block; width: 55px; height: 62px; overflow: hidden;\"><div class=\"fb-like\" data-href=\"http:\/\/www.blogdopilako.com.br\/wp\/2018\/11\/12\/momento-cultural-forca-estranha-por-adjane-costa-dutra-7\/\" data-send=\"false\" data-layout=\"box_count\" data-width=\"55\" data-show-faces=\"false\"><\/div><\/span><\/span><span class=\"mr_social_sharing_top\"><fb:share-button type=\"box_count\" href=\"http:\/\/www.blogdopilako.com.br\/wp\/2018\/11\/12\/momento-cultural-forca-estranha-por-adjane-costa-dutra-7\/\"><\/fb:share-button><\/span><span class=\"mr_social_sharing\"><a rel=\"nofollow\" class=\"linksalpha_button linksalpha_link\" href=\"\/\/www.linksalpha.com\/social\/mobile\" data-url=\"http:\/\/www.blogdopilako.com.br\/wp\/2018\/11\/12\/momento-cultural-forca-estranha-por-adjane-costa-dutra-7\/\" data-text=\"Momento Cultural: FOR\u00c7A ESTRANHA \u2013 por Adjane Costa Dutra.\" data-desc=\"Imagino nas imagens espelhadas no tempo e no vento, for\u00e7as estranhas a percorrerem o espa\u00e7o\u2026 Do ar que eu respiro, Do mar por onde piso\u2026 Imagino imagens soltas e desconexas ao vento. Imagino as pessoas, do que possam imaginar: Dos instantes da vida. Imagino os pensamentos soltos a evolarem\" data-image=\"\" data-button=\"none\">\n\t\t\t\t\t<img src=\"\/\/www.linksalpha.com\/images\/social_share_button.png\" alt=\"Share\" class=\"linksalpha_image\" \/>\n\t\t\t\t\t<\/a><script type=\"text\/javascript\" src=\"\/\/www.linksalpha.com\/scripts\/loader_iconbox.js?v=2.4\"><\/script><\/span><\/div>","protected":false},"author":2,"featured_media":0,"comment_status":"open","ping_status":"open","sticky":false,"template":"","format":"standard","meta":[],"categories":[114],"tags":[],"_links":{"self":[{"href":"http:\/\/www.blogdopilako.com.br\/wp\/wp-json\/wp\/v2\/posts\/117956"}],"collection":[{"href":"http:\/\/www.blogdopilako.com.br\/wp\/wp-json\/wp\/v2\/posts"}],"about":[{"href":"http:\/\/www.blogdopilako.com.br\/wp\/wp-json\/wp\/v2\/types\/post"}],"author":[{"embeddable":true,"href":"http:\/\/www.blogdopilako.com.br\/wp\/wp-json\/wp\/v2\/users\/2"}],"replies":[{"embeddable":true,"href":"http:\/\/www.blogdopilako.com.br\/wp\/wp-json\/wp\/v2\/comments?post=117956"}],"version-history":[{"count":1,"href":"http:\/\/www.blogdopilako.com.br\/wp\/wp-json\/wp\/v2\/posts\/117956\/revisions"}],"predecessor-version":[{"id":117958,"href":"http:\/\/www.blogdopilako.com.br\/wp\/wp-json\/wp\/v2\/posts\/117956\/revisions\/117958"}],"wp:attachment":[{"href":"http:\/\/www.blogdopilako.com.br\/wp\/wp-json\/wp\/v2\/media?parent=117956"}],"wp:term":[{"taxonomy":"category","embeddable":true,"href":"http:\/\/www.blogdopilako.com.br\/wp\/wp-json\/wp\/v2\/categories?post=117956"},{"taxonomy":"post_tag","embeddable":true,"href":"http:\/\/www.blogdopilako.com.br\/wp\/wp-json\/wp\/v2\/tags?post=117956"}],"curies":[{"name":"wp","href":"https:\/\/api.w.org\/{rel}","templated":true}]}}