{"id":117950,"date":"2018-11-12T15:00:51","date_gmt":"2018-11-12T17:00:51","guid":{"rendered":"http:\/\/www.blogdopilako.com.br\/wp\/?p=117950"},"modified":"2018-11-12T10:14:46","modified_gmt":"2018-11-12T12:14:46","slug":"o-tempo-voa-festa-de-50-anos-zito-mariano","status":"publish","type":"post","link":"http:\/\/www.blogdopilako.com.br\/wp\/2018\/11\/12\/o-tempo-voa-festa-de-50-anos-zito-mariano\/","title":{"rendered":"O Tempo Voa: Festa de 50 anos &#8211; Zito Mariano."},"content":{"rendered":"\n\t\t\t\t<div class=\"mr_social_sharing_wrapper\">\n\t\t\t\t<!-- Social Sharing Toolkit v2.2 --><span class=\"mr_social_sharing_top\"><span style=\"display: inline-block; width: 55px; height: 62px; overflow: hidden;\"><div class=\"fb-like\" data-href=\"http:\/\/www.blogdopilako.com.br\/wp\/2018\/11\/12\/o-tempo-voa-festa-de-50-anos-zito-mariano\/\" data-send=\"false\" data-layout=\"box_count\" data-width=\"55\" data-show-faces=\"false\"><\/div><\/span><\/span><span class=\"mr_social_sharing_top\"><fb:share-button type=\"box_count\" href=\"http:\/\/www.blogdopilako.com.br\/wp\/2018\/11\/12\/o-tempo-voa-festa-de-50-anos-zito-mariano\/\"><\/fb:share-button><\/span><span class=\"mr_social_sharing\"><a rel=\"nofollow\" class=\"linksalpha_button linksalpha_link\" href=\"\/\/www.linksalpha.com\/social\/mobile\" data-url=\"http:\/\/www.blogdopilako.com.br\/wp\/2018\/11\/12\/o-tempo-voa-festa-de-50-anos-zito-mariano\/\" data-text=\"O Tempo Voa: Festa de 50 anos \u2013 Zito Mariano.\" data-desc=\"Comemora\u00e7\u00e3o dos 50 anos de Zito Mariano - Restaurante Recanto Gaucho - junho de 1978 - entre outros: Edgar Valois, Jo\u00e3o do Barros, Lauro Ten\u00f3rio e \"Seu\" Rochinha da Farm\u00e1cia.\u00a0\" data-image=\"http:\/\/www.blogdopilako.com.br\/wp\/wp-content\/uploads\/2018\/11\/IMG_E0860-e1542024672763-1024x677.jpg\" data-button=\"none\">\n\t\t\t\t\t<img src=\"\/\/www.linksalpha.com\/images\/social_share_button.png\" alt=\"Share\" class=\"linksalpha_image\" \/>\n\t\t\t\t\t<\/a><script type=\"text\/javascript\" src=\"\/\/www.linksalpha.com\/scripts\/loader_iconbox.js?v=2.4\"><\/script><\/span><\/div><p><a href=\"http:\/\/www.blogdopilako.com.br\/wp\/wp-content\/uploads\/2018\/11\/IMG_E0860-e1542024672763.jpg\"><img loading=\"lazy\" class=\"aligncenter size-large wp-image-117951\" src=\"http:\/\/www.blogdopilako.com.br\/wp\/wp-content\/uploads\/2018\/11\/IMG_E0860-e1542024672763-1024x677.jpg\" alt=\"\" width=\"640\" height=\"423\" srcset=\"http:\/\/www.blogdopilako.com.br\/wp\/wp-content\/uploads\/2018\/11\/IMG_E0860-e1542024672763-1024x677.jpg 1024w, http:\/\/www.blogdopilako.com.br\/wp\/wp-content\/uploads\/2018\/11\/IMG_E0860-e1542024672763-300x198.jpg 300w, http:\/\/www.blogdopilako.com.br\/wp\/wp-content\/uploads\/2018\/11\/IMG_E0860-e1542024672763-768x508.jpg 768w\" sizes=\"(max-width: 640px) 100vw, 640px\" \/><\/a><\/p>\n<p><strong>Comemora\u00e7\u00e3o dos 50 anos de Zito Mariano &#8211; Restaurante Recanto Gaucho &#8211; junho de 1978 &#8211; entre outros: Edgar Valois, Jo\u00e3o do Barros, Lauro Ten\u00f3rio e &#8220;Seu&#8221; Rochinha da Farm\u00e1cia.\u00a0<\/strong><\/p>\n\n\t\t\t\t<div class=\"mr_social_sharing_wrapper\">\n\t\t\t\t<!-- Social Sharing Toolkit v2.2 --><span class=\"mr_social_sharing_top\"><span style=\"display: inline-block; width: 55px; height: 62px; overflow: hidden;\"><div class=\"fb-like\" data-href=\"http:\/\/www.blogdopilako.com.br\/wp\/2018\/11\/12\/o-tempo-voa-festa-de-50-anos-zito-mariano\/\" data-send=\"false\" data-layout=\"box_count\" data-width=\"55\" data-show-faces=\"false\"><\/div><\/span><\/span><span class=\"mr_social_sharing_top\"><fb:share-button type=\"box_count\" href=\"http:\/\/www.blogdopilako.com.br\/wp\/2018\/11\/12\/o-tempo-voa-festa-de-50-anos-zito-mariano\/\"><\/fb:share-button><\/span><span class=\"mr_social_sharing\"><a rel=\"nofollow\" class=\"linksalpha_button linksalpha_link\" href=\"\/\/www.linksalpha.com\/social\/mobile\" data-url=\"http:\/\/www.blogdopilako.com.br\/wp\/2018\/11\/12\/o-tempo-voa-festa-de-50-anos-zito-mariano\/\" data-text=\"O Tempo Voa: Festa de 50 anos \u2013 Zito Mariano.\" data-desc=\"Comemora\u00e7\u00e3o dos 50 anos de Zito Mariano - Restaurante Recanto Gaucho - junho de 1978 - entre outros: Edgar Valois, Jo\u00e3o do Barros, Lauro Ten\u00f3rio e \"Seu\" Rochinha da Farm\u00e1cia.\u00a0\" data-image=\"http:\/\/www.blogdopilako.com.br\/wp\/wp-content\/uploads\/2018\/11\/IMG_E0860-e1542024672763-1024x677.jpg\" data-button=\"none\">\n\t\t\t\t\t<img src=\"\/\/www.linksalpha.com\/images\/social_share_button.png\" alt=\"Share\" class=\"linksalpha_image\" \/>\n\t\t\t\t\t<\/a><script type=\"text\/javascript\" src=\"\/\/www.linksalpha.com\/scripts\/loader_iconbox.js?v=2.4\"><\/script><\/span><\/div>","protected":false},"excerpt":{"rendered":"\n\t\t\t\t<div class=\"mr_social_sharing_wrapper\">\n\t\t\t\t<!-- Social Sharing Toolkit v2.2 --><span class=\"mr_social_sharing_top\"><span style=\"display: inline-block; width: 55px; height: 62px; overflow: hidden;\"><div class=\"fb-like\" data-href=\"http:\/\/www.blogdopilako.com.br\/wp\/2018\/11\/12\/o-tempo-voa-festa-de-50-anos-zito-mariano\/\" data-send=\"false\" data-layout=\"box_count\" data-width=\"55\" data-show-faces=\"false\"><\/div><\/span><\/span><span class=\"mr_social_sharing_top\"><fb:share-button type=\"box_count\" href=\"http:\/\/www.blogdopilako.com.br\/wp\/2018\/11\/12\/o-tempo-voa-festa-de-50-anos-zito-mariano\/\"><\/fb:share-button><\/span><span class=\"mr_social_sharing\"><a rel=\"nofollow\" class=\"linksalpha_button linksalpha_link\" href=\"\/\/www.linksalpha.com\/social\/mobile\" data-url=\"http:\/\/www.blogdopilako.com.br\/wp\/2018\/11\/12\/o-tempo-voa-festa-de-50-anos-zito-mariano\/\" data-text=\"O Tempo Voa: Festa de 50 anos \u2013 Zito Mariano.\" data-desc=\"Comemora\u00e7\u00e3o dos 50 anos de Zito Mariano - Restaurante Recanto Gaucho - junho de 1978 - entre outros: Edgar Valois, Jo\u00e3o do Barros, Lauro Ten\u00f3rio e \"Seu\" Rochinha da Farm\u00e1cia.\u00a0\" data-image=\"\" data-button=\"none\">\n\t\t\t\t\t<img src=\"\/\/www.linksalpha.com\/images\/social_share_button.png\" alt=\"Share\" class=\"linksalpha_image\" \/>\n\t\t\t\t\t<\/a><script type=\"text\/javascript\" src=\"\/\/www.linksalpha.com\/scripts\/loader_iconbox.js?v=2.4\"><\/script><\/span><\/div><p>Comemora\u00e7\u00e3o dos 50 anos de Zito Mariano &#8211; Restaurante Recanto Gaucho &#8211; junho de 1978 &#8211; entre outros: Edgar Valois, Jo\u00e3o do Barros, Lauro Ten\u00f3rio e &#8220;Seu&#8221; Rochinha da Farm\u00e1cia.\u00a0<\/p>\n\n\t\t\t\t<div class=\"mr_social_sharing_wrapper\">\n\t\t\t\t<!-- Social Sharing Toolkit v2.2 --><span class=\"mr_social_sharing_top\"><span style=\"display: inline-block; width: 55px; height: 62px; overflow: hidden;\"><div class=\"fb-like\" data-href=\"http:\/\/www.blogdopilako.com.br\/wp\/2018\/11\/12\/o-tempo-voa-festa-de-50-anos-zito-mariano\/\" data-send=\"false\" data-layout=\"box_count\" data-width=\"55\" data-show-faces=\"false\"><\/div><\/span><\/span><span class=\"mr_social_sharing_top\"><fb:share-button type=\"box_count\" href=\"http:\/\/www.blogdopilako.com.br\/wp\/2018\/11\/12\/o-tempo-voa-festa-de-50-anos-zito-mariano\/\"><\/fb:share-button><\/span><span class=\"mr_social_sharing\"><a rel=\"nofollow\" class=\"linksalpha_button linksalpha_link\" href=\"\/\/www.linksalpha.com\/social\/mobile\" data-url=\"http:\/\/www.blogdopilako.com.br\/wp\/2018\/11\/12\/o-tempo-voa-festa-de-50-anos-zito-mariano\/\" data-text=\"O Tempo Voa: Festa de 50 anos \u2013 Zito Mariano.\" data-desc=\"Comemora\u00e7\u00e3o dos 50 anos de Zito Mariano - Restaurante Recanto Gaucho - junho de 1978 - entre outros: Edgar Valois, Jo\u00e3o do Barros, Lauro Ten\u00f3rio e \"Seu\" Rochinha da Farm\u00e1cia.\u00a0\" data-image=\"\" data-button=\"none\">\n\t\t\t\t\t<img src=\"\/\/www.linksalpha.com\/images\/social_share_button.png\" alt=\"Share\" class=\"linksalpha_image\" \/>\n\t\t\t\t\t<\/a><script type=\"text\/javascript\" src=\"\/\/www.linksalpha.com\/scripts\/loader_iconbox.js?v=2.4\"><\/script><\/span><\/div>","protected":false},"author":2,"featured_media":0,"comment_status":"open","ping_status":"open","sticky":false,"template":"","format":"standard","meta":[],"categories":[23],"tags":[],"_links":{"self":[{"href":"http:\/\/www.blogdopilako.com.br\/wp\/wp-json\/wp\/v2\/posts\/117950"}],"collection":[{"href":"http:\/\/www.blogdopilako.com.br\/wp\/wp-json\/wp\/v2\/posts"}],"about":[{"href":"http:\/\/www.blogdopilako.com.br\/wp\/wp-json\/wp\/v2\/types\/post"}],"author":[{"embeddable":true,"href":"http:\/\/www.blogdopilako.com.br\/wp\/wp-json\/wp\/v2\/users\/2"}],"replies":[{"embeddable":true,"href":"http:\/\/www.blogdopilako.com.br\/wp\/wp-json\/wp\/v2\/comments?post=117950"}],"version-history":[{"count":1,"href":"http:\/\/www.blogdopilako.com.br\/wp\/wp-json\/wp\/v2\/posts\/117950\/revisions"}],"predecessor-version":[{"id":117952,"href":"http:\/\/www.blogdopilako.com.br\/wp\/wp-json\/wp\/v2\/posts\/117950\/revisions\/117952"}],"wp:attachment":[{"href":"http:\/\/www.blogdopilako.com.br\/wp\/wp-json\/wp\/v2\/media?parent=117950"}],"wp:term":[{"taxonomy":"category","embeddable":true,"href":"http:\/\/www.blogdopilako.com.br\/wp\/wp-json\/wp\/v2\/categories?post=117950"},{"taxonomy":"post_tag","embeddable":true,"href":"http:\/\/www.blogdopilako.com.br\/wp\/wp-json\/wp\/v2\/tags?post=117950"}],"curies":[{"name":"wp","href":"https:\/\/api.w.org\/{rel}","templated":true}]}}