{"id":117664,"date":"2018-10-31T14:10:58","date_gmt":"2018-10-31T17:10:58","guid":{"rendered":"http:\/\/www.blogdopilako.com.br\/wp\/?p=117664"},"modified":"2018-10-31T08:54:39","modified_gmt":"2018-10-31T11:54:39","slug":"momento-vitoria-park-shopping-674","status":"publish","type":"post","link":"http:\/\/www.blogdopilako.com.br\/wp\/2018\/10\/31\/momento-vitoria-park-shopping-674\/","title":{"rendered":"Momento Vit\u00f3ria Park Shopping"},"content":{"rendered":"\n\t\t\t\t<div class=\"mr_social_sharing_wrapper\">\n\t\t\t\t<!-- Social Sharing Toolkit v2.2 --><span class=\"mr_social_sharing_top\"><span style=\"display: inline-block; width: 55px; height: 62px; overflow: hidden;\"><div class=\"fb-like\" data-href=\"http:\/\/www.blogdopilako.com.br\/wp\/2018\/10\/31\/momento-vitoria-park-shopping-674\/\" data-send=\"false\" data-layout=\"box_count\" data-width=\"55\" data-show-faces=\"false\"><\/div><\/span><\/span><span class=\"mr_social_sharing_top\"><fb:share-button type=\"box_count\" href=\"http:\/\/www.blogdopilako.com.br\/wp\/2018\/10\/31\/momento-vitoria-park-shopping-674\/\"><\/fb:share-button><\/span><span class=\"mr_social_sharing\"><a rel=\"nofollow\" class=\"linksalpha_button linksalpha_link\" href=\"\/\/www.linksalpha.com\/social\/mobile\" data-url=\"http:\/\/www.blogdopilako.com.br\/wp\/2018\/10\/31\/momento-vitoria-park-shopping-674\/\" data-text=\"Momento Vit\u00f3ria Park Shopping\" data-desc=\"Dia 3 de novembro! Voc\u00ea n\u00e3o pode perder a inaugura\u00e7\u00e3o da loja\u00a0#Weronuaqui no Vit\u00f3ria Park Shopping. Voc\u00ea vai ter mais uma op\u00e7\u00e3o em nosso mall! A loja contar\u00e1 com: cal\u00e7ados, acess\u00f3rios e bolsas exclusivas!\" data-image=\"http:\/\/www.blogdopilako.com.br\/wp\/wp-content\/uploads\/2018\/10\/45127808_1149837475167175_930406486020980736_n.jpg\" data-button=\"none\">\n\t\t\t\t\t<img src=\"\/\/www.linksalpha.com\/images\/social_share_button.png\" alt=\"Share\" class=\"linksalpha_image\" \/>\n\t\t\t\t\t<\/a><script type=\"text\/javascript\" src=\"\/\/www.linksalpha.com\/scripts\/loader_iconbox.js?v=2.4\"><\/script><\/span><\/div><p style=\"text-align: justify;\">Dia 3 de novembro! Voc\u00ea n\u00e3o pode perder a inaugura\u00e7\u00e3o da loja\u00a0<a class=\"_58cn\" href=\"https:\/\/www.facebook.com\/hashtag\/weronu?source=feed_text&amp;__xts__%5B0%5D=68.ARBiny8471nBxdve5Jzhc5iJx-61bskldGf1uw77Ck0F9260L43QTfSprWyXgLXLlh52f7WSUKmrMOn1R4gemzW4NDys0WiEDpLRevg3Z5K0Z90zkKOyabvtaGwz6RMGCQumy9OQHVXprpow5d2L-6Yq-xOhH5gaqfmft-WYB6Ph1m-y6VqsFbFHXafjOIjSTQ4s4WvzpBQae9LaJNPypKxiXIM&amp;__tn__=%2ANK-R\" data-ft=\"{&quot;type&quot;:104,&quot;tn&quot;:&quot;*N&quot;}\"><span class=\"_5afx\"><span class=\"_58cl _5afz\" aria-label=\"hashtag\">#<\/span><span class=\"_58cm\">Weronu<\/span><\/span><\/a>aqui no Vit\u00f3ria Park Shopping. Voc\u00ea vai ter mais uma op\u00e7\u00e3o em nosso mall! A loja contar\u00e1 com: cal\u00e7ados, acess\u00f3rios e bolsas exclusivas!<\/p>\n<p><a href=\"http:\/\/www.blogdopilako.com.br\/wp\/wp-content\/uploads\/2018\/10\/45127808_1149837475167175_930406486020980736_n.jpg\"><img loading=\"lazy\" class=\"aligncenter size-full wp-image-117665\" src=\"http:\/\/www.blogdopilako.com.br\/wp\/wp-content\/uploads\/2018\/10\/45127808_1149837475167175_930406486020980736_n.jpg\" alt=\"\" width=\"700\" height=\"694\" srcset=\"http:\/\/www.blogdopilako.com.br\/wp\/wp-content\/uploads\/2018\/10\/45127808_1149837475167175_930406486020980736_n.jpg 700w, http:\/\/www.blogdopilako.com.br\/wp\/wp-content\/uploads\/2018\/10\/45127808_1149837475167175_930406486020980736_n-150x150.jpg 150w, http:\/\/www.blogdopilako.com.br\/wp\/wp-content\/uploads\/2018\/10\/45127808_1149837475167175_930406486020980736_n-300x297.jpg 300w\" sizes=\"(max-width: 700px) 100vw, 700px\" \/><\/a><\/p>\n\n\t\t\t\t<div class=\"mr_social_sharing_wrapper\">\n\t\t\t\t<!-- Social Sharing Toolkit v2.2 --><span class=\"mr_social_sharing_top\"><span style=\"display: inline-block; width: 55px; height: 62px; overflow: hidden;\"><div class=\"fb-like\" data-href=\"http:\/\/www.blogdopilako.com.br\/wp\/2018\/10\/31\/momento-vitoria-park-shopping-674\/\" data-send=\"false\" data-layout=\"box_count\" data-width=\"55\" data-show-faces=\"false\"><\/div><\/span><\/span><span class=\"mr_social_sharing_top\"><fb:share-button type=\"box_count\" href=\"http:\/\/www.blogdopilako.com.br\/wp\/2018\/10\/31\/momento-vitoria-park-shopping-674\/\"><\/fb:share-button><\/span><span class=\"mr_social_sharing\"><a rel=\"nofollow\" class=\"linksalpha_button linksalpha_link\" href=\"\/\/www.linksalpha.com\/social\/mobile\" data-url=\"http:\/\/www.blogdopilako.com.br\/wp\/2018\/10\/31\/momento-vitoria-park-shopping-674\/\" data-text=\"Momento Vit\u00f3ria Park Shopping\" data-desc=\"Dia 3 de novembro! Voc\u00ea n\u00e3o pode perder a inaugura\u00e7\u00e3o da loja\u00a0#Weronuaqui no Vit\u00f3ria Park Shopping. Voc\u00ea vai ter mais uma op\u00e7\u00e3o em nosso mall! A loja contar\u00e1 com: cal\u00e7ados, acess\u00f3rios e bolsas exclusivas!\" data-image=\"http:\/\/www.blogdopilako.com.br\/wp\/wp-content\/uploads\/2018\/10\/45127808_1149837475167175_930406486020980736_n.jpg\" data-button=\"none\">\n\t\t\t\t\t<img src=\"\/\/www.linksalpha.com\/images\/social_share_button.png\" alt=\"Share\" class=\"linksalpha_image\" \/>\n\t\t\t\t\t<\/a><script type=\"text\/javascript\" src=\"\/\/www.linksalpha.com\/scripts\/loader_iconbox.js?v=2.4\"><\/script><\/span><\/div>","protected":false},"excerpt":{"rendered":"\n\t\t\t\t<div class=\"mr_social_sharing_wrapper\">\n\t\t\t\t<!-- Social Sharing Toolkit v2.2 --><span class=\"mr_social_sharing_top\"><span style=\"display: inline-block; width: 55px; height: 62px; overflow: hidden;\"><div class=\"fb-like\" data-href=\"http:\/\/www.blogdopilako.com.br\/wp\/2018\/10\/31\/momento-vitoria-park-shopping-674\/\" data-send=\"false\" data-layout=\"box_count\" data-width=\"55\" data-show-faces=\"false\"><\/div><\/span><\/span><span class=\"mr_social_sharing_top\"><fb:share-button type=\"box_count\" href=\"http:\/\/www.blogdopilako.com.br\/wp\/2018\/10\/31\/momento-vitoria-park-shopping-674\/\"><\/fb:share-button><\/span><span class=\"mr_social_sharing\"><a rel=\"nofollow\" class=\"linksalpha_button linksalpha_link\" href=\"\/\/www.linksalpha.com\/social\/mobile\" data-url=\"http:\/\/www.blogdopilako.com.br\/wp\/2018\/10\/31\/momento-vitoria-park-shopping-674\/\" data-text=\"Momento Vit\u00f3ria Park Shopping\" data-desc=\"Dia 3 de novembro! Voc\u00ea n\u00e3o pode perder a inaugura\u00e7\u00e3o da loja\u00a0#Weronuaqui no Vit\u00f3ria Park Shopping. Voc\u00ea vai ter mais uma op\u00e7\u00e3o em nosso mall! A loja contar\u00e1 com: cal\u00e7ados, acess\u00f3rios e bolsas exclusivas!\" data-image=\"\" data-button=\"none\">\n\t\t\t\t\t<img src=\"\/\/www.linksalpha.com\/images\/social_share_button.png\" alt=\"Share\" class=\"linksalpha_image\" \/>\n\t\t\t\t\t<\/a><script type=\"text\/javascript\" src=\"\/\/www.linksalpha.com\/scripts\/loader_iconbox.js?v=2.4\"><\/script><\/span><\/div><p>Dia 3 de novembro! Voc\u00ea n\u00e3o pode perder a inaugura\u00e7\u00e3o da loja\u00a0#Weronuaqui no Vit\u00f3ria Park Shopping. Voc\u00ea vai ter mais uma op\u00e7\u00e3o em nosso mall! A loja contar\u00e1 com: cal\u00e7ados, acess\u00f3rios e bolsas exclusivas!<\/p>\n\n\t\t\t\t<div class=\"mr_social_sharing_wrapper\">\n\t\t\t\t<!-- Social Sharing Toolkit v2.2 --><span class=\"mr_social_sharing_top\"><span style=\"display: inline-block; width: 55px; height: 62px; overflow: hidden;\"><div class=\"fb-like\" data-href=\"http:\/\/www.blogdopilako.com.br\/wp\/2018\/10\/31\/momento-vitoria-park-shopping-674\/\" data-send=\"false\" data-layout=\"box_count\" data-width=\"55\" data-show-faces=\"false\"><\/div><\/span><\/span><span class=\"mr_social_sharing_top\"><fb:share-button type=\"box_count\" href=\"http:\/\/www.blogdopilako.com.br\/wp\/2018\/10\/31\/momento-vitoria-park-shopping-674\/\"><\/fb:share-button><\/span><span class=\"mr_social_sharing\"><a rel=\"nofollow\" class=\"linksalpha_button linksalpha_link\" href=\"\/\/www.linksalpha.com\/social\/mobile\" data-url=\"http:\/\/www.blogdopilako.com.br\/wp\/2018\/10\/31\/momento-vitoria-park-shopping-674\/\" data-text=\"Momento Vit\u00f3ria Park Shopping\" data-desc=\"Dia 3 de novembro! Voc\u00ea n\u00e3o pode perder a inaugura\u00e7\u00e3o da loja\u00a0#Weronuaqui no Vit\u00f3ria Park Shopping. Voc\u00ea vai ter mais uma op\u00e7\u00e3o em nosso mall! A loja contar\u00e1 com: cal\u00e7ados, acess\u00f3rios e bolsas exclusivas!\" data-image=\"\" data-button=\"none\">\n\t\t\t\t\t<img src=\"\/\/www.linksalpha.com\/images\/social_share_button.png\" alt=\"Share\" class=\"linksalpha_image\" \/>\n\t\t\t\t\t<\/a><script type=\"text\/javascript\" src=\"\/\/www.linksalpha.com\/scripts\/loader_iconbox.js?v=2.4\"><\/script><\/span><\/div>","protected":false},"author":2,"featured_media":0,"comment_status":"open","ping_status":"open","sticky":false,"template":"","format":"standard","meta":[],"categories":[120],"tags":[],"_links":{"self":[{"href":"http:\/\/www.blogdopilako.com.br\/wp\/wp-json\/wp\/v2\/posts\/117664"}],"collection":[{"href":"http:\/\/www.blogdopilako.com.br\/wp\/wp-json\/wp\/v2\/posts"}],"about":[{"href":"http:\/\/www.blogdopilako.com.br\/wp\/wp-json\/wp\/v2\/types\/post"}],"author":[{"embeddable":true,"href":"http:\/\/www.blogdopilako.com.br\/wp\/wp-json\/wp\/v2\/users\/2"}],"replies":[{"embeddable":true,"href":"http:\/\/www.blogdopilako.com.br\/wp\/wp-json\/wp\/v2\/comments?post=117664"}],"version-history":[{"count":1,"href":"http:\/\/www.blogdopilako.com.br\/wp\/wp-json\/wp\/v2\/posts\/117664\/revisions"}],"predecessor-version":[{"id":117666,"href":"http:\/\/www.blogdopilako.com.br\/wp\/wp-json\/wp\/v2\/posts\/117664\/revisions\/117666"}],"wp:attachment":[{"href":"http:\/\/www.blogdopilako.com.br\/wp\/wp-json\/wp\/v2\/media?parent=117664"}],"wp:term":[{"taxonomy":"category","embeddable":true,"href":"http:\/\/www.blogdopilako.com.br\/wp\/wp-json\/wp\/v2\/categories?post=117664"},{"taxonomy":"post_tag","embeddable":true,"href":"http:\/\/www.blogdopilako.com.br\/wp\/wp-json\/wp\/v2\/tags?post=117664"}],"curies":[{"name":"wp","href":"https:\/\/api.w.org\/{rel}","templated":true}]}}