{"id":116339,"date":"2018-09-11T14:30:13","date_gmt":"2018-09-11T17:30:13","guid":{"rendered":"http:\/\/www.blogdopilako.com.br\/wp\/?p=116339"},"modified":"2018-09-11T10:55:19","modified_gmt":"2018-09-11T13:55:19","slug":"um-passeio-no-tempo-e-titulo-do-livro-do-conterraneo-erasmo-almeida-lancamento-dia-14-no-no-salao-nobre-do-instituto-historico","status":"publish","type":"post","link":"http:\/\/www.blogdopilako.com.br\/wp\/2018\/09\/11\/um-passeio-no-tempo-e-titulo-do-livro-do-conterraneo-erasmo-almeida-lancamento-dia-14-no-no-salao-nobre-do-instituto-historico\/","title":{"rendered":"&#8220;Um Passeio no Tempo&#8221; \u00e9 o t\u00edtulo do livro do conterr\u00e2neo Erasmo Almeida &#8211; lan\u00e7amento dia 14 no no Sal\u00e3o Nobre do Instituto Hist\u00f3rico."},"content":{"rendered":"\n\t\t\t\t<div class=\"mr_social_sharing_wrapper\">\n\t\t\t\t<!-- Social Sharing Toolkit v2.2 --><span class=\"mr_social_sharing_top\"><span style=\"display: inline-block; width: 55px; height: 62px; overflow: hidden;\"><div class=\"fb-like\" data-href=\"http:\/\/www.blogdopilako.com.br\/wp\/2018\/09\/11\/um-passeio-no-tempo-e-titulo-do-livro-do-conterraneo-erasmo-almeida-lancamento-dia-14-no-no-salao-nobre-do-instituto-historico\/\" data-send=\"false\" data-layout=\"box_count\" data-width=\"55\" data-show-faces=\"false\"><\/div><\/span><\/span><span class=\"mr_social_sharing_top\"><fb:share-button type=\"box_count\" href=\"http:\/\/www.blogdopilako.com.br\/wp\/2018\/09\/11\/um-passeio-no-tempo-e-titulo-do-livro-do-conterraneo-erasmo-almeida-lancamento-dia-14-no-no-salao-nobre-do-instituto-historico\/\"><\/fb:share-button><\/span><span class=\"mr_social_sharing\"><a rel=\"nofollow\" class=\"linksalpha_button linksalpha_link\" href=\"\/\/www.linksalpha.com\/social\/mobile\" data-url=\"http:\/\/www.blogdopilako.com.br\/wp\/2018\/09\/11\/um-passeio-no-tempo-e-titulo-do-livro-do-conterraneo-erasmo-almeida-lancamento-dia-14-no-no-salao-nobre-do-instituto-historico\/\" data-text=\"\u201cUm Passeio no Tempo\u201d \u00e9 o t\u00edtulo do livro do conterr\u00e2neo Erasmo Almeida \u2013 lan\u00e7amento dia 14 no no Sal\u00e3o Nobre do Instituto Hist\u00f3rico.\" data-desc=\"Com o apoio do Instituto Hist\u00f3rico, Academia Vitoriense de Letras, Artes e Ci\u00eancia e o Rotary Clube da Vit\u00f3ria o antonense, \u00a0Erasmo Almeida, \u00a0far\u00e1 um lan\u00e7amento do seu livro \u2013 Um Passeio no Tempo \u2013 exclusivamente aos seus conterr\u00e2neos. O evento acontecer\u00e1 no Sal\u00e3o Nobre do Instituto\" data-image=\"http:\/\/www.blogdopilako.com.br\/wp\/wp-content\/uploads\/2018\/09\/ca-cristina-jorge-erasmo-beth-bernadete-carlos-frederico-de-almeida-830x571.jpg\" data-button=\"none\">\n\t\t\t\t\t<img src=\"\/\/www.linksalpha.com\/images\/social_share_button.png\" alt=\"Share\" class=\"linksalpha_image\" \/>\n\t\t\t\t\t<\/a><script type=\"text\/javascript\" src=\"\/\/www.linksalpha.com\/scripts\/loader_iconbox.js?v=2.4\"><\/script><\/span><\/div><p><a href=\"http:\/\/www.blogdopilako.com.br\/wp\/wp-content\/uploads\/2018\/09\/ca-cristina-jorge-erasmo-beth-bernadete-carlos-frederico-de-almeida-830x571.jpg\"><img loading=\"lazy\" class=\"aligncenter size-full wp-image-116340\" src=\"http:\/\/www.blogdopilako.com.br\/wp\/wp-content\/uploads\/2018\/09\/ca-cristina-jorge-erasmo-beth-bernadete-carlos-frederico-de-almeida-830x571.jpg\" alt=\"\" width=\"830\" height=\"571\" srcset=\"http:\/\/www.blogdopilako.com.br\/wp\/wp-content\/uploads\/2018\/09\/ca-cristina-jorge-erasmo-beth-bernadete-carlos-frederico-de-almeida-830x571.jpg 830w, http:\/\/www.blogdopilako.com.br\/wp\/wp-content\/uploads\/2018\/09\/ca-cristina-jorge-erasmo-beth-bernadete-carlos-frederico-de-almeida-830x571-300x206.jpg 300w, http:\/\/www.blogdopilako.com.br\/wp\/wp-content\/uploads\/2018\/09\/ca-cristina-jorge-erasmo-beth-bernadete-carlos-frederico-de-almeida-830x571-768x528.jpg 768w\" sizes=\"(max-width: 830px) 100vw, 830px\" \/><\/a><\/p>\n<p style=\"text-align: justify;\">Com o apoio do Instituto Hist\u00f3rico, Academia Vitoriense de Letras, Artes e Ci\u00eancia e o Rotary Clube da Vit\u00f3ria o antonense, \u00a0Erasmo Almeida, \u00a0far\u00e1 um lan\u00e7amento do seu livro \u2013 Um Passeio no Tempo \u2013 exclusivamente aos seus conterr\u00e2neos. O evento acontecer\u00e1 no Sal\u00e3o Nobre do Instituto Hist\u00f3rico, no dia 14 de setembro (pr\u00f3xima sexta ) \u00e0s 19:30h.<\/p>\n<p style=\"text-align: justify;\">Erasmo Almeida: professor titular, aposentado da UFPE, ex-secret\u00e1rio de saneamento do estado de Pernambuco, ex-presidente da COMPESA e ex-presidente da CODEVASF.<\/p>\n<p style=\"text-align: justify;\"><strong>Na oportunidade, ser\u00e1 servido um coquetel.<\/strong><\/p>\n\n\t\t\t\t<div class=\"mr_social_sharing_wrapper\">\n\t\t\t\t<!-- Social Sharing Toolkit v2.2 --><span class=\"mr_social_sharing_top\"><span style=\"display: inline-block; width: 55px; height: 62px; overflow: hidden;\"><div class=\"fb-like\" data-href=\"http:\/\/www.blogdopilako.com.br\/wp\/2018\/09\/11\/um-passeio-no-tempo-e-titulo-do-livro-do-conterraneo-erasmo-almeida-lancamento-dia-14-no-no-salao-nobre-do-instituto-historico\/\" data-send=\"false\" data-layout=\"box_count\" data-width=\"55\" data-show-faces=\"false\"><\/div><\/span><\/span><span class=\"mr_social_sharing_top\"><fb:share-button type=\"box_count\" href=\"http:\/\/www.blogdopilako.com.br\/wp\/2018\/09\/11\/um-passeio-no-tempo-e-titulo-do-livro-do-conterraneo-erasmo-almeida-lancamento-dia-14-no-no-salao-nobre-do-instituto-historico\/\"><\/fb:share-button><\/span><span class=\"mr_social_sharing\"><a rel=\"nofollow\" class=\"linksalpha_button linksalpha_link\" href=\"\/\/www.linksalpha.com\/social\/mobile\" data-url=\"http:\/\/www.blogdopilako.com.br\/wp\/2018\/09\/11\/um-passeio-no-tempo-e-titulo-do-livro-do-conterraneo-erasmo-almeida-lancamento-dia-14-no-no-salao-nobre-do-instituto-historico\/\" data-text=\"\u201cUm Passeio no Tempo\u201d \u00e9 o t\u00edtulo do livro do conterr\u00e2neo Erasmo Almeida \u2013 lan\u00e7amento dia 14 no no Sal\u00e3o Nobre do Instituto Hist\u00f3rico.\" data-desc=\"Com o apoio do Instituto Hist\u00f3rico, Academia Vitoriense de Letras, Artes e Ci\u00eancia e o Rotary Clube da Vit\u00f3ria o antonense, \u00a0Erasmo Almeida, \u00a0far\u00e1 um lan\u00e7amento do seu livro \u2013 Um Passeio no Tempo \u2013 exclusivamente aos seus conterr\u00e2neos. O evento acontecer\u00e1 no Sal\u00e3o Nobre do Instituto\" data-image=\"http:\/\/www.blogdopilako.com.br\/wp\/wp-content\/uploads\/2018\/09\/ca-cristina-jorge-erasmo-beth-bernadete-carlos-frederico-de-almeida-830x571.jpg\" data-button=\"none\">\n\t\t\t\t\t<img src=\"\/\/www.linksalpha.com\/images\/social_share_button.png\" alt=\"Share\" class=\"linksalpha_image\" \/>\n\t\t\t\t\t<\/a><script type=\"text\/javascript\" src=\"\/\/www.linksalpha.com\/scripts\/loader_iconbox.js?v=2.4\"><\/script><\/span><\/div>","protected":false},"excerpt":{"rendered":"\n\t\t\t\t<div class=\"mr_social_sharing_wrapper\">\n\t\t\t\t<!-- Social Sharing Toolkit v2.2 --><span class=\"mr_social_sharing_top\"><span style=\"display: inline-block; width: 55px; height: 62px; overflow: hidden;\"><div class=\"fb-like\" data-href=\"http:\/\/www.blogdopilako.com.br\/wp\/2018\/09\/11\/um-passeio-no-tempo-e-titulo-do-livro-do-conterraneo-erasmo-almeida-lancamento-dia-14-no-no-salao-nobre-do-instituto-historico\/\" data-send=\"false\" data-layout=\"box_count\" data-width=\"55\" data-show-faces=\"false\"><\/div><\/span><\/span><span class=\"mr_social_sharing_top\"><fb:share-button type=\"box_count\" href=\"http:\/\/www.blogdopilako.com.br\/wp\/2018\/09\/11\/um-passeio-no-tempo-e-titulo-do-livro-do-conterraneo-erasmo-almeida-lancamento-dia-14-no-no-salao-nobre-do-instituto-historico\/\"><\/fb:share-button><\/span><span class=\"mr_social_sharing\"><a rel=\"nofollow\" class=\"linksalpha_button linksalpha_link\" href=\"\/\/www.linksalpha.com\/social\/mobile\" data-url=\"http:\/\/www.blogdopilako.com.br\/wp\/2018\/09\/11\/um-passeio-no-tempo-e-titulo-do-livro-do-conterraneo-erasmo-almeida-lancamento-dia-14-no-no-salao-nobre-do-instituto-historico\/\" data-text=\"\u201cUm Passeio no Tempo\u201d \u00e9 o t\u00edtulo do livro do conterr\u00e2neo Erasmo Almeida \u2013 lan\u00e7amento dia 14 no no Sal\u00e3o Nobre do Instituto Hist\u00f3rico.\" data-desc=\"Com o apoio do Instituto Hist\u00f3rico, Academia Vitoriense de Letras, Artes e Ci\u00eancia e o Rotary Clube da Vit\u00f3ria o antonense, \u00a0Erasmo Almeida, \u00a0far\u00e1 um lan\u00e7amento do seu livro \u2013 Um Passeio no Tempo \u2013 exclusivamente aos seus conterr\u00e2neos. O evento acontecer\u00e1 no Sal\u00e3o Nobre do Instituto\" data-image=\"\" data-button=\"none\">\n\t\t\t\t\t<img src=\"\/\/www.linksalpha.com\/images\/social_share_button.png\" alt=\"Share\" class=\"linksalpha_image\" \/>\n\t\t\t\t\t<\/a><script type=\"text\/javascript\" src=\"\/\/www.linksalpha.com\/scripts\/loader_iconbox.js?v=2.4\"><\/script><\/span><\/div><p>Com o apoio do Instituto Hist\u00f3rico, Academia Vitoriense de Letras, Artes e Ci\u00eancia e o Rotary Clube da Vit\u00f3ria o antonense, \u00a0Erasmo Almeida, \u00a0far\u00e1 um lan\u00e7amento do seu livro \u2013 Um Passeio no Tempo \u2013 exclusivamente aos seus conterr\u00e2neos. O &hellip; <a href=\"http:\/\/www.blogdopilako.com.br\/wp\/2018\/09\/11\/um-passeio-no-tempo-e-titulo-do-livro-do-conterraneo-erasmo-almeida-lancamento-dia-14-no-no-salao-nobre-do-instituto-historico\/\">Continue lendo <span class=\"meta-nav\">&rarr;<\/span><\/a><\/p>\n\n\t\t\t\t<div class=\"mr_social_sharing_wrapper\">\n\t\t\t\t<!-- Social Sharing Toolkit v2.2 --><span class=\"mr_social_sharing_top\"><span style=\"display: inline-block; width: 55px; height: 62px; overflow: hidden;\"><div class=\"fb-like\" data-href=\"http:\/\/www.blogdopilako.com.br\/wp\/2018\/09\/11\/um-passeio-no-tempo-e-titulo-do-livro-do-conterraneo-erasmo-almeida-lancamento-dia-14-no-no-salao-nobre-do-instituto-historico\/\" data-send=\"false\" data-layout=\"box_count\" data-width=\"55\" data-show-faces=\"false\"><\/div><\/span><\/span><span class=\"mr_social_sharing_top\"><fb:share-button type=\"box_count\" href=\"http:\/\/www.blogdopilako.com.br\/wp\/2018\/09\/11\/um-passeio-no-tempo-e-titulo-do-livro-do-conterraneo-erasmo-almeida-lancamento-dia-14-no-no-salao-nobre-do-instituto-historico\/\"><\/fb:share-button><\/span><span class=\"mr_social_sharing\"><a rel=\"nofollow\" class=\"linksalpha_button linksalpha_link\" href=\"\/\/www.linksalpha.com\/social\/mobile\" data-url=\"http:\/\/www.blogdopilako.com.br\/wp\/2018\/09\/11\/um-passeio-no-tempo-e-titulo-do-livro-do-conterraneo-erasmo-almeida-lancamento-dia-14-no-no-salao-nobre-do-instituto-historico\/\" data-text=\"\u201cUm Passeio no Tempo\u201d \u00e9 o t\u00edtulo do livro do conterr\u00e2neo Erasmo Almeida \u2013 lan\u00e7amento dia 14 no no Sal\u00e3o Nobre do Instituto Hist\u00f3rico.\" data-desc=\"Com o apoio do Instituto Hist\u00f3rico, Academia Vitoriense de Letras, Artes e Ci\u00eancia e o Rotary Clube da Vit\u00f3ria o antonense, \u00a0Erasmo Almeida, \u00a0far\u00e1 um lan\u00e7amento do seu livro \u2013 Um Passeio no Tempo \u2013 exclusivamente aos seus conterr\u00e2neos. O evento acontecer\u00e1 no Sal\u00e3o Nobre do Instituto\" data-image=\"\" data-button=\"none\">\n\t\t\t\t\t<img src=\"\/\/www.linksalpha.com\/images\/social_share_button.png\" alt=\"Share\" class=\"linksalpha_image\" \/>\n\t\t\t\t\t<\/a><script type=\"text\/javascript\" src=\"\/\/www.linksalpha.com\/scripts\/loader_iconbox.js?v=2.4\"><\/script><\/span><\/div>","protected":false},"author":2,"featured_media":0,"comment_status":"open","ping_status":"open","sticky":false,"template":"","format":"standard","meta":[],"categories":[21],"tags":[],"_links":{"self":[{"href":"http:\/\/www.blogdopilako.com.br\/wp\/wp-json\/wp\/v2\/posts\/116339"}],"collection":[{"href":"http:\/\/www.blogdopilako.com.br\/wp\/wp-json\/wp\/v2\/posts"}],"about":[{"href":"http:\/\/www.blogdopilako.com.br\/wp\/wp-json\/wp\/v2\/types\/post"}],"author":[{"embeddable":true,"href":"http:\/\/www.blogdopilako.com.br\/wp\/wp-json\/wp\/v2\/users\/2"}],"replies":[{"embeddable":true,"href":"http:\/\/www.blogdopilako.com.br\/wp\/wp-json\/wp\/v2\/comments?post=116339"}],"version-history":[{"count":2,"href":"http:\/\/www.blogdopilako.com.br\/wp\/wp-json\/wp\/v2\/posts\/116339\/revisions"}],"predecessor-version":[{"id":116342,"href":"http:\/\/www.blogdopilako.com.br\/wp\/wp-json\/wp\/v2\/posts\/116339\/revisions\/116342"}],"wp:attachment":[{"href":"http:\/\/www.blogdopilako.com.br\/wp\/wp-json\/wp\/v2\/media?parent=116339"}],"wp:term":[{"taxonomy":"category","embeddable":true,"href":"http:\/\/www.blogdopilako.com.br\/wp\/wp-json\/wp\/v2\/categories?post=116339"},{"taxonomy":"post_tag","embeddable":true,"href":"http:\/\/www.blogdopilako.com.br\/wp\/wp-json\/wp\/v2\/tags?post=116339"}],"curies":[{"name":"wp","href":"https:\/\/api.w.org\/{rel}","templated":true}]}}