{"id":116169,"date":"2018-09-03T14:30:04","date_gmt":"2018-09-03T17:30:04","guid":{"rendered":"http:\/\/www.blogdopilako.com.br\/wp\/?p=116169"},"modified":"2018-09-03T11:21:12","modified_gmt":"2018-09-03T14:21:12","slug":"atencao-ex-atiradores-major-eudes-esta-convocando-para-o-desfile-civico-de-7-de-setembro","status":"publish","type":"post","link":"http:\/\/www.blogdopilako.com.br\/wp\/2018\/09\/03\/atencao-ex-atiradores-major-eudes-esta-convocando-para-o-desfile-civico-de-7-de-setembro\/","title":{"rendered":"Aten\u00e7\u00e3o ex-atiradores: Major Eudes est\u00e1 convocando para o desfile c\u00edvico de 7 de setembro"},"content":{"rendered":"\n\t\t\t\t<div class=\"mr_social_sharing_wrapper\">\n\t\t\t\t<!-- Social Sharing Toolkit v2.2 --><span class=\"mr_social_sharing_top\"><span style=\"display: inline-block; width: 55px; height: 62px; overflow: hidden;\"><div class=\"fb-like\" data-href=\"http:\/\/www.blogdopilako.com.br\/wp\/2018\/09\/03\/atencao-ex-atiradores-major-eudes-esta-convocando-para-o-desfile-civico-de-7-de-setembro\/\" data-send=\"false\" data-layout=\"box_count\" data-width=\"55\" data-show-faces=\"false\"><\/div><\/span><\/span><span class=\"mr_social_sharing_top\"><fb:share-button type=\"box_count\" href=\"http:\/\/www.blogdopilako.com.br\/wp\/2018\/09\/03\/atencao-ex-atiradores-major-eudes-esta-convocando-para-o-desfile-civico-de-7-de-setembro\/\"><\/fb:share-button><\/span><span class=\"mr_social_sharing\"><a rel=\"nofollow\" class=\"linksalpha_button linksalpha_link\" href=\"\/\/www.linksalpha.com\/social\/mobile\" data-url=\"http:\/\/www.blogdopilako.com.br\/wp\/2018\/09\/03\/atencao-ex-atiradores-major-eudes-esta-convocando-para-o-desfile-civico-de-7-de-setembro\/\" data-text=\"Aten\u00e7\u00e3o ex-atiradores: Major Eudes est\u00e1 convocando para o desfile c\u00edvico de 7 de setembro\" data-desc=\"\u00a0 Na qualidade de ex-atirador do nosso Tiro de Guerra, amigo e admirador do eterno instrutor Major Eudes refor\u00e7o a \u201cconvoca\u00e7\u00e3o\u201d a todos aqueles que vivenciaram os ensinamentos c\u00edvicos sob o seu comando para, junto com tantos outros ex-atiradores, desfilar no pr\u00f3ximo dia 7 de setembro\" data-image=\"http:\/\/www.blogdopilako.com.br\/wp\/wp-content\/uploads\/2018\/09\/f60a4fb9-b7cb-4dc9-9941-5a3836d647d9-768x576-1.jpg\" data-button=\"none\">\n\t\t\t\t\t<img src=\"\/\/www.linksalpha.com\/images\/social_share_button.png\" alt=\"Share\" class=\"linksalpha_image\" \/>\n\t\t\t\t\t<\/a><script type=\"text\/javascript\" src=\"\/\/www.linksalpha.com\/scripts\/loader_iconbox.js?v=2.4\"><\/script><\/span><\/div><p>&nbsp;<\/p>\n<p style=\"text-align: justify;\"><a href=\"http:\/\/www.blogdopilako.com.br\/wp\/wp-content\/uploads\/2018\/09\/f60a4fb9-b7cb-4dc9-9941-5a3836d647d9-768x576-1.jpg\"><img loading=\"lazy\" class=\"aligncenter size-full wp-image-116170\" src=\"http:\/\/www.blogdopilako.com.br\/wp\/wp-content\/uploads\/2018\/09\/f60a4fb9-b7cb-4dc9-9941-5a3836d647d9-768x576-1.jpg\" alt=\"\" width=\"768\" height=\"576\" srcset=\"http:\/\/www.blogdopilako.com.br\/wp\/wp-content\/uploads\/2018\/09\/f60a4fb9-b7cb-4dc9-9941-5a3836d647d9-768x576-1.jpg 768w, http:\/\/www.blogdopilako.com.br\/wp\/wp-content\/uploads\/2018\/09\/f60a4fb9-b7cb-4dc9-9941-5a3836d647d9-768x576-1-300x225.jpg 300w\" sizes=\"(max-width: 768px) 100vw, 768px\" \/><\/a>Na qualidade de ex-atirador do nosso Tiro de Guerra, amigo e admirador do eterno instrutor Major Eudes refor\u00e7o a \u201cconvoca\u00e7\u00e3o\u201d a todos aqueles que vivenciaram os ensinamentos c\u00edvicos sob o seu comando para, junto com tantos outros ex-atiradores, desfilar no pr\u00f3ximo dia 7 de setembro em um pelot\u00e3o formado pelos reservistas das mais variadas turmas.<\/p>\n<p style=\"text-align: justify;\">Para participar o interessado deve se dirigir ao Tiro de Guerra \u2013 Alto do Reservat\u00f3rio\u00a0 &#8211; para adquirir sua camisa. Informa\u00e7\u00f5es: 3523-3307.<\/p>\n\n\t\t\t\t<div class=\"mr_social_sharing_wrapper\">\n\t\t\t\t<!-- Social Sharing Toolkit v2.2 --><span class=\"mr_social_sharing_top\"><span style=\"display: inline-block; width: 55px; height: 62px; overflow: hidden;\"><div class=\"fb-like\" data-href=\"http:\/\/www.blogdopilako.com.br\/wp\/2018\/09\/03\/atencao-ex-atiradores-major-eudes-esta-convocando-para-o-desfile-civico-de-7-de-setembro\/\" data-send=\"false\" data-layout=\"box_count\" data-width=\"55\" data-show-faces=\"false\"><\/div><\/span><\/span><span class=\"mr_social_sharing_top\"><fb:share-button type=\"box_count\" href=\"http:\/\/www.blogdopilako.com.br\/wp\/2018\/09\/03\/atencao-ex-atiradores-major-eudes-esta-convocando-para-o-desfile-civico-de-7-de-setembro\/\"><\/fb:share-button><\/span><span class=\"mr_social_sharing\"><a rel=\"nofollow\" class=\"linksalpha_button linksalpha_link\" href=\"\/\/www.linksalpha.com\/social\/mobile\" data-url=\"http:\/\/www.blogdopilako.com.br\/wp\/2018\/09\/03\/atencao-ex-atiradores-major-eudes-esta-convocando-para-o-desfile-civico-de-7-de-setembro\/\" data-text=\"Aten\u00e7\u00e3o ex-atiradores: Major Eudes est\u00e1 convocando para o desfile c\u00edvico de 7 de setembro\" data-desc=\"\u00a0 Na qualidade de ex-atirador do nosso Tiro de Guerra, amigo e admirador do eterno instrutor Major Eudes refor\u00e7o a \u201cconvoca\u00e7\u00e3o\u201d a todos aqueles que vivenciaram os ensinamentos c\u00edvicos sob o seu comando para, junto com tantos outros ex-atiradores, desfilar no pr\u00f3ximo dia 7 de setembro\" data-image=\"http:\/\/www.blogdopilako.com.br\/wp\/wp-content\/uploads\/2018\/09\/f60a4fb9-b7cb-4dc9-9941-5a3836d647d9-768x576-1.jpg\" data-button=\"none\">\n\t\t\t\t\t<img src=\"\/\/www.linksalpha.com\/images\/social_share_button.png\" alt=\"Share\" class=\"linksalpha_image\" \/>\n\t\t\t\t\t<\/a><script type=\"text\/javascript\" src=\"\/\/www.linksalpha.com\/scripts\/loader_iconbox.js?v=2.4\"><\/script><\/span><\/div>","protected":false},"excerpt":{"rendered":"\n\t\t\t\t<div class=\"mr_social_sharing_wrapper\">\n\t\t\t\t<!-- Social Sharing Toolkit v2.2 --><span class=\"mr_social_sharing_top\"><span style=\"display: inline-block; width: 55px; height: 62px; overflow: hidden;\"><div class=\"fb-like\" data-href=\"http:\/\/www.blogdopilako.com.br\/wp\/2018\/09\/03\/atencao-ex-atiradores-major-eudes-esta-convocando-para-o-desfile-civico-de-7-de-setembro\/\" data-send=\"false\" data-layout=\"box_count\" data-width=\"55\" data-show-faces=\"false\"><\/div><\/span><\/span><span class=\"mr_social_sharing_top\"><fb:share-button type=\"box_count\" href=\"http:\/\/www.blogdopilako.com.br\/wp\/2018\/09\/03\/atencao-ex-atiradores-major-eudes-esta-convocando-para-o-desfile-civico-de-7-de-setembro\/\"><\/fb:share-button><\/span><span class=\"mr_social_sharing\"><a rel=\"nofollow\" class=\"linksalpha_button linksalpha_link\" href=\"\/\/www.linksalpha.com\/social\/mobile\" data-url=\"http:\/\/www.blogdopilako.com.br\/wp\/2018\/09\/03\/atencao-ex-atiradores-major-eudes-esta-convocando-para-o-desfile-civico-de-7-de-setembro\/\" data-text=\"Aten\u00e7\u00e3o ex-atiradores: Major Eudes est\u00e1 convocando para o desfile c\u00edvico de 7 de setembro\" data-desc=\"\u00a0 Na qualidade de ex-atirador do nosso Tiro de Guerra, amigo e admirador do eterno instrutor Major Eudes refor\u00e7o a \u201cconvoca\u00e7\u00e3o\u201d a todos aqueles que vivenciaram os ensinamentos c\u00edvicos sob o seu comando para, junto com tantos outros ex-atiradores, desfilar no pr\u00f3ximo dia 7 de setembro\" data-image=\"\" data-button=\"none\">\n\t\t\t\t\t<img src=\"\/\/www.linksalpha.com\/images\/social_share_button.png\" alt=\"Share\" class=\"linksalpha_image\" \/>\n\t\t\t\t\t<\/a><script type=\"text\/javascript\" src=\"\/\/www.linksalpha.com\/scripts\/loader_iconbox.js?v=2.4\"><\/script><\/span><\/div><p>&nbsp; Na qualidade de ex-atirador do nosso Tiro de Guerra, amigo e admirador do eterno instrutor Major Eudes refor\u00e7o a \u201cconvoca\u00e7\u00e3o\u201d a todos aqueles que vivenciaram os ensinamentos c\u00edvicos sob o seu comando para, junto com tantos outros ex-atiradores, desfilar &hellip; <a href=\"http:\/\/www.blogdopilako.com.br\/wp\/2018\/09\/03\/atencao-ex-atiradores-major-eudes-esta-convocando-para-o-desfile-civico-de-7-de-setembro\/\">Continue lendo <span class=\"meta-nav\">&rarr;<\/span><\/a><\/p>\n\n\t\t\t\t<div class=\"mr_social_sharing_wrapper\">\n\t\t\t\t<!-- Social Sharing Toolkit v2.2 --><span class=\"mr_social_sharing_top\"><span style=\"display: inline-block; width: 55px; height: 62px; overflow: hidden;\"><div class=\"fb-like\" data-href=\"http:\/\/www.blogdopilako.com.br\/wp\/2018\/09\/03\/atencao-ex-atiradores-major-eudes-esta-convocando-para-o-desfile-civico-de-7-de-setembro\/\" data-send=\"false\" data-layout=\"box_count\" data-width=\"55\" data-show-faces=\"false\"><\/div><\/span><\/span><span class=\"mr_social_sharing_top\"><fb:share-button type=\"box_count\" href=\"http:\/\/www.blogdopilako.com.br\/wp\/2018\/09\/03\/atencao-ex-atiradores-major-eudes-esta-convocando-para-o-desfile-civico-de-7-de-setembro\/\"><\/fb:share-button><\/span><span class=\"mr_social_sharing\"><a rel=\"nofollow\" class=\"linksalpha_button linksalpha_link\" href=\"\/\/www.linksalpha.com\/social\/mobile\" data-url=\"http:\/\/www.blogdopilako.com.br\/wp\/2018\/09\/03\/atencao-ex-atiradores-major-eudes-esta-convocando-para-o-desfile-civico-de-7-de-setembro\/\" data-text=\"Aten\u00e7\u00e3o ex-atiradores: Major Eudes est\u00e1 convocando para o desfile c\u00edvico de 7 de setembro\" data-desc=\"\u00a0 Na qualidade de ex-atirador do nosso Tiro de Guerra, amigo e admirador do eterno instrutor Major Eudes refor\u00e7o a \u201cconvoca\u00e7\u00e3o\u201d a todos aqueles que vivenciaram os ensinamentos c\u00edvicos sob o seu comando para, junto com tantos outros ex-atiradores, desfilar no pr\u00f3ximo dia 7 de setembro\" data-image=\"\" data-button=\"none\">\n\t\t\t\t\t<img src=\"\/\/www.linksalpha.com\/images\/social_share_button.png\" alt=\"Share\" class=\"linksalpha_image\" \/>\n\t\t\t\t\t<\/a><script type=\"text\/javascript\" src=\"\/\/www.linksalpha.com\/scripts\/loader_iconbox.js?v=2.4\"><\/script><\/span><\/div>","protected":false},"author":2,"featured_media":0,"comment_status":"open","ping_status":"open","sticky":false,"template":"","format":"standard","meta":[],"categories":[21],"tags":[],"_links":{"self":[{"href":"http:\/\/www.blogdopilako.com.br\/wp\/wp-json\/wp\/v2\/posts\/116169"}],"collection":[{"href":"http:\/\/www.blogdopilako.com.br\/wp\/wp-json\/wp\/v2\/posts"}],"about":[{"href":"http:\/\/www.blogdopilako.com.br\/wp\/wp-json\/wp\/v2\/types\/post"}],"author":[{"embeddable":true,"href":"http:\/\/www.blogdopilako.com.br\/wp\/wp-json\/wp\/v2\/users\/2"}],"replies":[{"embeddable":true,"href":"http:\/\/www.blogdopilako.com.br\/wp\/wp-json\/wp\/v2\/comments?post=116169"}],"version-history":[{"count":1,"href":"http:\/\/www.blogdopilako.com.br\/wp\/wp-json\/wp\/v2\/posts\/116169\/revisions"}],"predecessor-version":[{"id":116171,"href":"http:\/\/www.blogdopilako.com.br\/wp\/wp-json\/wp\/v2\/posts\/116169\/revisions\/116171"}],"wp:attachment":[{"href":"http:\/\/www.blogdopilako.com.br\/wp\/wp-json\/wp\/v2\/media?parent=116169"}],"wp:term":[{"taxonomy":"category","embeddable":true,"href":"http:\/\/www.blogdopilako.com.br\/wp\/wp-json\/wp\/v2\/categories?post=116169"},{"taxonomy":"post_tag","embeddable":true,"href":"http:\/\/www.blogdopilako.com.br\/wp\/wp-json\/wp\/v2\/tags?post=116169"}],"curies":[{"name":"wp","href":"https:\/\/api.w.org\/{rel}","templated":true}]}}