{"id":11548,"date":"2012-01-10T14:00:07","date_gmt":"2012-01-10T17:00:07","guid":{"rendered":"http:\/\/www.blogdopilako.com.br\/wp\/?p=11548"},"modified":"2012-01-10T12:30:05","modified_gmt":"2012-01-10T15:30:05","slug":"aldenisio-tavares-lanca-cd-neste-carnaval","status":"publish","type":"post","link":"http:\/\/www.blogdopilako.com.br\/wp\/2012\/01\/10\/aldenisio-tavares-lanca-cd-neste-carnaval\/","title":{"rendered":"Aldenisio Tavares lan\u00e7a CD neste Carnaval"},"content":{"rendered":"\n\t\t\t\t<div class=\"mr_social_sharing_wrapper\">\n\t\t\t\t<!-- Social Sharing Toolkit v2.2 --><span class=\"mr_social_sharing_top\"><span style=\"display: inline-block; width: 55px; height: 62px; overflow: hidden;\"><div class=\"fb-like\" data-href=\"http:\/\/www.blogdopilako.com.br\/wp\/2012\/01\/10\/aldenisio-tavares-lanca-cd-neste-carnaval\/\" data-send=\"false\" data-layout=\"box_count\" data-width=\"55\" data-show-faces=\"false\"><\/div><\/span><\/span><span class=\"mr_social_sharing_top\"><fb:share-button type=\"box_count\" href=\"http:\/\/www.blogdopilako.com.br\/wp\/2012\/01\/10\/aldenisio-tavares-lanca-cd-neste-carnaval\/\"><\/fb:share-button><\/span><span class=\"mr_social_sharing\"><a rel=\"nofollow\" class=\"linksalpha_button linksalpha_link\" href=\"\/\/www.linksalpha.com\/social\/mobile\" data-url=\"http:\/\/www.blogdopilako.com.br\/wp\/2012\/01\/10\/aldenisio-tavares-lanca-cd-neste-carnaval\/\" data-text=\"Aldenisio Tavares lan\u00e7a CD neste Carnaval\" data-desc=\"O compositor vitoriense Aldenisio Tavares lan\u00e7a neste carnaval o CD \u00c9 Mania de Carnaval, em parceria com outros compositores vitorienses, entre eles\u00a0LIMA da prefeitura, Guilherme Paj\u00e9, Benedito de Cachoeirinha, Rivonaldo Tavares, Samuka Voice e Dr. Gilberto. S\u00e3o 13 m\u00fasicas na voz de grandes\" data-image=\"http:\/\/www.blogdopilako.com.br\/wp\/wp-content\/uploads\/aldenisio-carnaval.jpg\" data-button=\"none\">\n\t\t\t\t\t<img src=\"\/\/www.linksalpha.com\/images\/social_share_button.png\" alt=\"Share\" class=\"linksalpha_image\" \/>\n\t\t\t\t\t<\/a><script type=\"text\/javascript\" src=\"\/\/www.linksalpha.com\/scripts\/loader_iconbox.js?v=2.4\"><\/script><\/span><\/div><p><a href=\"http:\/\/www.blogdopilako.com.br\/wp\/wp-content\/uploads\/aldenisio-carnaval.jpg\"><img loading=\"lazy\" class=\"aligncenter size-full wp-image-11551\" title=\"aldenisio-carnaval\" src=\"http:\/\/www.blogdopilako.com.br\/wp\/wp-content\/uploads\/aldenisio-carnaval.jpg\" alt=\"\" width=\"550\" height=\"413\" \/><\/a><\/p>\n<p style=\"text-align: justify;\"><a href=\"http:\/\/www.blogdopilako.com.br\/wp\/wp-content\/uploads\/circulando.jpg\"><img loading=\"lazy\" class=\"alignleft size-full wp-image-11438\" title=\"circulando\" src=\"http:\/\/www.blogdopilako.com.br\/wp\/wp-content\/uploads\/circulando.jpg\" alt=\"\" width=\"205\" height=\"207\" \/><\/a>O compositor vitoriense <em><strong>Aldenisio Tavares<\/strong><\/em> lan\u00e7a neste carnaval o CD <span style=\"color: #ff0000;\"><strong>\u00c9 Mania de Carnaval<\/strong><\/span>, em parceria com outros compositores vitorienses, entre eles\u00a0<em><strong>LIMA da prefeitura<\/strong><\/em>, <em><strong>Guilherme Paj\u00e9<\/strong><\/em>, <em><strong>Benedito de Cachoeirinha<\/strong><\/em>, <em><strong>Rivonaldo Tavares<\/strong><\/em>, <em><strong>Samuka Voice<\/strong><\/em> e <em><strong>Dr. Gilberto<\/strong><\/em>.<\/p>\n<p style=\"text-align: justify;\">S\u00e3o 13 m\u00fasicas na voz de grandes interpretes vitorienses: <em><strong>Ery F\u00e3 Farra, Rodrigo, Nildo Ventura, Jhonata Santos, Everton de Paula, Dudu e Erika, Pierre, Ricardo Rico, Bruna Kelly e Lulinha<\/strong><\/em>.<\/p>\n<p style=\"text-align: justify;\">Para que o internauta conhe\u00e7a as m\u00fasicas carnavalescas produzidas em nossa cidade, o nosso blog postar\u00e1 diariamente faixas do &#8220;<em><strong>\u00c9 Mania de Carnaval<\/strong><\/em>&#8220;, o mais novo trabalho do nosso amigo e colunista <em><strong>Aldenisio Tavares<\/strong><\/em>.<\/p>\n\n\t\t\t\t<div class=\"mr_social_sharing_wrapper\">\n\t\t\t\t<!-- Social Sharing Toolkit v2.2 --><span class=\"mr_social_sharing_top\"><span style=\"display: inline-block; width: 55px; height: 62px; overflow: hidden;\"><div class=\"fb-like\" data-href=\"http:\/\/www.blogdopilako.com.br\/wp\/2012\/01\/10\/aldenisio-tavares-lanca-cd-neste-carnaval\/\" data-send=\"false\" data-layout=\"box_count\" data-width=\"55\" data-show-faces=\"false\"><\/div><\/span><\/span><span class=\"mr_social_sharing_top\"><fb:share-button type=\"box_count\" href=\"http:\/\/www.blogdopilako.com.br\/wp\/2012\/01\/10\/aldenisio-tavares-lanca-cd-neste-carnaval\/\"><\/fb:share-button><\/span><span class=\"mr_social_sharing\"><a rel=\"nofollow\" class=\"linksalpha_button linksalpha_link\" href=\"\/\/www.linksalpha.com\/social\/mobile\" data-url=\"http:\/\/www.blogdopilako.com.br\/wp\/2012\/01\/10\/aldenisio-tavares-lanca-cd-neste-carnaval\/\" data-text=\"Aldenisio Tavares lan\u00e7a CD neste Carnaval\" data-desc=\"O compositor vitoriense Aldenisio Tavares lan\u00e7a neste carnaval o CD \u00c9 Mania de Carnaval, em parceria com outros compositores vitorienses, entre eles\u00a0LIMA da prefeitura, Guilherme Paj\u00e9, Benedito de Cachoeirinha, Rivonaldo Tavares, Samuka Voice e Dr. Gilberto. S\u00e3o 13 m\u00fasicas na voz de grandes\" data-image=\"http:\/\/www.blogdopilako.com.br\/wp\/wp-content\/uploads\/aldenisio-carnaval.jpg\" data-button=\"none\">\n\t\t\t\t\t<img src=\"\/\/www.linksalpha.com\/images\/social_share_button.png\" alt=\"Share\" class=\"linksalpha_image\" \/>\n\t\t\t\t\t<\/a><script type=\"text\/javascript\" src=\"\/\/www.linksalpha.com\/scripts\/loader_iconbox.js?v=2.4\"><\/script><\/span><\/div>","protected":false},"excerpt":{"rendered":"\n\t\t\t\t<div class=\"mr_social_sharing_wrapper\">\n\t\t\t\t<!-- Social Sharing Toolkit v2.2 --><span class=\"mr_social_sharing_top\"><span style=\"display: inline-block; width: 55px; height: 62px; overflow: hidden;\"><div class=\"fb-like\" data-href=\"http:\/\/www.blogdopilako.com.br\/wp\/2012\/01\/10\/aldenisio-tavares-lanca-cd-neste-carnaval\/\" data-send=\"false\" data-layout=\"box_count\" data-width=\"55\" data-show-faces=\"false\"><\/div><\/span><\/span><span class=\"mr_social_sharing_top\"><fb:share-button type=\"box_count\" href=\"http:\/\/www.blogdopilako.com.br\/wp\/2012\/01\/10\/aldenisio-tavares-lanca-cd-neste-carnaval\/\"><\/fb:share-button><\/span><span class=\"mr_social_sharing\"><a rel=\"nofollow\" class=\"linksalpha_button linksalpha_link\" href=\"\/\/www.linksalpha.com\/social\/mobile\" data-url=\"http:\/\/www.blogdopilako.com.br\/wp\/2012\/01\/10\/aldenisio-tavares-lanca-cd-neste-carnaval\/\" data-text=\"Aldenisio Tavares lan\u00e7a CD neste Carnaval\" data-desc=\"O compositor vitoriense Aldenisio Tavares lan\u00e7a neste carnaval o CD \u00c9 Mania de Carnaval, em parceria com outros compositores vitorienses, entre eles\u00a0LIMA da prefeitura, Guilherme Paj\u00e9, Benedito de Cachoeirinha, Rivonaldo Tavares, Samuka Voice e Dr. Gilberto. S\u00e3o 13 m\u00fasicas na voz de grandes\" data-image=\"\" data-button=\"none\">\n\t\t\t\t\t<img src=\"\/\/www.linksalpha.com\/images\/social_share_button.png\" alt=\"Share\" class=\"linksalpha_image\" \/>\n\t\t\t\t\t<\/a><script type=\"text\/javascript\" src=\"\/\/www.linksalpha.com\/scripts\/loader_iconbox.js?v=2.4\"><\/script><\/span><\/div><p>O compositor vitoriense Aldenisio Tavares lan\u00e7a neste carnaval o CD \u00c9 Mania de Carnaval, em parceria com outros compositores vitorienses, entre eles\u00a0LIMA da prefeitura, Guilherme Paj\u00e9, Benedito de Cachoeirinha, Rivonaldo Tavares, Samuka Voice e Dr. Gilberto. S\u00e3o 13 m\u00fasicas na &hellip; <a href=\"http:\/\/www.blogdopilako.com.br\/wp\/2012\/01\/10\/aldenisio-tavares-lanca-cd-neste-carnaval\/\">Continue lendo <span class=\"meta-nav\">&rarr;<\/span><\/a><\/p>\n\n\t\t\t\t<div class=\"mr_social_sharing_wrapper\">\n\t\t\t\t<!-- Social Sharing Toolkit v2.2 --><span class=\"mr_social_sharing_top\"><span style=\"display: inline-block; width: 55px; height: 62px; overflow: hidden;\"><div class=\"fb-like\" data-href=\"http:\/\/www.blogdopilako.com.br\/wp\/2012\/01\/10\/aldenisio-tavares-lanca-cd-neste-carnaval\/\" data-send=\"false\" data-layout=\"box_count\" data-width=\"55\" data-show-faces=\"false\"><\/div><\/span><\/span><span class=\"mr_social_sharing_top\"><fb:share-button type=\"box_count\" href=\"http:\/\/www.blogdopilako.com.br\/wp\/2012\/01\/10\/aldenisio-tavares-lanca-cd-neste-carnaval\/\"><\/fb:share-button><\/span><span class=\"mr_social_sharing\"><a rel=\"nofollow\" class=\"linksalpha_button linksalpha_link\" href=\"\/\/www.linksalpha.com\/social\/mobile\" data-url=\"http:\/\/www.blogdopilako.com.br\/wp\/2012\/01\/10\/aldenisio-tavares-lanca-cd-neste-carnaval\/\" data-text=\"Aldenisio Tavares lan\u00e7a CD neste Carnaval\" data-desc=\"O compositor vitoriense Aldenisio Tavares lan\u00e7a neste carnaval o CD \u00c9 Mania de Carnaval, em parceria com outros compositores vitorienses, entre eles\u00a0LIMA da prefeitura, Guilherme Paj\u00e9, Benedito de Cachoeirinha, Rivonaldo Tavares, Samuka Voice e Dr. Gilberto. S\u00e3o 13 m\u00fasicas na voz de grandes\" data-image=\"\" data-button=\"none\">\n\t\t\t\t\t<img src=\"\/\/www.linksalpha.com\/images\/social_share_button.png\" alt=\"Share\" class=\"linksalpha_image\" \/>\n\t\t\t\t\t<\/a><script type=\"text\/javascript\" src=\"\/\/www.linksalpha.com\/scripts\/loader_iconbox.js?v=2.4\"><\/script><\/span><\/div>","protected":false},"author":4,"featured_media":0,"comment_status":"open","ping_status":"open","sticky":false,"template":"","format":"standard","meta":[],"categories":[22,17],"tags":[],"_links":{"self":[{"href":"http:\/\/www.blogdopilako.com.br\/wp\/wp-json\/wp\/v2\/posts\/11548"}],"collection":[{"href":"http:\/\/www.blogdopilako.com.br\/wp\/wp-json\/wp\/v2\/posts"}],"about":[{"href":"http:\/\/www.blogdopilako.com.br\/wp\/wp-json\/wp\/v2\/types\/post"}],"author":[{"embeddable":true,"href":"http:\/\/www.blogdopilako.com.br\/wp\/wp-json\/wp\/v2\/users\/4"}],"replies":[{"embeddable":true,"href":"http:\/\/www.blogdopilako.com.br\/wp\/wp-json\/wp\/v2\/comments?post=11548"}],"version-history":[{"count":4,"href":"http:\/\/www.blogdopilako.com.br\/wp\/wp-json\/wp\/v2\/posts\/11548\/revisions"}],"predecessor-version":[{"id":11557,"href":"http:\/\/www.blogdopilako.com.br\/wp\/wp-json\/wp\/v2\/posts\/11548\/revisions\/11557"}],"wp:attachment":[{"href":"http:\/\/www.blogdopilako.com.br\/wp\/wp-json\/wp\/v2\/media?parent=11548"}],"wp:term":[{"taxonomy":"category","embeddable":true,"href":"http:\/\/www.blogdopilako.com.br\/wp\/wp-json\/wp\/v2\/categories?post=11548"},{"taxonomy":"post_tag","embeddable":true,"href":"http:\/\/www.blogdopilako.com.br\/wp\/wp-json\/wp\/v2\/tags?post=11548"}],"curies":[{"name":"wp","href":"https:\/\/api.w.org\/{rel}","templated":true}]}}