{"id":114989,"date":"2018-07-20T14:30:08","date_gmt":"2018-07-20T17:30:08","guid":{"rendered":"http:\/\/www.blogdopilako.com.br\/wp\/?p=114989"},"modified":"2018-07-19T19:27:27","modified_gmt":"2018-07-19T22:27:27","slug":"cineclube-avalovara-e-movimento-cineruape-realizam-sessao-itinerante-no-cineatro-iracema","status":"publish","type":"post","link":"http:\/\/www.blogdopilako.com.br\/wp\/2018\/07\/20\/cineclube-avalovara-e-movimento-cineruape-realizam-sessao-itinerante-no-cineatro-iracema\/","title":{"rendered":"Cineclube Avalovara e Movimento CineRuaPE realizam sess\u00e3o itinerante no Cineatro Iracema."},"content":{"rendered":"\n\t\t\t\t<div class=\"mr_social_sharing_wrapper\">\n\t\t\t\t<!-- Social Sharing Toolkit v2.2 --><span class=\"mr_social_sharing_top\"><span style=\"display: inline-block; width: 55px; height: 62px; overflow: hidden;\"><div class=\"fb-like\" data-href=\"http:\/\/www.blogdopilako.com.br\/wp\/2018\/07\/20\/cineclube-avalovara-e-movimento-cineruape-realizam-sessao-itinerante-no-cineatro-iracema\/\" data-send=\"false\" data-layout=\"box_count\" data-width=\"55\" data-show-faces=\"false\"><\/div><\/span><\/span><span class=\"mr_social_sharing_top\"><fb:share-button type=\"box_count\" href=\"http:\/\/www.blogdopilako.com.br\/wp\/2018\/07\/20\/cineclube-avalovara-e-movimento-cineruape-realizam-sessao-itinerante-no-cineatro-iracema\/\"><\/fb:share-button><\/span><span class=\"mr_social_sharing\"><a rel=\"nofollow\" class=\"linksalpha_button linksalpha_link\" href=\"\/\/www.linksalpha.com\/social\/mobile\" data-url=\"http:\/\/www.blogdopilako.com.br\/wp\/2018\/07\/20\/cineclube-avalovara-e-movimento-cineruape-realizam-sessao-itinerante-no-cineatro-iracema\/\" data-text=\"Cineclube Avalovara e Movimento CineRuaPE realizam sess\u00e3o itinerante no Cineatro Iracema.\" data-desc=\"Neste domingo (22\/07), estaremos juntos com o projeto\u00a0#CineRuaPE\u00a0Itinerante numa sess\u00e3o especial na fachada do Cineteatro Iracema. Nosso intuito \u00e9 chamar aten\u00e7\u00e3o, mais uma vez, para este espa\u00e7o important\u00edssimo da mem\u00f3ria e hist\u00f3ria de nossa cidade: o Cineteatro Iracema encontra-se\" data-image=\"http:\/\/www.blogdopilako.com.br\/wp\/wp-content\/uploads\/2018\/07\/sessao_06v3.1-1024x1024.png\" data-button=\"none\">\n\t\t\t\t\t<img src=\"\/\/www.linksalpha.com\/images\/social_share_button.png\" alt=\"Share\" class=\"linksalpha_image\" \/>\n\t\t\t\t\t<\/a><script type=\"text\/javascript\" src=\"\/\/www.linksalpha.com\/scripts\/loader_iconbox.js?v=2.4\"><\/script><\/span><\/div><p><img loading=\"lazy\" class=\"aligncenter size-large wp-image-114990\" src=\"http:\/\/www.blogdopilako.com.br\/wp\/wp-content\/uploads\/2018\/07\/sessao_06v3.1-1024x1024.png\" alt=\"\" width=\"640\" height=\"640\" srcset=\"http:\/\/www.blogdopilako.com.br\/wp\/wp-content\/uploads\/2018\/07\/sessao_06v3.1-1024x1024.png 1024w, http:\/\/www.blogdopilako.com.br\/wp\/wp-content\/uploads\/2018\/07\/sessao_06v3.1-150x150.png 150w, http:\/\/www.blogdopilako.com.br\/wp\/wp-content\/uploads\/2018\/07\/sessao_06v3.1-300x300.png 300w, http:\/\/www.blogdopilako.com.br\/wp\/wp-content\/uploads\/2018\/07\/sessao_06v3.1-768x768.png 768w, http:\/\/www.blogdopilako.com.br\/wp\/wp-content\/uploads\/2018\/07\/sessao_06v3.1.png 1500w\" sizes=\"(max-width: 640px) 100vw, 640px\" \/><\/p>\n<p style=\"text-align: justify;\">Neste domingo (22\/07), estaremos juntos com o projeto\u00a0<a href=\"https:\/\/www.facebook.com\/hashtag\/cineruape\">#CineRuaPE<\/a>\u00a0Itinerante numa sess\u00e3o especial na fachada do Cineteatro Iracema. Nosso intuito \u00e9 chamar aten\u00e7\u00e3o, mais uma vez, para este espa\u00e7o important\u00edssimo da mem\u00f3ria e hist\u00f3ria de nossa cidade: o Cineteatro Iracema encontra-se desativado desde 2004 e foi tema da Primeira Mostra de Cinema da Vit\u00f3ria de Santo Ant\u00e3o.<\/p>\n<p>O #CineRuaPE Itinerante \u00e9 um projeto do Movimento #CineRuaPE, que existe desde 2015 e, pensando em a\u00e7\u00f5es continuadas, criou o Cineclube<a href=\"https:\/\/www.facebook.com\/hashtag\/cinerua\">#CineRua<\/a>, que promove sess\u00f5es e debates em prol de cinemas de ruas com o objetivo de manter viva a mem\u00f3ria dos espa\u00e7os, assim como a cultura dos cinemas de rua, trazendo para a rua atividades que provoquem reflex\u00f5es sobre formas de ocupar, pensar e viver a cidade.<\/p>\n<p>O Movimento Cine Rua quer os cinemas de rua vivos! O Cineclube Avalovara quer os cinemas de rua vivos e o Cineteatro Iracema ativo de novo!<\/p>\n<p>Vamos nessa? Chegue junto e convide as amizades todas.<\/p>\n<p>Na sess\u00e3o, ser\u00e3o exibidos os filmes:<\/p>\n<p>CINE S\u00c3O VICENTE (Dir. Kleber Camelo, 20\u2019, PE)<br \/>\nCINE RIO BRANCO (Dir. Eudaldo Mon\u00e7\u00e3o Jr., 17\u2019, BA)<br \/>\nSESS\u00c3O ENTRE AMIGOS (Dir. Cristhine Lucena, 19\u2019, PA)<\/p>\n<p>O Cineclube Avalovara \u00e9 um projeto aprovado no 10\u00ba Edital do Programa de Desenvolvimento da Produ\u00e7\u00e3o Audiovisual de Pernambuco (Funcultura 2016 \u2013 2017), e tem apoio do Museu do Instituto Hist\u00f3rico e Geogr\u00e1fico de Vit\u00f3ria de Santo Ant\u00e3o (IHGVSA) e da Federa\u00e7\u00e3o Pernambucana de Cineclubes (Fepec).<\/p>\n<p style=\"text-align: justify;\">SERVI\u00c7O<br \/>\nCineclube Avalovara e Movimento CineRuaPE realizam sess\u00e3o itinerante no Cineatro Iracema<br \/>\nClassifica\u00e7\u00e3o indicativa: Livre<br \/>\nData e hora: 22\/07\/2018 (dom), \u00e0s 18h<br \/>\nLocal: Fachada do Cineteatro Iracema<br \/>\nEndere\u00e7o: R. C\u00f4nego Bernardo, 21-49 &#8211; Matriz, Vit\u00f3ria de Santo Ant\u00e3o (ao lado da Cascatinha dos Universit\u00e1rios\/Bar do Gena)<\/p>\n<p>&nbsp;<\/p>\n<p>&nbsp;<\/p>\n\n\t\t\t\t<div class=\"mr_social_sharing_wrapper\">\n\t\t\t\t<!-- Social Sharing Toolkit v2.2 --><span class=\"mr_social_sharing_top\"><span style=\"display: inline-block; width: 55px; height: 62px; overflow: hidden;\"><div class=\"fb-like\" data-href=\"http:\/\/www.blogdopilako.com.br\/wp\/2018\/07\/20\/cineclube-avalovara-e-movimento-cineruape-realizam-sessao-itinerante-no-cineatro-iracema\/\" data-send=\"false\" data-layout=\"box_count\" data-width=\"55\" data-show-faces=\"false\"><\/div><\/span><\/span><span class=\"mr_social_sharing_top\"><fb:share-button type=\"box_count\" href=\"http:\/\/www.blogdopilako.com.br\/wp\/2018\/07\/20\/cineclube-avalovara-e-movimento-cineruape-realizam-sessao-itinerante-no-cineatro-iracema\/\"><\/fb:share-button><\/span><span class=\"mr_social_sharing\"><a rel=\"nofollow\" class=\"linksalpha_button linksalpha_link\" href=\"\/\/www.linksalpha.com\/social\/mobile\" data-url=\"http:\/\/www.blogdopilako.com.br\/wp\/2018\/07\/20\/cineclube-avalovara-e-movimento-cineruape-realizam-sessao-itinerante-no-cineatro-iracema\/\" data-text=\"Cineclube Avalovara e Movimento CineRuaPE realizam sess\u00e3o itinerante no Cineatro Iracema.\" data-desc=\"Neste domingo (22\/07), estaremos juntos com o projeto\u00a0#CineRuaPE\u00a0Itinerante numa sess\u00e3o especial na fachada do Cineteatro Iracema. Nosso intuito \u00e9 chamar aten\u00e7\u00e3o, mais uma vez, para este espa\u00e7o important\u00edssimo da mem\u00f3ria e hist\u00f3ria de nossa cidade: o Cineteatro Iracema encontra-se\" data-image=\"http:\/\/www.blogdopilako.com.br\/wp\/wp-content\/uploads\/2018\/07\/sessao_06v3.1-1024x1024.png\" data-button=\"none\">\n\t\t\t\t\t<img src=\"\/\/www.linksalpha.com\/images\/social_share_button.png\" alt=\"Share\" class=\"linksalpha_image\" \/>\n\t\t\t\t\t<\/a><script type=\"text\/javascript\" src=\"\/\/www.linksalpha.com\/scripts\/loader_iconbox.js?v=2.4\"><\/script><\/span><\/div>","protected":false},"excerpt":{"rendered":"\n\t\t\t\t<div class=\"mr_social_sharing_wrapper\">\n\t\t\t\t<!-- Social Sharing Toolkit v2.2 --><span class=\"mr_social_sharing_top\"><span style=\"display: inline-block; width: 55px; height: 62px; overflow: hidden;\"><div class=\"fb-like\" data-href=\"http:\/\/www.blogdopilako.com.br\/wp\/2018\/07\/20\/cineclube-avalovara-e-movimento-cineruape-realizam-sessao-itinerante-no-cineatro-iracema\/\" data-send=\"false\" data-layout=\"box_count\" data-width=\"55\" data-show-faces=\"false\"><\/div><\/span><\/span><span class=\"mr_social_sharing_top\"><fb:share-button type=\"box_count\" href=\"http:\/\/www.blogdopilako.com.br\/wp\/2018\/07\/20\/cineclube-avalovara-e-movimento-cineruape-realizam-sessao-itinerante-no-cineatro-iracema\/\"><\/fb:share-button><\/span><span class=\"mr_social_sharing\"><a rel=\"nofollow\" class=\"linksalpha_button linksalpha_link\" href=\"\/\/www.linksalpha.com\/social\/mobile\" data-url=\"http:\/\/www.blogdopilako.com.br\/wp\/2018\/07\/20\/cineclube-avalovara-e-movimento-cineruape-realizam-sessao-itinerante-no-cineatro-iracema\/\" data-text=\"Cineclube Avalovara e Movimento CineRuaPE realizam sess\u00e3o itinerante no Cineatro Iracema.\" data-desc=\"Neste domingo (22\/07), estaremos juntos com o projeto\u00a0#CineRuaPE\u00a0Itinerante numa sess\u00e3o especial na fachada do Cineteatro Iracema. Nosso intuito \u00e9 chamar aten\u00e7\u00e3o, mais uma vez, para este espa\u00e7o important\u00edssimo da mem\u00f3ria e hist\u00f3ria de nossa cidade: o Cineteatro Iracema encontra-se\" data-image=\"\" data-button=\"none\">\n\t\t\t\t\t<img src=\"\/\/www.linksalpha.com\/images\/social_share_button.png\" alt=\"Share\" class=\"linksalpha_image\" \/>\n\t\t\t\t\t<\/a><script type=\"text\/javascript\" src=\"\/\/www.linksalpha.com\/scripts\/loader_iconbox.js?v=2.4\"><\/script><\/span><\/div><p>Neste domingo (22\/07), estaremos juntos com o projeto\u00a0#CineRuaPE\u00a0Itinerante numa sess\u00e3o especial na fachada do Cineteatro Iracema. Nosso intuito \u00e9 chamar aten\u00e7\u00e3o, mais uma vez, para este espa\u00e7o important\u00edssimo da mem\u00f3ria e hist\u00f3ria de nossa cidade: o Cineteatro Iracema encontra-se desativado &hellip; <a href=\"http:\/\/www.blogdopilako.com.br\/wp\/2018\/07\/20\/cineclube-avalovara-e-movimento-cineruape-realizam-sessao-itinerante-no-cineatro-iracema\/\">Continue lendo <span class=\"meta-nav\">&rarr;<\/span><\/a><\/p>\n\n\t\t\t\t<div class=\"mr_social_sharing_wrapper\">\n\t\t\t\t<!-- Social Sharing Toolkit v2.2 --><span class=\"mr_social_sharing_top\"><span style=\"display: inline-block; width: 55px; height: 62px; overflow: hidden;\"><div class=\"fb-like\" data-href=\"http:\/\/www.blogdopilako.com.br\/wp\/2018\/07\/20\/cineclube-avalovara-e-movimento-cineruape-realizam-sessao-itinerante-no-cineatro-iracema\/\" data-send=\"false\" data-layout=\"box_count\" data-width=\"55\" data-show-faces=\"false\"><\/div><\/span><\/span><span class=\"mr_social_sharing_top\"><fb:share-button type=\"box_count\" href=\"http:\/\/www.blogdopilako.com.br\/wp\/2018\/07\/20\/cineclube-avalovara-e-movimento-cineruape-realizam-sessao-itinerante-no-cineatro-iracema\/\"><\/fb:share-button><\/span><span class=\"mr_social_sharing\"><a rel=\"nofollow\" class=\"linksalpha_button linksalpha_link\" href=\"\/\/www.linksalpha.com\/social\/mobile\" data-url=\"http:\/\/www.blogdopilako.com.br\/wp\/2018\/07\/20\/cineclube-avalovara-e-movimento-cineruape-realizam-sessao-itinerante-no-cineatro-iracema\/\" data-text=\"Cineclube Avalovara e Movimento CineRuaPE realizam sess\u00e3o itinerante no Cineatro Iracema.\" data-desc=\"Neste domingo (22\/07), estaremos juntos com o projeto\u00a0#CineRuaPE\u00a0Itinerante numa sess\u00e3o especial na fachada do Cineteatro Iracema. Nosso intuito \u00e9 chamar aten\u00e7\u00e3o, mais uma vez, para este espa\u00e7o important\u00edssimo da mem\u00f3ria e hist\u00f3ria de nossa cidade: o Cineteatro Iracema encontra-se\" data-image=\"\" data-button=\"none\">\n\t\t\t\t\t<img src=\"\/\/www.linksalpha.com\/images\/social_share_button.png\" alt=\"Share\" class=\"linksalpha_image\" \/>\n\t\t\t\t\t<\/a><script type=\"text\/javascript\" src=\"\/\/www.linksalpha.com\/scripts\/loader_iconbox.js?v=2.4\"><\/script><\/span><\/div>","protected":false},"author":2,"featured_media":0,"comment_status":"open","ping_status":"open","sticky":false,"template":"","format":"standard","meta":[],"categories":[21],"tags":[],"_links":{"self":[{"href":"http:\/\/www.blogdopilako.com.br\/wp\/wp-json\/wp\/v2\/posts\/114989"}],"collection":[{"href":"http:\/\/www.blogdopilako.com.br\/wp\/wp-json\/wp\/v2\/posts"}],"about":[{"href":"http:\/\/www.blogdopilako.com.br\/wp\/wp-json\/wp\/v2\/types\/post"}],"author":[{"embeddable":true,"href":"http:\/\/www.blogdopilako.com.br\/wp\/wp-json\/wp\/v2\/users\/2"}],"replies":[{"embeddable":true,"href":"http:\/\/www.blogdopilako.com.br\/wp\/wp-json\/wp\/v2\/comments?post=114989"}],"version-history":[{"count":1,"href":"http:\/\/www.blogdopilako.com.br\/wp\/wp-json\/wp\/v2\/posts\/114989\/revisions"}],"predecessor-version":[{"id":114991,"href":"http:\/\/www.blogdopilako.com.br\/wp\/wp-json\/wp\/v2\/posts\/114989\/revisions\/114991"}],"wp:attachment":[{"href":"http:\/\/www.blogdopilako.com.br\/wp\/wp-json\/wp\/v2\/media?parent=114989"}],"wp:term":[{"taxonomy":"category","embeddable":true,"href":"http:\/\/www.blogdopilako.com.br\/wp\/wp-json\/wp\/v2\/categories?post=114989"},{"taxonomy":"post_tag","embeddable":true,"href":"http:\/\/www.blogdopilako.com.br\/wp\/wp-json\/wp\/v2\/tags?post=114989"}],"curies":[{"name":"wp","href":"https:\/\/api.w.org\/{rel}","templated":true}]}}