{"id":11482,"date":"2012-01-09T15:07:32","date_gmt":"2012-01-09T18:07:32","guid":{"rendered":"http:\/\/www.blogdopilako.com.br\/wp\/?p=11482"},"modified":"2012-01-09T15:20:47","modified_gmt":"2012-01-09T18:20:47","slug":"nave-multicor-na-voz-de-pierre","status":"publish","type":"post","link":"http:\/\/www.blogdopilako.com.br\/wp\/2012\/01\/09\/nave-multicor-na-voz-de-pierre\/","title":{"rendered":"Nave Multicor, na voz de Pierre"},"content":{"rendered":"\n\t\t\t\t<div class=\"mr_social_sharing_wrapper\">\n\t\t\t\t<!-- Social Sharing Toolkit v2.2 --><span class=\"mr_social_sharing_top\"><span style=\"display: inline-block; width: 55px; height: 62px; overflow: hidden;\"><div class=\"fb-like\" data-href=\"http:\/\/www.blogdopilako.com.br\/wp\/2012\/01\/09\/nave-multicor-na-voz-de-pierre\/\" data-send=\"false\" data-layout=\"box_count\" data-width=\"55\" data-show-faces=\"false\"><\/div><\/span><\/span><span class=\"mr_social_sharing_top\"><fb:share-button type=\"box_count\" href=\"http:\/\/www.blogdopilako.com.br\/wp\/2012\/01\/09\/nave-multicor-na-voz-de-pierre\/\"><\/fb:share-button><\/span><span class=\"mr_social_sharing\"><a rel=\"nofollow\" class=\"linksalpha_button linksalpha_link\" href=\"\/\/www.linksalpha.com\/social\/mobile\" data-url=\"http:\/\/www.blogdopilako.com.br\/wp\/2012\/01\/09\/nave-multicor-na-voz-de-pierre\/\" data-text=\"Nave Multicor, na voz de Pierre\" data-desc=\"Ou\u00e7a a m\u00fasica \"NAVE MULTICOR\", do compositor Aldenisio Tavares, na voz de Pierre. A m\u00fasica \u00e9 integrante do CD \u00c9 Mania de Carnaval, produzido por Aldenisio e v\u00e1rios outros compositores vitorienses. Gostou da m\u00fasica? -\u00a0Baixe a MP3 Aldenisio Tavares \u00a0\" data-image=\"http:\/\/www.blogdopilako.com.br\/wp\/wp-content\/uploads\/circulando.jpg\" data-button=\"none\">\n\t\t\t\t\t<img src=\"\/\/www.linksalpha.com\/images\/social_share_button.png\" alt=\"Share\" class=\"linksalpha_image\" \/>\n\t\t\t\t\t<\/a><script type=\"text\/javascript\" src=\"\/\/www.linksalpha.com\/scripts\/loader_iconbox.js?v=2.4\"><\/script><\/span><\/div><p style=\"text-align: justify;\"><a href=\"http:\/\/www.blogdopilako.com.br\/wp\/wp-content\/uploads\/circulando.jpg\"><img loading=\"lazy\" class=\"aligncenter size-full wp-image-11438\" title=\"circulando\" src=\"http:\/\/www.blogdopilako.com.br\/wp\/wp-content\/uploads\/circulando.jpg\" alt=\"\" width=\"488\" height=\"491\" \/><\/a>Ou\u00e7a a m\u00fasica &#8220;<em><strong>NAVE MULTICOR<\/strong><\/em>&#8220;, do compositor Aldenisio Tavares, na voz de Pierre. A m\u00fasica \u00e9 integrante do CD <strong>\u00c9 Mania de Carnaval<\/strong>, produzido por Aldenisio e v\u00e1rios outros compositores vitorienses.<\/p>\n<p><strong><strong>[powerpress url=..\/mp3\/reliquias.mp3]<br \/>\n<\/strong><\/strong><strong>Gostou da m\u00fasica? &#8211;\u00a0<a href=\"http:\/\/www.blogdopilako.com.br\/mp3\/reliquias.mp3\" target=\"_blank\">Baixe a MP3<\/a><\/strong><\/p>\n<p><strong>Aldenisio Tavares<\/strong><\/p>\n<p>&nbsp;<\/p>\n\n\t\t\t\t<div class=\"mr_social_sharing_wrapper\">\n\t\t\t\t<!-- Social Sharing Toolkit v2.2 --><span class=\"mr_social_sharing_top\"><span style=\"display: inline-block; width: 55px; height: 62px; overflow: hidden;\"><div class=\"fb-like\" data-href=\"http:\/\/www.blogdopilako.com.br\/wp\/2012\/01\/09\/nave-multicor-na-voz-de-pierre\/\" data-send=\"false\" data-layout=\"box_count\" data-width=\"55\" data-show-faces=\"false\"><\/div><\/span><\/span><span class=\"mr_social_sharing_top\"><fb:share-button type=\"box_count\" href=\"http:\/\/www.blogdopilako.com.br\/wp\/2012\/01\/09\/nave-multicor-na-voz-de-pierre\/\"><\/fb:share-button><\/span><span class=\"mr_social_sharing\"><a rel=\"nofollow\" class=\"linksalpha_button linksalpha_link\" href=\"\/\/www.linksalpha.com\/social\/mobile\" data-url=\"http:\/\/www.blogdopilako.com.br\/wp\/2012\/01\/09\/nave-multicor-na-voz-de-pierre\/\" data-text=\"Nave Multicor, na voz de Pierre\" data-desc=\"Ou\u00e7a a m\u00fasica \"NAVE MULTICOR\", do compositor Aldenisio Tavares, na voz de Pierre. A m\u00fasica \u00e9 integrante do CD \u00c9 Mania de Carnaval, produzido por Aldenisio e v\u00e1rios outros compositores vitorienses. Gostou da m\u00fasica? -\u00a0Baixe a MP3 Aldenisio Tavares \u00a0\" data-image=\"http:\/\/www.blogdopilako.com.br\/wp\/wp-content\/uploads\/circulando.jpg\" data-button=\"none\">\n\t\t\t\t\t<img src=\"\/\/www.linksalpha.com\/images\/social_share_button.png\" alt=\"Share\" class=\"linksalpha_image\" \/>\n\t\t\t\t\t<\/a><script type=\"text\/javascript\" src=\"\/\/www.linksalpha.com\/scripts\/loader_iconbox.js?v=2.4\"><\/script><\/span><\/div>","protected":false},"excerpt":{"rendered":"\n\t\t\t\t<div class=\"mr_social_sharing_wrapper\">\n\t\t\t\t<!-- Social Sharing Toolkit v2.2 --><span class=\"mr_social_sharing_top\"><span style=\"display: inline-block; width: 55px; height: 62px; overflow: hidden;\"><div class=\"fb-like\" data-href=\"http:\/\/www.blogdopilako.com.br\/wp\/2012\/01\/09\/nave-multicor-na-voz-de-pierre\/\" data-send=\"false\" data-layout=\"box_count\" data-width=\"55\" data-show-faces=\"false\"><\/div><\/span><\/span><span class=\"mr_social_sharing_top\"><fb:share-button type=\"box_count\" href=\"http:\/\/www.blogdopilako.com.br\/wp\/2012\/01\/09\/nave-multicor-na-voz-de-pierre\/\"><\/fb:share-button><\/span><span class=\"mr_social_sharing\"><a rel=\"nofollow\" class=\"linksalpha_button linksalpha_link\" href=\"\/\/www.linksalpha.com\/social\/mobile\" data-url=\"http:\/\/www.blogdopilako.com.br\/wp\/2012\/01\/09\/nave-multicor-na-voz-de-pierre\/\" data-text=\"Nave Multicor, na voz de Pierre\" data-desc=\"Ou\u00e7a a m\u00fasica \"NAVE MULTICOR\", do compositor Aldenisio Tavares, na voz de Pierre. A m\u00fasica \u00e9 integrante do CD \u00c9 Mania de Carnaval, produzido por Aldenisio e v\u00e1rios outros compositores vitorienses. Gostou da m\u00fasica? -\u00a0Baixe a MP3 Aldenisio Tavares \u00a0\" data-image=\"\" data-button=\"none\">\n\t\t\t\t\t<img src=\"\/\/www.linksalpha.com\/images\/social_share_button.png\" alt=\"Share\" class=\"linksalpha_image\" \/>\n\t\t\t\t\t<\/a><script type=\"text\/javascript\" src=\"\/\/www.linksalpha.com\/scripts\/loader_iconbox.js?v=2.4\"><\/script><\/span><\/div><p>Ou\u00e7a a m\u00fasica &#8220;NAVE MULTICOR&#8220;, do compositor Aldenisio Tavares, na voz de Pierre. A m\u00fasica \u00e9 integrante do CD \u00c9 Mania de Carnaval, produzido por Aldenisio e v\u00e1rios outros compositores vitorienses. [powerpress url=..\/mp3\/reliquias.mp3] Gostou da m\u00fasica? &#8211;\u00a0Baixe a MP3 Aldenisio &hellip; <a href=\"http:\/\/www.blogdopilako.com.br\/wp\/2012\/01\/09\/nave-multicor-na-voz-de-pierre\/\">Continue lendo <span class=\"meta-nav\">&rarr;<\/span><\/a><\/p>\n\n\t\t\t\t<div class=\"mr_social_sharing_wrapper\">\n\t\t\t\t<!-- Social Sharing Toolkit v2.2 --><span class=\"mr_social_sharing_top\"><span style=\"display: inline-block; width: 55px; height: 62px; overflow: hidden;\"><div class=\"fb-like\" data-href=\"http:\/\/www.blogdopilako.com.br\/wp\/2012\/01\/09\/nave-multicor-na-voz-de-pierre\/\" data-send=\"false\" data-layout=\"box_count\" data-width=\"55\" data-show-faces=\"false\"><\/div><\/span><\/span><span class=\"mr_social_sharing_top\"><fb:share-button type=\"box_count\" href=\"http:\/\/www.blogdopilako.com.br\/wp\/2012\/01\/09\/nave-multicor-na-voz-de-pierre\/\"><\/fb:share-button><\/span><span class=\"mr_social_sharing\"><a rel=\"nofollow\" class=\"linksalpha_button linksalpha_link\" href=\"\/\/www.linksalpha.com\/social\/mobile\" data-url=\"http:\/\/www.blogdopilako.com.br\/wp\/2012\/01\/09\/nave-multicor-na-voz-de-pierre\/\" data-text=\"Nave Multicor, na voz de Pierre\" data-desc=\"Ou\u00e7a a m\u00fasica \"NAVE MULTICOR\", do compositor Aldenisio Tavares, na voz de Pierre. A m\u00fasica \u00e9 integrante do CD \u00c9 Mania de Carnaval, produzido por Aldenisio e v\u00e1rios outros compositores vitorienses. Gostou da m\u00fasica? -\u00a0Baixe a MP3 Aldenisio Tavares \u00a0\" data-image=\"\" data-button=\"none\">\n\t\t\t\t\t<img src=\"\/\/www.linksalpha.com\/images\/social_share_button.png\" alt=\"Share\" class=\"linksalpha_image\" \/>\n\t\t\t\t\t<\/a><script type=\"text\/javascript\" src=\"\/\/www.linksalpha.com\/scripts\/loader_iconbox.js?v=2.4\"><\/script><\/span><\/div>","protected":false},"author":4,"featured_media":0,"comment_status":"open","ping_status":"open","sticky":false,"template":"","format":"standard","meta":[],"categories":[17],"tags":[],"_links":{"self":[{"href":"http:\/\/www.blogdopilako.com.br\/wp\/wp-json\/wp\/v2\/posts\/11482"}],"collection":[{"href":"http:\/\/www.blogdopilako.com.br\/wp\/wp-json\/wp\/v2\/posts"}],"about":[{"href":"http:\/\/www.blogdopilako.com.br\/wp\/wp-json\/wp\/v2\/types\/post"}],"author":[{"embeddable":true,"href":"http:\/\/www.blogdopilako.com.br\/wp\/wp-json\/wp\/v2\/users\/4"}],"replies":[{"embeddable":true,"href":"http:\/\/www.blogdopilako.com.br\/wp\/wp-json\/wp\/v2\/comments?post=11482"}],"version-history":[{"count":3,"href":"http:\/\/www.blogdopilako.com.br\/wp\/wp-json\/wp\/v2\/posts\/11482\/revisions"}],"predecessor-version":[{"id":55859,"href":"http:\/\/www.blogdopilako.com.br\/wp\/wp-json\/wp\/v2\/posts\/11482\/revisions\/55859"}],"wp:attachment":[{"href":"http:\/\/www.blogdopilako.com.br\/wp\/wp-json\/wp\/v2\/media?parent=11482"}],"wp:term":[{"taxonomy":"category","embeddable":true,"href":"http:\/\/www.blogdopilako.com.br\/wp\/wp-json\/wp\/v2\/categories?post=11482"},{"taxonomy":"post_tag","embeddable":true,"href":"http:\/\/www.blogdopilako.com.br\/wp\/wp-json\/wp\/v2\/tags?post=11482"}],"curies":[{"name":"wp","href":"https:\/\/api.w.org\/{rel}","templated":true}]}}