{"id":113916,"date":"2018-06-13T11:20:50","date_gmt":"2018-06-13T14:20:50","guid":{"rendered":"http:\/\/www.blogdopilako.com.br\/wp\/?p=113916"},"modified":"2018-06-13T08:15:14","modified_gmt":"2018-06-13T11:15:14","slug":"momento-grau-tecnico-vitoria-701","status":"publish","type":"post","link":"http:\/\/www.blogdopilako.com.br\/wp\/2018\/06\/13\/momento-grau-tecnico-vitoria-701\/","title":{"rendered":"Momento Grau T\u00e9cnico Vit\u00f3ria."},"content":{"rendered":"\n\t\t\t\t<div class=\"mr_social_sharing_wrapper\">\n\t\t\t\t<!-- Social Sharing Toolkit v2.2 --><span class=\"mr_social_sharing_top\"><span style=\"display: inline-block; width: 55px; height: 62px; overflow: hidden;\"><div class=\"fb-like\" data-href=\"http:\/\/www.blogdopilako.com.br\/wp\/2018\/06\/13\/momento-grau-tecnico-vitoria-701\/\" data-send=\"false\" data-layout=\"box_count\" data-width=\"55\" data-show-faces=\"false\"><\/div><\/span><\/span><span class=\"mr_social_sharing_top\"><fb:share-button type=\"box_count\" href=\"http:\/\/www.blogdopilako.com.br\/wp\/2018\/06\/13\/momento-grau-tecnico-vitoria-701\/\"><\/fb:share-button><\/span><span class=\"mr_social_sharing\"><a rel=\"nofollow\" class=\"linksalpha_button linksalpha_link\" href=\"\/\/www.linksalpha.com\/social\/mobile\" data-url=\"http:\/\/www.blogdopilako.com.br\/wp\/2018\/06\/13\/momento-grau-tecnico-vitoria-701\/\" data-text=\"Momento Grau T\u00e9cnico Vit\u00f3ria.\" data-desc=\"Os alunos do Curso T\u00e9cnico em Recursos Humanos, da turma RHU02 do turno da noite, participaram da palestra com o tema: Como se Comportar em uma Entrevista de Emprego. Essa palestra foi primordial para constru\u00e7\u00e3o do conhecimento acerca da import\u00e2ncia como deve ser perfil profissional, frente ao\" data-image=\"http:\/\/www.blogdopilako.com.br\/wp\/wp-content\/uploads\/2018\/06\/35226265_1833071716740708_1439930353404870656_n.jpg\" data-button=\"none\">\n\t\t\t\t\t<img src=\"\/\/www.linksalpha.com\/images\/social_share_button.png\" alt=\"Share\" class=\"linksalpha_image\" \/>\n\t\t\t\t\t<\/a><script type=\"text\/javascript\" src=\"\/\/www.linksalpha.com\/scripts\/loader_iconbox.js?v=2.4\"><\/script><\/span><\/div><p style=\"text-align: justify;\">Os alunos do Curso T\u00e9cnico em Recursos Humanos, da turma RHU02 do turno da noite, participaram da palestra com o tema: Como se Comportar em uma Entrevista de Emprego. Essa palestra foi primordial para constru\u00e7\u00e3o do conhecimento acerca da import\u00e2ncia como deve ser perfil profissional, frente ao processo de recrutamento e sele\u00e7\u00e3o, muito proveitosa com a orienta\u00e7\u00e3o profissional do instrutor Ant\u00f4nio M\u00e1rcio.<\/p>\n<p><img loading=\"lazy\" class=\"aligncenter size-full wp-image-113917\" src=\"http:\/\/www.blogdopilako.com.br\/wp\/wp-content\/uploads\/2018\/06\/35226265_1833071716740708_1439930353404870656_n.jpg\" alt=\"\" width=\"640\" height=\"853\" srcset=\"http:\/\/www.blogdopilako.com.br\/wp\/wp-content\/uploads\/2018\/06\/35226265_1833071716740708_1439930353404870656_n.jpg 640w, http:\/\/www.blogdopilako.com.br\/wp\/wp-content\/uploads\/2018\/06\/35226265_1833071716740708_1439930353404870656_n-225x300.jpg 225w\" sizes=\"(max-width: 640px) 100vw, 640px\" \/><\/p>\n<p>&nbsp;<\/p>\n\n\t\t\t\t<div class=\"mr_social_sharing_wrapper\">\n\t\t\t\t<!-- Social Sharing Toolkit v2.2 --><span class=\"mr_social_sharing_top\"><span style=\"display: inline-block; width: 55px; height: 62px; overflow: hidden;\"><div class=\"fb-like\" data-href=\"http:\/\/www.blogdopilako.com.br\/wp\/2018\/06\/13\/momento-grau-tecnico-vitoria-701\/\" data-send=\"false\" data-layout=\"box_count\" data-width=\"55\" data-show-faces=\"false\"><\/div><\/span><\/span><span class=\"mr_social_sharing_top\"><fb:share-button type=\"box_count\" href=\"http:\/\/www.blogdopilako.com.br\/wp\/2018\/06\/13\/momento-grau-tecnico-vitoria-701\/\"><\/fb:share-button><\/span><span class=\"mr_social_sharing\"><a rel=\"nofollow\" class=\"linksalpha_button linksalpha_link\" href=\"\/\/www.linksalpha.com\/social\/mobile\" data-url=\"http:\/\/www.blogdopilako.com.br\/wp\/2018\/06\/13\/momento-grau-tecnico-vitoria-701\/\" data-text=\"Momento Grau T\u00e9cnico Vit\u00f3ria.\" data-desc=\"Os alunos do Curso T\u00e9cnico em Recursos Humanos, da turma RHU02 do turno da noite, participaram da palestra com o tema: Como se Comportar em uma Entrevista de Emprego. Essa palestra foi primordial para constru\u00e7\u00e3o do conhecimento acerca da import\u00e2ncia como deve ser perfil profissional, frente ao\" data-image=\"http:\/\/www.blogdopilako.com.br\/wp\/wp-content\/uploads\/2018\/06\/35226265_1833071716740708_1439930353404870656_n.jpg\" data-button=\"none\">\n\t\t\t\t\t<img src=\"\/\/www.linksalpha.com\/images\/social_share_button.png\" alt=\"Share\" class=\"linksalpha_image\" \/>\n\t\t\t\t\t<\/a><script type=\"text\/javascript\" src=\"\/\/www.linksalpha.com\/scripts\/loader_iconbox.js?v=2.4\"><\/script><\/span><\/div>","protected":false},"excerpt":{"rendered":"\n\t\t\t\t<div class=\"mr_social_sharing_wrapper\">\n\t\t\t\t<!-- Social Sharing Toolkit v2.2 --><span class=\"mr_social_sharing_top\"><span style=\"display: inline-block; width: 55px; height: 62px; overflow: hidden;\"><div class=\"fb-like\" data-href=\"http:\/\/www.blogdopilako.com.br\/wp\/2018\/06\/13\/momento-grau-tecnico-vitoria-701\/\" data-send=\"false\" data-layout=\"box_count\" data-width=\"55\" data-show-faces=\"false\"><\/div><\/span><\/span><span class=\"mr_social_sharing_top\"><fb:share-button type=\"box_count\" href=\"http:\/\/www.blogdopilako.com.br\/wp\/2018\/06\/13\/momento-grau-tecnico-vitoria-701\/\"><\/fb:share-button><\/span><span class=\"mr_social_sharing\"><a rel=\"nofollow\" class=\"linksalpha_button linksalpha_link\" href=\"\/\/www.linksalpha.com\/social\/mobile\" data-url=\"http:\/\/www.blogdopilako.com.br\/wp\/2018\/06\/13\/momento-grau-tecnico-vitoria-701\/\" data-text=\"Momento Grau T\u00e9cnico Vit\u00f3ria.\" data-desc=\"Os alunos do Curso T\u00e9cnico em Recursos Humanos, da turma RHU02 do turno da noite, participaram da palestra com o tema: Como se Comportar em uma Entrevista de Emprego. Essa palestra foi primordial para constru\u00e7\u00e3o do conhecimento acerca da import\u00e2ncia como deve ser perfil profissional, frente ao\" data-image=\"\" data-button=\"none\">\n\t\t\t\t\t<img src=\"\/\/www.linksalpha.com\/images\/social_share_button.png\" alt=\"Share\" class=\"linksalpha_image\" \/>\n\t\t\t\t\t<\/a><script type=\"text\/javascript\" src=\"\/\/www.linksalpha.com\/scripts\/loader_iconbox.js?v=2.4\"><\/script><\/span><\/div><p>Os alunos do Curso T\u00e9cnico em Recursos Humanos, da turma RHU02 do turno da noite, participaram da palestra com o tema: Como se Comportar em uma Entrevista de Emprego. Essa palestra foi primordial para constru\u00e7\u00e3o do conhecimento acerca da import\u00e2ncia &hellip; <a href=\"http:\/\/www.blogdopilako.com.br\/wp\/2018\/06\/13\/momento-grau-tecnico-vitoria-701\/\">Continue lendo <span class=\"meta-nav\">&rarr;<\/span><\/a><\/p>\n\n\t\t\t\t<div class=\"mr_social_sharing_wrapper\">\n\t\t\t\t<!-- Social Sharing Toolkit v2.2 --><span class=\"mr_social_sharing_top\"><span style=\"display: inline-block; width: 55px; height: 62px; overflow: hidden;\"><div class=\"fb-like\" data-href=\"http:\/\/www.blogdopilako.com.br\/wp\/2018\/06\/13\/momento-grau-tecnico-vitoria-701\/\" data-send=\"false\" data-layout=\"box_count\" data-width=\"55\" data-show-faces=\"false\"><\/div><\/span><\/span><span class=\"mr_social_sharing_top\"><fb:share-button type=\"box_count\" href=\"http:\/\/www.blogdopilako.com.br\/wp\/2018\/06\/13\/momento-grau-tecnico-vitoria-701\/\"><\/fb:share-button><\/span><span class=\"mr_social_sharing\"><a rel=\"nofollow\" class=\"linksalpha_button linksalpha_link\" href=\"\/\/www.linksalpha.com\/social\/mobile\" data-url=\"http:\/\/www.blogdopilako.com.br\/wp\/2018\/06\/13\/momento-grau-tecnico-vitoria-701\/\" data-text=\"Momento Grau T\u00e9cnico Vit\u00f3ria.\" data-desc=\"Os alunos do Curso T\u00e9cnico em Recursos Humanos, da turma RHU02 do turno da noite, participaram da palestra com o tema: Como se Comportar em uma Entrevista de Emprego. Essa palestra foi primordial para constru\u00e7\u00e3o do conhecimento acerca da import\u00e2ncia como deve ser perfil profissional, frente ao\" data-image=\"\" data-button=\"none\">\n\t\t\t\t\t<img src=\"\/\/www.linksalpha.com\/images\/social_share_button.png\" alt=\"Share\" class=\"linksalpha_image\" \/>\n\t\t\t\t\t<\/a><script type=\"text\/javascript\" src=\"\/\/www.linksalpha.com\/scripts\/loader_iconbox.js?v=2.4\"><\/script><\/span><\/div>","protected":false},"author":2,"featured_media":0,"comment_status":"open","ping_status":"open","sticky":false,"template":"","format":"standard","meta":[],"categories":[120],"tags":[],"_links":{"self":[{"href":"http:\/\/www.blogdopilako.com.br\/wp\/wp-json\/wp\/v2\/posts\/113916"}],"collection":[{"href":"http:\/\/www.blogdopilako.com.br\/wp\/wp-json\/wp\/v2\/posts"}],"about":[{"href":"http:\/\/www.blogdopilako.com.br\/wp\/wp-json\/wp\/v2\/types\/post"}],"author":[{"embeddable":true,"href":"http:\/\/www.blogdopilako.com.br\/wp\/wp-json\/wp\/v2\/users\/2"}],"replies":[{"embeddable":true,"href":"http:\/\/www.blogdopilako.com.br\/wp\/wp-json\/wp\/v2\/comments?post=113916"}],"version-history":[{"count":1,"href":"http:\/\/www.blogdopilako.com.br\/wp\/wp-json\/wp\/v2\/posts\/113916\/revisions"}],"predecessor-version":[{"id":113918,"href":"http:\/\/www.blogdopilako.com.br\/wp\/wp-json\/wp\/v2\/posts\/113916\/revisions\/113918"}],"wp:attachment":[{"href":"http:\/\/www.blogdopilako.com.br\/wp\/wp-json\/wp\/v2\/media?parent=113916"}],"wp:term":[{"taxonomy":"category","embeddable":true,"href":"http:\/\/www.blogdopilako.com.br\/wp\/wp-json\/wp\/v2\/categories?post=113916"},{"taxonomy":"post_tag","embeddable":true,"href":"http:\/\/www.blogdopilako.com.br\/wp\/wp-json\/wp\/v2\/tags?post=113916"}],"curies":[{"name":"wp","href":"https:\/\/api.w.org\/{rel}","templated":true}]}}