{"id":112604,"date":"2018-04-25T14:20:39","date_gmt":"2018-04-25T17:20:39","guid":{"rendered":"http:\/\/www.blogdopilako.com.br\/wp\/?p=112604"},"modified":"2018-04-25T11:22:00","modified_gmt":"2018-04-25T14:22:00","slug":"momento-cultural-olhos-bizarros-por-teixeira-de-albuquerque-3","status":"publish","type":"post","link":"http:\/\/www.blogdopilako.com.br\/wp\/2018\/04\/25\/momento-cultural-olhos-bizarros-por-teixeira-de-albuquerque-3\/","title":{"rendered":"Momento Cultural: OLHOS BIZARROS \u2013 por Teixeira de Albuquerque."},"content":{"rendered":"\n\t\t\t\t<div class=\"mr_social_sharing_wrapper\">\n\t\t\t\t<!-- Social Sharing Toolkit v2.2 --><span class=\"mr_social_sharing_top\"><span style=\"display: inline-block; width: 55px; height: 62px; overflow: hidden;\"><div class=\"fb-like\" data-href=\"http:\/\/www.blogdopilako.com.br\/wp\/2018\/04\/25\/momento-cultural-olhos-bizarros-por-teixeira-de-albuquerque-3\/\" data-send=\"false\" data-layout=\"box_count\" data-width=\"55\" data-show-faces=\"false\"><\/div><\/span><\/span><span class=\"mr_social_sharing_top\"><fb:share-button type=\"box_count\" href=\"http:\/\/www.blogdopilako.com.br\/wp\/2018\/04\/25\/momento-cultural-olhos-bizarros-por-teixeira-de-albuquerque-3\/\"><\/fb:share-button><\/span><span class=\"mr_social_sharing\"><a rel=\"nofollow\" class=\"linksalpha_button linksalpha_link\" href=\"\/\/www.linksalpha.com\/social\/mobile\" data-url=\"http:\/\/www.blogdopilako.com.br\/wp\/2018\/04\/25\/momento-cultural-olhos-bizarros-por-teixeira-de-albuquerque-3\/\" data-text=\"Momento Cultural: OLHOS BIZARROS \u2013 por Teixeira de Albuquerque.\" data-desc=\"Olhos de feiticeira, olhos de gra\u00e7a, olhos encomendados no Jap\u00e3o, olhos de grilo, de mulher brejeira, olhos de luz, de sombra, de ilus\u00e3o. Olhos de sol, de sol ou de fogueira? olhos de rosa, de interroga\u00e7\u00e3o olhos de urtiga, olhos de laranjeira, olhos de queimar cheios de emo\u00e7\u00e3o. Os meus\" data-image=\"http:\/\/www.blogdopilako.com.br\/wp\/wp-content\/uploads\/2018\/04\/texeira.jpg\" data-button=\"none\">\n\t\t\t\t\t<img src=\"\/\/www.linksalpha.com\/images\/social_share_button.png\" alt=\"Share\" class=\"linksalpha_image\" \/>\n\t\t\t\t\t<\/a><script type=\"text\/javascript\" src=\"\/\/www.linksalpha.com\/scripts\/loader_iconbox.js?v=2.4\"><\/script><\/span><\/div><p><img loading=\"lazy\" class=\"aligncenter size-full wp-image-112605\" src=\"http:\/\/www.blogdopilako.com.br\/wp\/wp-content\/uploads\/2018\/04\/texeira.jpg\" alt=\"\" width=\"390\" height=\"490\" srcset=\"http:\/\/www.blogdopilako.com.br\/wp\/wp-content\/uploads\/2018\/04\/texeira.jpg 390w, http:\/\/www.blogdopilako.com.br\/wp\/wp-content\/uploads\/2018\/04\/texeira-239x300.jpg 239w\" sizes=\"(max-width: 390px) 100vw, 390px\" \/><\/p>\n<p>Olhos de feiticeira, olhos de gra\u00e7a,<br \/>\nolhos encomendados no Jap\u00e3o,<br \/>\nolhos de grilo, de mulher brejeira,<br \/>\nolhos de luz, de sombra, de ilus\u00e3o.<\/p>\n<p>Olhos de sol, de sol ou de fogueira?<br \/>\nolhos de rosa, de interroga\u00e7\u00e3o<br \/>\nolhos de urtiga, olhos de laranjeira,<br \/>\nolhos de queimar cheios de emo\u00e7\u00e3o.<\/p>\n<p>Os meus sonhos, em v\u00f3s, cantam a Gueixa<br \/>\ne pensam em compor uma sonata<br \/>\ncheia de amor, de id\u00edlios e de queixa<\/p>\n<p>De vossa dona que \u00e9 a vossa nata,<br \/>\n\u2013 deixa-me repousar um pouco, deixa,<br \/>\n\u00e0 sombra dessa, p\u00e1lpebra que mata.<\/p>\n<p>\u201cO LIDADOR\u201d 29.V.1926<\/p>\n<p><strong>Jos\u00e9 Teixeira de Albuquerque<\/strong>, nasceu na fazenda Porteiras, Vit\u00f3ria de Santo Ant\u00e3o aos 23 de agosto de 1892. Seus pais: Luiz Antonio de Albuquerque e Dontila Teixeira de Albuquerque. Estudou medicina na Faculdade da Bahia, por\u00e9m desistiu do estudo no 3\u00ba ano. Casou em segundas n\u00fapcias com a conterr\u00e2nea Marta de Holanda, tamb\u00e9m poetisa e escritora. Publicou o livro de versos MINHA CAST\u00c1LIA e colaborou em v\u00e1rias revistas e jornais; tanto da Vit\u00f3ria como do Recife. Foi funcion\u00e1rio do Arquivo da Diretoria das Obras P\u00fablicas do Estado,com compet\u00eancia e zelo. Faleceu no Recife, no dia 2 de outubro de 1948. N\u00e3o deixou filhos. Sua morte foi muito sentida entre os intelectuais, que n\u00e3o se cansaram de elogiar sua prosa e seus versos.<\/p>\n\n\t\t\t\t<div class=\"mr_social_sharing_wrapper\">\n\t\t\t\t<!-- Social Sharing Toolkit v2.2 --><span class=\"mr_social_sharing_top\"><span style=\"display: inline-block; width: 55px; height: 62px; overflow: hidden;\"><div class=\"fb-like\" data-href=\"http:\/\/www.blogdopilako.com.br\/wp\/2018\/04\/25\/momento-cultural-olhos-bizarros-por-teixeira-de-albuquerque-3\/\" data-send=\"false\" data-layout=\"box_count\" data-width=\"55\" data-show-faces=\"false\"><\/div><\/span><\/span><span class=\"mr_social_sharing_top\"><fb:share-button type=\"box_count\" href=\"http:\/\/www.blogdopilako.com.br\/wp\/2018\/04\/25\/momento-cultural-olhos-bizarros-por-teixeira-de-albuquerque-3\/\"><\/fb:share-button><\/span><span class=\"mr_social_sharing\"><a rel=\"nofollow\" class=\"linksalpha_button linksalpha_link\" href=\"\/\/www.linksalpha.com\/social\/mobile\" data-url=\"http:\/\/www.blogdopilako.com.br\/wp\/2018\/04\/25\/momento-cultural-olhos-bizarros-por-teixeira-de-albuquerque-3\/\" data-text=\"Momento Cultural: OLHOS BIZARROS \u2013 por Teixeira de Albuquerque.\" data-desc=\"Olhos de feiticeira, olhos de gra\u00e7a, olhos encomendados no Jap\u00e3o, olhos de grilo, de mulher brejeira, olhos de luz, de sombra, de ilus\u00e3o. Olhos de sol, de sol ou de fogueira? olhos de rosa, de interroga\u00e7\u00e3o olhos de urtiga, olhos de laranjeira, olhos de queimar cheios de emo\u00e7\u00e3o. Os meus\" data-image=\"http:\/\/www.blogdopilako.com.br\/wp\/wp-content\/uploads\/2018\/04\/texeira.jpg\" data-button=\"none\">\n\t\t\t\t\t<img src=\"\/\/www.linksalpha.com\/images\/social_share_button.png\" alt=\"Share\" class=\"linksalpha_image\" \/>\n\t\t\t\t\t<\/a><script type=\"text\/javascript\" src=\"\/\/www.linksalpha.com\/scripts\/loader_iconbox.js?v=2.4\"><\/script><\/span><\/div>","protected":false},"excerpt":{"rendered":"\n\t\t\t\t<div class=\"mr_social_sharing_wrapper\">\n\t\t\t\t<!-- Social Sharing Toolkit v2.2 --><span class=\"mr_social_sharing_top\"><span style=\"display: inline-block; width: 55px; height: 62px; overflow: hidden;\"><div class=\"fb-like\" data-href=\"http:\/\/www.blogdopilako.com.br\/wp\/2018\/04\/25\/momento-cultural-olhos-bizarros-por-teixeira-de-albuquerque-3\/\" data-send=\"false\" data-layout=\"box_count\" data-width=\"55\" data-show-faces=\"false\"><\/div><\/span><\/span><span class=\"mr_social_sharing_top\"><fb:share-button type=\"box_count\" href=\"http:\/\/www.blogdopilako.com.br\/wp\/2018\/04\/25\/momento-cultural-olhos-bizarros-por-teixeira-de-albuquerque-3\/\"><\/fb:share-button><\/span><span class=\"mr_social_sharing\"><a rel=\"nofollow\" class=\"linksalpha_button linksalpha_link\" href=\"\/\/www.linksalpha.com\/social\/mobile\" data-url=\"http:\/\/www.blogdopilako.com.br\/wp\/2018\/04\/25\/momento-cultural-olhos-bizarros-por-teixeira-de-albuquerque-3\/\" data-text=\"Momento Cultural: OLHOS BIZARROS \u2013 por Teixeira de Albuquerque.\" data-desc=\"Olhos de feiticeira, olhos de gra\u00e7a, olhos encomendados no Jap\u00e3o, olhos de grilo, de mulher brejeira, olhos de luz, de sombra, de ilus\u00e3o. Olhos de sol, de sol ou de fogueira? olhos de rosa, de interroga\u00e7\u00e3o olhos de urtiga, olhos de laranjeira, olhos de queimar cheios de emo\u00e7\u00e3o. Os meus\" data-image=\"\" data-button=\"none\">\n\t\t\t\t\t<img src=\"\/\/www.linksalpha.com\/images\/social_share_button.png\" alt=\"Share\" class=\"linksalpha_image\" \/>\n\t\t\t\t\t<\/a><script type=\"text\/javascript\" src=\"\/\/www.linksalpha.com\/scripts\/loader_iconbox.js?v=2.4\"><\/script><\/span><\/div><p>Olhos de feiticeira, olhos de gra\u00e7a, olhos encomendados no Jap\u00e3o, olhos de grilo, de mulher brejeira, olhos de luz, de sombra, de ilus\u00e3o. Olhos de sol, de sol ou de fogueira? olhos de rosa, de interroga\u00e7\u00e3o olhos de urtiga, olhos &hellip; <a href=\"http:\/\/www.blogdopilako.com.br\/wp\/2018\/04\/25\/momento-cultural-olhos-bizarros-por-teixeira-de-albuquerque-3\/\">Continue lendo <span class=\"meta-nav\">&rarr;<\/span><\/a><\/p>\n\n\t\t\t\t<div class=\"mr_social_sharing_wrapper\">\n\t\t\t\t<!-- Social Sharing Toolkit v2.2 --><span class=\"mr_social_sharing_top\"><span style=\"display: inline-block; width: 55px; height: 62px; overflow: hidden;\"><div class=\"fb-like\" data-href=\"http:\/\/www.blogdopilako.com.br\/wp\/2018\/04\/25\/momento-cultural-olhos-bizarros-por-teixeira-de-albuquerque-3\/\" data-send=\"false\" data-layout=\"box_count\" data-width=\"55\" data-show-faces=\"false\"><\/div><\/span><\/span><span class=\"mr_social_sharing_top\"><fb:share-button type=\"box_count\" href=\"http:\/\/www.blogdopilako.com.br\/wp\/2018\/04\/25\/momento-cultural-olhos-bizarros-por-teixeira-de-albuquerque-3\/\"><\/fb:share-button><\/span><span class=\"mr_social_sharing\"><a rel=\"nofollow\" class=\"linksalpha_button linksalpha_link\" href=\"\/\/www.linksalpha.com\/social\/mobile\" data-url=\"http:\/\/www.blogdopilako.com.br\/wp\/2018\/04\/25\/momento-cultural-olhos-bizarros-por-teixeira-de-albuquerque-3\/\" data-text=\"Momento Cultural: OLHOS BIZARROS \u2013 por Teixeira de Albuquerque.\" data-desc=\"Olhos de feiticeira, olhos de gra\u00e7a, olhos encomendados no Jap\u00e3o, olhos de grilo, de mulher brejeira, olhos de luz, de sombra, de ilus\u00e3o. Olhos de sol, de sol ou de fogueira? olhos de rosa, de interroga\u00e7\u00e3o olhos de urtiga, olhos de laranjeira, olhos de queimar cheios de emo\u00e7\u00e3o. Os meus\" data-image=\"\" data-button=\"none\">\n\t\t\t\t\t<img src=\"\/\/www.linksalpha.com\/images\/social_share_button.png\" alt=\"Share\" class=\"linksalpha_image\" \/>\n\t\t\t\t\t<\/a><script type=\"text\/javascript\" src=\"\/\/www.linksalpha.com\/scripts\/loader_iconbox.js?v=2.4\"><\/script><\/span><\/div>","protected":false},"author":2,"featured_media":0,"comment_status":"open","ping_status":"open","sticky":false,"template":"","format":"standard","meta":[],"categories":[114],"tags":[],"_links":{"self":[{"href":"http:\/\/www.blogdopilako.com.br\/wp\/wp-json\/wp\/v2\/posts\/112604"}],"collection":[{"href":"http:\/\/www.blogdopilako.com.br\/wp\/wp-json\/wp\/v2\/posts"}],"about":[{"href":"http:\/\/www.blogdopilako.com.br\/wp\/wp-json\/wp\/v2\/types\/post"}],"author":[{"embeddable":true,"href":"http:\/\/www.blogdopilako.com.br\/wp\/wp-json\/wp\/v2\/users\/2"}],"replies":[{"embeddable":true,"href":"http:\/\/www.blogdopilako.com.br\/wp\/wp-json\/wp\/v2\/comments?post=112604"}],"version-history":[{"count":1,"href":"http:\/\/www.blogdopilako.com.br\/wp\/wp-json\/wp\/v2\/posts\/112604\/revisions"}],"predecessor-version":[{"id":112606,"href":"http:\/\/www.blogdopilako.com.br\/wp\/wp-json\/wp\/v2\/posts\/112604\/revisions\/112606"}],"wp:attachment":[{"href":"http:\/\/www.blogdopilako.com.br\/wp\/wp-json\/wp\/v2\/media?parent=112604"}],"wp:term":[{"taxonomy":"category","embeddable":true,"href":"http:\/\/www.blogdopilako.com.br\/wp\/wp-json\/wp\/v2\/categories?post=112604"},{"taxonomy":"post_tag","embeddable":true,"href":"http:\/\/www.blogdopilako.com.br\/wp\/wp-json\/wp\/v2\/tags?post=112604"}],"curies":[{"name":"wp","href":"https:\/\/api.w.org\/{rel}","templated":true}]}}