{"id":112598,"date":"2018-04-25T14:00:51","date_gmt":"2018-04-25T17:00:51","guid":{"rendered":"http:\/\/www.blogdopilako.com.br\/wp\/?p=112598"},"modified":"2018-04-25T11:13:39","modified_gmt":"2018-04-25T14:13:39","slug":"o-tempo-voa-construcao-do-colegio-pedro-ribeiro-3","status":"publish","type":"post","link":"http:\/\/www.blogdopilako.com.br\/wp\/2018\/04\/25\/o-tempo-voa-construcao-do-colegio-pedro-ribeiro-3\/","title":{"rendered":"O Tempo Voa: Constru\u00e7\u00e3o do Col\u00e9gio Pedro Ribeiro."},"content":{"rendered":"\n\t\t\t\t<div class=\"mr_social_sharing_wrapper\">\n\t\t\t\t<!-- Social Sharing Toolkit v2.2 --><span class=\"mr_social_sharing_top\"><span style=\"display: inline-block; width: 55px; height: 62px; overflow: hidden;\"><div class=\"fb-like\" data-href=\"http:\/\/www.blogdopilako.com.br\/wp\/2018\/04\/25\/o-tempo-voa-construcao-do-colegio-pedro-ribeiro-3\/\" data-send=\"false\" data-layout=\"box_count\" data-width=\"55\" data-show-faces=\"false\"><\/div><\/span><\/span><span class=\"mr_social_sharing_top\"><fb:share-button type=\"box_count\" href=\"http:\/\/www.blogdopilako.com.br\/wp\/2018\/04\/25\/o-tempo-voa-construcao-do-colegio-pedro-ribeiro-3\/\"><\/fb:share-button><\/span><span class=\"mr_social_sharing\"><a rel=\"nofollow\" class=\"linksalpha_button linksalpha_link\" href=\"\/\/www.linksalpha.com\/social\/mobile\" data-url=\"http:\/\/www.blogdopilako.com.br\/wp\/2018\/04\/25\/o-tempo-voa-construcao-do-colegio-pedro-ribeiro-3\/\" data-text=\"O Tempo Voa: Constru\u00e7\u00e3o do Col\u00e9gio Pedro Ribeiro.\" data-desc=\"CONSTRU\u00c7\u00c3O DO GRUPO ESCOLAR PEDRO RIBEIRO \u2013 D\u00c9CADA DE 1960\" data-image=\"http:\/\/www.blogdopilako.com.br\/wp\/wp-content\/uploads\/2018\/04\/O-TEMPO-VOA-GRUPO-ESCOLAR-PEDRO-RIBEIRO-DECADA-DE-60.jpg\" data-button=\"none\">\n\t\t\t\t\t<img src=\"\/\/www.linksalpha.com\/images\/social_share_button.png\" alt=\"Share\" class=\"linksalpha_image\" \/>\n\t\t\t\t\t<\/a><script type=\"text\/javascript\" src=\"\/\/www.linksalpha.com\/scripts\/loader_iconbox.js?v=2.4\"><\/script><\/span><\/div><p><img loading=\"lazy\" class=\"aligncenter size-full wp-image-112599\" src=\"http:\/\/www.blogdopilako.com.br\/wp\/wp-content\/uploads\/2018\/04\/O-TEMPO-VOA-GRUPO-ESCOLAR-PEDRO-RIBEIRO-DECADA-DE-60.jpg\" alt=\"\" width=\"572\" height=\"424\" srcset=\"http:\/\/www.blogdopilako.com.br\/wp\/wp-content\/uploads\/2018\/04\/O-TEMPO-VOA-GRUPO-ESCOLAR-PEDRO-RIBEIRO-DECADA-DE-60.jpg 572w, http:\/\/www.blogdopilako.com.br\/wp\/wp-content\/uploads\/2018\/04\/O-TEMPO-VOA-GRUPO-ESCOLAR-PEDRO-RIBEIRO-DECADA-DE-60-300x222.jpg 300w\" sizes=\"(max-width: 572px) 100vw, 572px\" \/><\/p>\n<p>CONSTRU\u00c7\u00c3O DO GRUPO ESCOLAR PEDRO RIBEIRO \u2013 D\u00c9CADA DE 1960<\/p>\n\n\t\t\t\t<div class=\"mr_social_sharing_wrapper\">\n\t\t\t\t<!-- Social Sharing Toolkit v2.2 --><span class=\"mr_social_sharing_top\"><span style=\"display: inline-block; width: 55px; height: 62px; overflow: hidden;\"><div class=\"fb-like\" data-href=\"http:\/\/www.blogdopilako.com.br\/wp\/2018\/04\/25\/o-tempo-voa-construcao-do-colegio-pedro-ribeiro-3\/\" data-send=\"false\" data-layout=\"box_count\" data-width=\"55\" data-show-faces=\"false\"><\/div><\/span><\/span><span class=\"mr_social_sharing_top\"><fb:share-button type=\"box_count\" href=\"http:\/\/www.blogdopilako.com.br\/wp\/2018\/04\/25\/o-tempo-voa-construcao-do-colegio-pedro-ribeiro-3\/\"><\/fb:share-button><\/span><span class=\"mr_social_sharing\"><a rel=\"nofollow\" class=\"linksalpha_button linksalpha_link\" href=\"\/\/www.linksalpha.com\/social\/mobile\" data-url=\"http:\/\/www.blogdopilako.com.br\/wp\/2018\/04\/25\/o-tempo-voa-construcao-do-colegio-pedro-ribeiro-3\/\" data-text=\"O Tempo Voa: Constru\u00e7\u00e3o do Col\u00e9gio Pedro Ribeiro.\" data-desc=\"CONSTRU\u00c7\u00c3O DO GRUPO ESCOLAR PEDRO RIBEIRO \u2013 D\u00c9CADA DE 1960\" data-image=\"http:\/\/www.blogdopilako.com.br\/wp\/wp-content\/uploads\/2018\/04\/O-TEMPO-VOA-GRUPO-ESCOLAR-PEDRO-RIBEIRO-DECADA-DE-60.jpg\" data-button=\"none\">\n\t\t\t\t\t<img src=\"\/\/www.linksalpha.com\/images\/social_share_button.png\" alt=\"Share\" class=\"linksalpha_image\" \/>\n\t\t\t\t\t<\/a><script type=\"text\/javascript\" src=\"\/\/www.linksalpha.com\/scripts\/loader_iconbox.js?v=2.4\"><\/script><\/span><\/div>","protected":false},"excerpt":{"rendered":"\n\t\t\t\t<div class=\"mr_social_sharing_wrapper\">\n\t\t\t\t<!-- Social Sharing Toolkit v2.2 --><span class=\"mr_social_sharing_top\"><span style=\"display: inline-block; width: 55px; height: 62px; overflow: hidden;\"><div class=\"fb-like\" data-href=\"http:\/\/www.blogdopilako.com.br\/wp\/2018\/04\/25\/o-tempo-voa-construcao-do-colegio-pedro-ribeiro-3\/\" data-send=\"false\" data-layout=\"box_count\" data-width=\"55\" data-show-faces=\"false\"><\/div><\/span><\/span><span class=\"mr_social_sharing_top\"><fb:share-button type=\"box_count\" href=\"http:\/\/www.blogdopilako.com.br\/wp\/2018\/04\/25\/o-tempo-voa-construcao-do-colegio-pedro-ribeiro-3\/\"><\/fb:share-button><\/span><span class=\"mr_social_sharing\"><a rel=\"nofollow\" class=\"linksalpha_button linksalpha_link\" href=\"\/\/www.linksalpha.com\/social\/mobile\" data-url=\"http:\/\/www.blogdopilako.com.br\/wp\/2018\/04\/25\/o-tempo-voa-construcao-do-colegio-pedro-ribeiro-3\/\" data-text=\"O Tempo Voa: Constru\u00e7\u00e3o do Col\u00e9gio Pedro Ribeiro.\" data-desc=\"CONSTRU\u00c7\u00c3O DO GRUPO ESCOLAR PEDRO RIBEIRO \u2013 D\u00c9CADA DE 1960\" data-image=\"\" data-button=\"none\">\n\t\t\t\t\t<img src=\"\/\/www.linksalpha.com\/images\/social_share_button.png\" alt=\"Share\" class=\"linksalpha_image\" \/>\n\t\t\t\t\t<\/a><script type=\"text\/javascript\" src=\"\/\/www.linksalpha.com\/scripts\/loader_iconbox.js?v=2.4\"><\/script><\/span><\/div><p>CONSTRU\u00c7\u00c3O DO GRUPO ESCOLAR PEDRO RIBEIRO \u2013 D\u00c9CADA DE 1960<\/p>\n\n\t\t\t\t<div class=\"mr_social_sharing_wrapper\">\n\t\t\t\t<!-- Social Sharing Toolkit v2.2 --><span class=\"mr_social_sharing_top\"><span style=\"display: inline-block; width: 55px; height: 62px; overflow: hidden;\"><div class=\"fb-like\" data-href=\"http:\/\/www.blogdopilako.com.br\/wp\/2018\/04\/25\/o-tempo-voa-construcao-do-colegio-pedro-ribeiro-3\/\" data-send=\"false\" data-layout=\"box_count\" data-width=\"55\" data-show-faces=\"false\"><\/div><\/span><\/span><span class=\"mr_social_sharing_top\"><fb:share-button type=\"box_count\" href=\"http:\/\/www.blogdopilako.com.br\/wp\/2018\/04\/25\/o-tempo-voa-construcao-do-colegio-pedro-ribeiro-3\/\"><\/fb:share-button><\/span><span class=\"mr_social_sharing\"><a rel=\"nofollow\" class=\"linksalpha_button linksalpha_link\" href=\"\/\/www.linksalpha.com\/social\/mobile\" data-url=\"http:\/\/www.blogdopilako.com.br\/wp\/2018\/04\/25\/o-tempo-voa-construcao-do-colegio-pedro-ribeiro-3\/\" data-text=\"O Tempo Voa: Constru\u00e7\u00e3o do Col\u00e9gio Pedro Ribeiro.\" data-desc=\"CONSTRU\u00c7\u00c3O DO GRUPO ESCOLAR PEDRO RIBEIRO \u2013 D\u00c9CADA DE 1960\" data-image=\"\" data-button=\"none\">\n\t\t\t\t\t<img src=\"\/\/www.linksalpha.com\/images\/social_share_button.png\" alt=\"Share\" class=\"linksalpha_image\" \/>\n\t\t\t\t\t<\/a><script type=\"text\/javascript\" src=\"\/\/www.linksalpha.com\/scripts\/loader_iconbox.js?v=2.4\"><\/script><\/span><\/div>","protected":false},"author":2,"featured_media":0,"comment_status":"open","ping_status":"open","sticky":false,"template":"","format":"standard","meta":[],"categories":[23],"tags":[],"_links":{"self":[{"href":"http:\/\/www.blogdopilako.com.br\/wp\/wp-json\/wp\/v2\/posts\/112598"}],"collection":[{"href":"http:\/\/www.blogdopilako.com.br\/wp\/wp-json\/wp\/v2\/posts"}],"about":[{"href":"http:\/\/www.blogdopilako.com.br\/wp\/wp-json\/wp\/v2\/types\/post"}],"author":[{"embeddable":true,"href":"http:\/\/www.blogdopilako.com.br\/wp\/wp-json\/wp\/v2\/users\/2"}],"replies":[{"embeddable":true,"href":"http:\/\/www.blogdopilako.com.br\/wp\/wp-json\/wp\/v2\/comments?post=112598"}],"version-history":[{"count":1,"href":"http:\/\/www.blogdopilako.com.br\/wp\/wp-json\/wp\/v2\/posts\/112598\/revisions"}],"predecessor-version":[{"id":112600,"href":"http:\/\/www.blogdopilako.com.br\/wp\/wp-json\/wp\/v2\/posts\/112598\/revisions\/112600"}],"wp:attachment":[{"href":"http:\/\/www.blogdopilako.com.br\/wp\/wp-json\/wp\/v2\/media?parent=112598"}],"wp:term":[{"taxonomy":"category","embeddable":true,"href":"http:\/\/www.blogdopilako.com.br\/wp\/wp-json\/wp\/v2\/categories?post=112598"},{"taxonomy":"post_tag","embeddable":true,"href":"http:\/\/www.blogdopilako.com.br\/wp\/wp-json\/wp\/v2\/tags?post=112598"}],"curies":[{"name":"wp","href":"https:\/\/api.w.org\/{rel}","templated":true}]}}