{"id":112549,"date":"2018-04-24T16:21:24","date_gmt":"2018-04-24T19:21:24","guid":{"rendered":"http:\/\/www.blogdopilako.com.br\/wp\/?p=112549"},"modified":"2018-04-24T16:21:24","modified_gmt":"2018-04-24T19:21:24","slug":"aos-poucos-a-bicharada-ta-voltando-as-ruas","status":"publish","type":"post","link":"http:\/\/www.blogdopilako.com.br\/wp\/2018\/04\/24\/aos-poucos-a-bicharada-ta-voltando-as-ruas\/","title":{"rendered":"Aos poucos, a &#8220;bicharada&#8221; t\u00e1 voltando \u00e0s ruas&#8230;&#8230;."},"content":{"rendered":"\n\t\t\t\t<div class=\"mr_social_sharing_wrapper\">\n\t\t\t\t<!-- Social Sharing Toolkit v2.2 --><span class=\"mr_social_sharing_top\"><span style=\"display: inline-block; width: 55px; height: 62px; overflow: hidden;\"><div class=\"fb-like\" data-href=\"http:\/\/www.blogdopilako.com.br\/wp\/2018\/04\/24\/aos-poucos-a-bicharada-ta-voltando-as-ruas\/\" data-send=\"false\" data-layout=\"box_count\" data-width=\"55\" data-show-faces=\"false\"><\/div><\/span><\/span><span class=\"mr_social_sharing_top\"><fb:share-button type=\"box_count\" href=\"http:\/\/www.blogdopilako.com.br\/wp\/2018\/04\/24\/aos-poucos-a-bicharada-ta-voltando-as-ruas\/\"><\/fb:share-button><\/span><span class=\"mr_social_sharing\"><a rel=\"nofollow\" class=\"linksalpha_button linksalpha_link\" href=\"\/\/www.linksalpha.com\/social\/mobile\" data-url=\"http:\/\/www.blogdopilako.com.br\/wp\/2018\/04\/24\/aos-poucos-a-bicharada-ta-voltando-as-ruas\/\" data-text=\"Aos poucos, a \u201cbicharada\u201d t\u00e1 voltando \u00e0s ruas\u2026\u2026.\" data-desc=\"Por volta do meio-dia de ontem (23) porcos fizeram a festa na Rua Primitivo de Miranda, localizada no nosso centro comercial. \u00a0Animais de grande porte, \u00a0circulando livremente pelas vias p\u00fablicas configura-se num p\u00e9ssimo \u201ccart\u00e3o de visita\u201d para nossa cidade, assim como um grave problema de\" data-image=\"http:\/\/www.blogdopilako.com.br\/wp\/wp-content\/uploads\/2018\/04\/IMG_6832-1024x768.jpg\" data-button=\"none\">\n\t\t\t\t\t<img src=\"\/\/www.linksalpha.com\/images\/social_share_button.png\" alt=\"Share\" class=\"linksalpha_image\" \/>\n\t\t\t\t\t<\/a><script type=\"text\/javascript\" src=\"\/\/www.linksalpha.com\/scripts\/loader_iconbox.js?v=2.4\"><\/script><\/span><\/div><p><img loading=\"lazy\" class=\"aligncenter size-large wp-image-112550\" src=\"http:\/\/www.blogdopilako.com.br\/wp\/wp-content\/uploads\/2018\/04\/IMG_6832-1024x768.jpg\" alt=\"\" width=\"640\" height=\"480\" srcset=\"http:\/\/www.blogdopilako.com.br\/wp\/wp-content\/uploads\/2018\/04\/IMG_6832-1024x768.jpg 1024w, http:\/\/www.blogdopilako.com.br\/wp\/wp-content\/uploads\/2018\/04\/IMG_6832-300x225.jpg 300w, http:\/\/www.blogdopilako.com.br\/wp\/wp-content\/uploads\/2018\/04\/IMG_6832-768x576.jpg 768w\" sizes=\"(max-width: 640px) 100vw, 640px\" \/><\/p>\n<p style=\"text-align: justify;\">Por volta do meio-dia de ontem (23) porcos fizeram a festa na Rua Primitivo de Miranda, localizada no nosso centro comercial. \u00a0Animais de grande porte, \u00a0circulando livremente pelas vias p\u00fablicas configura-se num p\u00e9ssimo \u201ccart\u00e3o de visita\u201d para nossa cidade, assim como um grave problema de sa\u00fade p\u00fablica.<\/p>\n<p style=\"text-align: justify;\">Aparentemente a gest\u00e3o comandada pelo prefeito Aglailson Junior relaxou na fiscaliza\u00e7\u00e3o e recolhimento dos bichos soltos nas ruas. De alguns dias pr\u00e1 c\u00e1, nos lugares que costumo circular, a \u201cbicharada\u201d t\u00e1 voltando a rasgar as sacolas de lixo, colocada pelas donas de casa nas cal\u00e7adas. A sujeira \u00e9 inevit\u00e1vel. Ao que parece, a equipe da prefeitura que estava a frente dessa opera\u00e7\u00e3o foi desarticulada.<\/p>\n\n\t\t\t\t<div class=\"mr_social_sharing_wrapper\">\n\t\t\t\t<!-- Social Sharing Toolkit v2.2 --><span class=\"mr_social_sharing_top\"><span style=\"display: inline-block; width: 55px; height: 62px; overflow: hidden;\"><div class=\"fb-like\" data-href=\"http:\/\/www.blogdopilako.com.br\/wp\/2018\/04\/24\/aos-poucos-a-bicharada-ta-voltando-as-ruas\/\" data-send=\"false\" data-layout=\"box_count\" data-width=\"55\" data-show-faces=\"false\"><\/div><\/span><\/span><span class=\"mr_social_sharing_top\"><fb:share-button type=\"box_count\" href=\"http:\/\/www.blogdopilako.com.br\/wp\/2018\/04\/24\/aos-poucos-a-bicharada-ta-voltando-as-ruas\/\"><\/fb:share-button><\/span><span class=\"mr_social_sharing\"><a rel=\"nofollow\" class=\"linksalpha_button linksalpha_link\" href=\"\/\/www.linksalpha.com\/social\/mobile\" data-url=\"http:\/\/www.blogdopilako.com.br\/wp\/2018\/04\/24\/aos-poucos-a-bicharada-ta-voltando-as-ruas\/\" data-text=\"Aos poucos, a \u201cbicharada\u201d t\u00e1 voltando \u00e0s ruas\u2026\u2026.\" data-desc=\"Por volta do meio-dia de ontem (23) porcos fizeram a festa na Rua Primitivo de Miranda, localizada no nosso centro comercial. \u00a0Animais de grande porte, \u00a0circulando livremente pelas vias p\u00fablicas configura-se num p\u00e9ssimo \u201ccart\u00e3o de visita\u201d para nossa cidade, assim como um grave problema de\" data-image=\"http:\/\/www.blogdopilako.com.br\/wp\/wp-content\/uploads\/2018\/04\/IMG_6832-1024x768.jpg\" data-button=\"none\">\n\t\t\t\t\t<img src=\"\/\/www.linksalpha.com\/images\/social_share_button.png\" alt=\"Share\" class=\"linksalpha_image\" \/>\n\t\t\t\t\t<\/a><script type=\"text\/javascript\" src=\"\/\/www.linksalpha.com\/scripts\/loader_iconbox.js?v=2.4\"><\/script><\/span><\/div>","protected":false},"excerpt":{"rendered":"\n\t\t\t\t<div class=\"mr_social_sharing_wrapper\">\n\t\t\t\t<!-- Social Sharing Toolkit v2.2 --><span class=\"mr_social_sharing_top\"><span style=\"display: inline-block; width: 55px; height: 62px; overflow: hidden;\"><div class=\"fb-like\" data-href=\"http:\/\/www.blogdopilako.com.br\/wp\/2018\/04\/24\/aos-poucos-a-bicharada-ta-voltando-as-ruas\/\" data-send=\"false\" data-layout=\"box_count\" data-width=\"55\" data-show-faces=\"false\"><\/div><\/span><\/span><span class=\"mr_social_sharing_top\"><fb:share-button type=\"box_count\" href=\"http:\/\/www.blogdopilako.com.br\/wp\/2018\/04\/24\/aos-poucos-a-bicharada-ta-voltando-as-ruas\/\"><\/fb:share-button><\/span><span class=\"mr_social_sharing\"><a rel=\"nofollow\" class=\"linksalpha_button linksalpha_link\" href=\"\/\/www.linksalpha.com\/social\/mobile\" data-url=\"http:\/\/www.blogdopilako.com.br\/wp\/2018\/04\/24\/aos-poucos-a-bicharada-ta-voltando-as-ruas\/\" data-text=\"Aos poucos, a \u201cbicharada\u201d t\u00e1 voltando \u00e0s ruas\u2026\u2026.\" data-desc=\"Por volta do meio-dia de ontem (23) porcos fizeram a festa na Rua Primitivo de Miranda, localizada no nosso centro comercial. \u00a0Animais de grande porte, \u00a0circulando livremente pelas vias p\u00fablicas configura-se num p\u00e9ssimo \u201ccart\u00e3o de visita\u201d para nossa cidade, assim como um grave problema de\" data-image=\"\" data-button=\"none\">\n\t\t\t\t\t<img src=\"\/\/www.linksalpha.com\/images\/social_share_button.png\" alt=\"Share\" class=\"linksalpha_image\" \/>\n\t\t\t\t\t<\/a><script type=\"text\/javascript\" src=\"\/\/www.linksalpha.com\/scripts\/loader_iconbox.js?v=2.4\"><\/script><\/span><\/div><p>Por volta do meio-dia de ontem (23) porcos fizeram a festa na Rua Primitivo de Miranda, localizada no nosso centro comercial. \u00a0Animais de grande porte, \u00a0circulando livremente pelas vias p\u00fablicas configura-se num p\u00e9ssimo \u201ccart\u00e3o de visita\u201d para nossa cidade, assim &hellip; <a href=\"http:\/\/www.blogdopilako.com.br\/wp\/2018\/04\/24\/aos-poucos-a-bicharada-ta-voltando-as-ruas\/\">Continue lendo <span class=\"meta-nav\">&rarr;<\/span><\/a><\/p>\n\n\t\t\t\t<div class=\"mr_social_sharing_wrapper\">\n\t\t\t\t<!-- Social Sharing Toolkit v2.2 --><span class=\"mr_social_sharing_top\"><span style=\"display: inline-block; width: 55px; height: 62px; overflow: hidden;\"><div class=\"fb-like\" data-href=\"http:\/\/www.blogdopilako.com.br\/wp\/2018\/04\/24\/aos-poucos-a-bicharada-ta-voltando-as-ruas\/\" data-send=\"false\" data-layout=\"box_count\" data-width=\"55\" data-show-faces=\"false\"><\/div><\/span><\/span><span class=\"mr_social_sharing_top\"><fb:share-button type=\"box_count\" href=\"http:\/\/www.blogdopilako.com.br\/wp\/2018\/04\/24\/aos-poucos-a-bicharada-ta-voltando-as-ruas\/\"><\/fb:share-button><\/span><span class=\"mr_social_sharing\"><a rel=\"nofollow\" class=\"linksalpha_button linksalpha_link\" href=\"\/\/www.linksalpha.com\/social\/mobile\" data-url=\"http:\/\/www.blogdopilako.com.br\/wp\/2018\/04\/24\/aos-poucos-a-bicharada-ta-voltando-as-ruas\/\" data-text=\"Aos poucos, a \u201cbicharada\u201d t\u00e1 voltando \u00e0s ruas\u2026\u2026.\" data-desc=\"Por volta do meio-dia de ontem (23) porcos fizeram a festa na Rua Primitivo de Miranda, localizada no nosso centro comercial. \u00a0Animais de grande porte, \u00a0circulando livremente pelas vias p\u00fablicas configura-se num p\u00e9ssimo \u201ccart\u00e3o de visita\u201d para nossa cidade, assim como um grave problema de\" data-image=\"\" data-button=\"none\">\n\t\t\t\t\t<img src=\"\/\/www.linksalpha.com\/images\/social_share_button.png\" alt=\"Share\" class=\"linksalpha_image\" \/>\n\t\t\t\t\t<\/a><script type=\"text\/javascript\" src=\"\/\/www.linksalpha.com\/scripts\/loader_iconbox.js?v=2.4\"><\/script><\/span><\/div>","protected":false},"author":2,"featured_media":0,"comment_status":"open","ping_status":"open","sticky":false,"template":"","format":"standard","meta":[],"categories":[1],"tags":[],"_links":{"self":[{"href":"http:\/\/www.blogdopilako.com.br\/wp\/wp-json\/wp\/v2\/posts\/112549"}],"collection":[{"href":"http:\/\/www.blogdopilako.com.br\/wp\/wp-json\/wp\/v2\/posts"}],"about":[{"href":"http:\/\/www.blogdopilako.com.br\/wp\/wp-json\/wp\/v2\/types\/post"}],"author":[{"embeddable":true,"href":"http:\/\/www.blogdopilako.com.br\/wp\/wp-json\/wp\/v2\/users\/2"}],"replies":[{"embeddable":true,"href":"http:\/\/www.blogdopilako.com.br\/wp\/wp-json\/wp\/v2\/comments?post=112549"}],"version-history":[{"count":2,"href":"http:\/\/www.blogdopilako.com.br\/wp\/wp-json\/wp\/v2\/posts\/112549\/revisions"}],"predecessor-version":[{"id":112574,"href":"http:\/\/www.blogdopilako.com.br\/wp\/wp-json\/wp\/v2\/posts\/112549\/revisions\/112574"}],"wp:attachment":[{"href":"http:\/\/www.blogdopilako.com.br\/wp\/wp-json\/wp\/v2\/media?parent=112549"}],"wp:term":[{"taxonomy":"category","embeddable":true,"href":"http:\/\/www.blogdopilako.com.br\/wp\/wp-json\/wp\/v2\/categories?post=112549"},{"taxonomy":"post_tag","embeddable":true,"href":"http:\/\/www.blogdopilako.com.br\/wp\/wp-json\/wp\/v2\/tags?post=112549"}],"curies":[{"name":"wp","href":"https:\/\/api.w.org\/{rel}","templated":true}]}}