{"id":112340,"date":"2018-04-17T14:50:21","date_gmt":"2018-04-17T17:50:21","guid":{"rendered":"http:\/\/www.blogdopilako.com.br\/wp\/?p=112340"},"modified":"2018-04-17T16:26:43","modified_gmt":"2018-04-17T19:26:43","slug":"saulo-albuquerque-vida-longa-ao-doutor","status":"publish","type":"post","link":"http:\/\/www.blogdopilako.com.br\/wp\/2018\/04\/17\/saulo-albuquerque-vida-longa-ao-doutor\/","title":{"rendered":"Saulo Albuquerque: vida longa ao doutor!!!"},"content":{"rendered":"\n\t\t\t\t<div class=\"mr_social_sharing_wrapper\">\n\t\t\t\t<!-- Social Sharing Toolkit v2.2 --><span class=\"mr_social_sharing_top\"><span style=\"display: inline-block; width: 55px; height: 62px; overflow: hidden;\"><div class=\"fb-like\" data-href=\"http:\/\/www.blogdopilako.com.br\/wp\/2018\/04\/17\/saulo-albuquerque-vida-longa-ao-doutor\/\" data-send=\"false\" data-layout=\"box_count\" data-width=\"55\" data-show-faces=\"false\"><\/div><\/span><\/span><span class=\"mr_social_sharing_top\"><fb:share-button type=\"box_count\" href=\"http:\/\/www.blogdopilako.com.br\/wp\/2018\/04\/17\/saulo-albuquerque-vida-longa-ao-doutor\/\"><\/fb:share-button><\/span><span class=\"mr_social_sharing\"><a rel=\"nofollow\" class=\"linksalpha_button linksalpha_link\" href=\"\/\/www.linksalpha.com\/social\/mobile\" data-url=\"http:\/\/www.blogdopilako.com.br\/wp\/2018\/04\/17\/saulo-albuquerque-vida-longa-ao-doutor\/\" data-text=\"Saulo Albuquerque: vida longa ao doutor!!!\" data-desc=\"Agrade\u00e7o ao amigo m\u00e9dico e vice-prefeito da cidade, Saulo Albuquerque, pelo convite para comparecer ao ato comemorativo do seu anivers\u00e1rio ocorrido, ontem (16), nas depend\u00eancias do pr\u00e9dio da prefeitura. Mesmo havendo comparecido, para abra\u00e7ar o doutor, em fun\u00e7\u00e3o de outros compromissos\" data-image=\"http:\/\/www.blogdopilako.com.br\/wp\/wp-content\/uploads\/2018\/04\/30706722_1254543181356976_397542825752788992_n.jpg\" data-button=\"none\">\n\t\t\t\t\t<img src=\"\/\/www.linksalpha.com\/images\/social_share_button.png\" alt=\"Share\" class=\"linksalpha_image\" \/>\n\t\t\t\t\t<\/a><script type=\"text\/javascript\" src=\"\/\/www.linksalpha.com\/scripts\/loader_iconbox.js?v=2.4\"><\/script><\/span><\/div><p><img loading=\"lazy\" class=\"aligncenter size-full wp-image-112341\" src=\"http:\/\/www.blogdopilako.com.br\/wp\/wp-content\/uploads\/2018\/04\/30706722_1254543181356976_397542825752788992_n.jpg\" alt=\"\" width=\"960\" height=\"640\" srcset=\"http:\/\/www.blogdopilako.com.br\/wp\/wp-content\/uploads\/2018\/04\/30706722_1254543181356976_397542825752788992_n.jpg 960w, http:\/\/www.blogdopilako.com.br\/wp\/wp-content\/uploads\/2018\/04\/30706722_1254543181356976_397542825752788992_n-300x200.jpg 300w, http:\/\/www.blogdopilako.com.br\/wp\/wp-content\/uploads\/2018\/04\/30706722_1254543181356976_397542825752788992_n-768x512.jpg 768w\" sizes=\"(max-width: 960px) 100vw, 960px\" \/><\/p>\n<p style=\"text-align: justify;\">Agrade\u00e7o ao amigo m\u00e9dico e vice-prefeito da cidade, Saulo Albuquerque, pelo convite para comparecer ao ato comemorativo do seu anivers\u00e1rio ocorrido, ontem (16), nas depend\u00eancias do pr\u00e9dio da prefeitura. Mesmo havendo comparecido, para abra\u00e7ar o doutor, em fun\u00e7\u00e3o de outros compromissos pr\u00e9-agendados n\u00e3o pude esperar pelo corte do bolo.<\/p>\n<p style=\"text-align: justify;\"><img loading=\"lazy\" class=\"aligncenter size-large wp-image-112342\" src=\"http:\/\/www.blogdopilako.com.br\/wp\/wp-content\/uploads\/2018\/04\/IMG_6491-1024x768.jpg\" alt=\"\" width=\"640\" height=\"480\" srcset=\"http:\/\/www.blogdopilako.com.br\/wp\/wp-content\/uploads\/2018\/04\/IMG_6491-1024x768.jpg 1024w, http:\/\/www.blogdopilako.com.br\/wp\/wp-content\/uploads\/2018\/04\/IMG_6491-300x225.jpg 300w, http:\/\/www.blogdopilako.com.br\/wp\/wp-content\/uploads\/2018\/04\/IMG_6491-768x576.jpg 768w\" sizes=\"(max-width: 640px) 100vw, 640px\" \/>Aproveito, contudo, para expressar, aqui, meu desejo de vida longa ao amigo Saulo e sucesso na sua nova empreitada eleitoral, visando um mandato de deputado federal no pleito que se avizinha. Saulo \u00c9 merecedor do respeito de todos os vitorienses!!!!<\/p>\n\n\t\t\t\t<div class=\"mr_social_sharing_wrapper\">\n\t\t\t\t<!-- Social Sharing Toolkit v2.2 --><span class=\"mr_social_sharing_top\"><span style=\"display: inline-block; width: 55px; height: 62px; overflow: hidden;\"><div class=\"fb-like\" data-href=\"http:\/\/www.blogdopilako.com.br\/wp\/2018\/04\/17\/saulo-albuquerque-vida-longa-ao-doutor\/\" data-send=\"false\" data-layout=\"box_count\" data-width=\"55\" data-show-faces=\"false\"><\/div><\/span><\/span><span class=\"mr_social_sharing_top\"><fb:share-button type=\"box_count\" href=\"http:\/\/www.blogdopilako.com.br\/wp\/2018\/04\/17\/saulo-albuquerque-vida-longa-ao-doutor\/\"><\/fb:share-button><\/span><span class=\"mr_social_sharing\"><a rel=\"nofollow\" class=\"linksalpha_button linksalpha_link\" href=\"\/\/www.linksalpha.com\/social\/mobile\" data-url=\"http:\/\/www.blogdopilako.com.br\/wp\/2018\/04\/17\/saulo-albuquerque-vida-longa-ao-doutor\/\" data-text=\"Saulo Albuquerque: vida longa ao doutor!!!\" data-desc=\"Agrade\u00e7o ao amigo m\u00e9dico e vice-prefeito da cidade, Saulo Albuquerque, pelo convite para comparecer ao ato comemorativo do seu anivers\u00e1rio ocorrido, ontem (16), nas depend\u00eancias do pr\u00e9dio da prefeitura. Mesmo havendo comparecido, para abra\u00e7ar o doutor, em fun\u00e7\u00e3o de outros compromissos\" data-image=\"http:\/\/www.blogdopilako.com.br\/wp\/wp-content\/uploads\/2018\/04\/30706722_1254543181356976_397542825752788992_n.jpg\" data-button=\"none\">\n\t\t\t\t\t<img src=\"\/\/www.linksalpha.com\/images\/social_share_button.png\" alt=\"Share\" class=\"linksalpha_image\" \/>\n\t\t\t\t\t<\/a><script type=\"text\/javascript\" src=\"\/\/www.linksalpha.com\/scripts\/loader_iconbox.js?v=2.4\"><\/script><\/span><\/div>","protected":false},"excerpt":{"rendered":"\n\t\t\t\t<div class=\"mr_social_sharing_wrapper\">\n\t\t\t\t<!-- Social Sharing Toolkit v2.2 --><span class=\"mr_social_sharing_top\"><span style=\"display: inline-block; width: 55px; height: 62px; overflow: hidden;\"><div class=\"fb-like\" data-href=\"http:\/\/www.blogdopilako.com.br\/wp\/2018\/04\/17\/saulo-albuquerque-vida-longa-ao-doutor\/\" data-send=\"false\" data-layout=\"box_count\" data-width=\"55\" data-show-faces=\"false\"><\/div><\/span><\/span><span class=\"mr_social_sharing_top\"><fb:share-button type=\"box_count\" href=\"http:\/\/www.blogdopilako.com.br\/wp\/2018\/04\/17\/saulo-albuquerque-vida-longa-ao-doutor\/\"><\/fb:share-button><\/span><span class=\"mr_social_sharing\"><a rel=\"nofollow\" class=\"linksalpha_button linksalpha_link\" href=\"\/\/www.linksalpha.com\/social\/mobile\" data-url=\"http:\/\/www.blogdopilako.com.br\/wp\/2018\/04\/17\/saulo-albuquerque-vida-longa-ao-doutor\/\" data-text=\"Saulo Albuquerque: vida longa ao doutor!!!\" data-desc=\"Agrade\u00e7o ao amigo m\u00e9dico e vice-prefeito da cidade, Saulo Albuquerque, pelo convite para comparecer ao ato comemorativo do seu anivers\u00e1rio ocorrido, ontem (16), nas depend\u00eancias do pr\u00e9dio da prefeitura. Mesmo havendo comparecido, para abra\u00e7ar o doutor, em fun\u00e7\u00e3o de outros compromissos\" data-image=\"\" data-button=\"none\">\n\t\t\t\t\t<img src=\"\/\/www.linksalpha.com\/images\/social_share_button.png\" alt=\"Share\" class=\"linksalpha_image\" \/>\n\t\t\t\t\t<\/a><script type=\"text\/javascript\" src=\"\/\/www.linksalpha.com\/scripts\/loader_iconbox.js?v=2.4\"><\/script><\/span><\/div><p>Agrade\u00e7o ao amigo m\u00e9dico e vice-prefeito da cidade, Saulo Albuquerque, pelo convite para comparecer ao ato comemorativo do seu anivers\u00e1rio ocorrido, ontem (16), nas depend\u00eancias do pr\u00e9dio da prefeitura. Mesmo havendo comparecido, para abra\u00e7ar o doutor, em fun\u00e7\u00e3o de outros &hellip; <a href=\"http:\/\/www.blogdopilako.com.br\/wp\/2018\/04\/17\/saulo-albuquerque-vida-longa-ao-doutor\/\">Continue lendo <span class=\"meta-nav\">&rarr;<\/span><\/a><\/p>\n\n\t\t\t\t<div class=\"mr_social_sharing_wrapper\">\n\t\t\t\t<!-- Social Sharing Toolkit v2.2 --><span class=\"mr_social_sharing_top\"><span style=\"display: inline-block; width: 55px; height: 62px; overflow: hidden;\"><div class=\"fb-like\" data-href=\"http:\/\/www.blogdopilako.com.br\/wp\/2018\/04\/17\/saulo-albuquerque-vida-longa-ao-doutor\/\" data-send=\"false\" data-layout=\"box_count\" data-width=\"55\" data-show-faces=\"false\"><\/div><\/span><\/span><span class=\"mr_social_sharing_top\"><fb:share-button type=\"box_count\" href=\"http:\/\/www.blogdopilako.com.br\/wp\/2018\/04\/17\/saulo-albuquerque-vida-longa-ao-doutor\/\"><\/fb:share-button><\/span><span class=\"mr_social_sharing\"><a rel=\"nofollow\" class=\"linksalpha_button linksalpha_link\" href=\"\/\/www.linksalpha.com\/social\/mobile\" data-url=\"http:\/\/www.blogdopilako.com.br\/wp\/2018\/04\/17\/saulo-albuquerque-vida-longa-ao-doutor\/\" data-text=\"Saulo Albuquerque: vida longa ao doutor!!!\" data-desc=\"Agrade\u00e7o ao amigo m\u00e9dico e vice-prefeito da cidade, Saulo Albuquerque, pelo convite para comparecer ao ato comemorativo do seu anivers\u00e1rio ocorrido, ontem (16), nas depend\u00eancias do pr\u00e9dio da prefeitura. Mesmo havendo comparecido, para abra\u00e7ar o doutor, em fun\u00e7\u00e3o de outros compromissos\" data-image=\"\" data-button=\"none\">\n\t\t\t\t\t<img src=\"\/\/www.linksalpha.com\/images\/social_share_button.png\" alt=\"Share\" class=\"linksalpha_image\" \/>\n\t\t\t\t\t<\/a><script type=\"text\/javascript\" src=\"\/\/www.linksalpha.com\/scripts\/loader_iconbox.js?v=2.4\"><\/script><\/span><\/div>","protected":false},"author":2,"featured_media":0,"comment_status":"open","ping_status":"open","sticky":false,"template":"","format":"standard","meta":[],"categories":[21,1],"tags":[],"_links":{"self":[{"href":"http:\/\/www.blogdopilako.com.br\/wp\/wp-json\/wp\/v2\/posts\/112340"}],"collection":[{"href":"http:\/\/www.blogdopilako.com.br\/wp\/wp-json\/wp\/v2\/posts"}],"about":[{"href":"http:\/\/www.blogdopilako.com.br\/wp\/wp-json\/wp\/v2\/types\/post"}],"author":[{"embeddable":true,"href":"http:\/\/www.blogdopilako.com.br\/wp\/wp-json\/wp\/v2\/users\/2"}],"replies":[{"embeddable":true,"href":"http:\/\/www.blogdopilako.com.br\/wp\/wp-json\/wp\/v2\/comments?post=112340"}],"version-history":[{"count":2,"href":"http:\/\/www.blogdopilako.com.br\/wp\/wp-json\/wp\/v2\/posts\/112340\/revisions"}],"predecessor-version":[{"id":112370,"href":"http:\/\/www.blogdopilako.com.br\/wp\/wp-json\/wp\/v2\/posts\/112340\/revisions\/112370"}],"wp:attachment":[{"href":"http:\/\/www.blogdopilako.com.br\/wp\/wp-json\/wp\/v2\/media?parent=112340"}],"wp:term":[{"taxonomy":"category","embeddable":true,"href":"http:\/\/www.blogdopilako.com.br\/wp\/wp-json\/wp\/v2\/categories?post=112340"},{"taxonomy":"post_tag","embeddable":true,"href":"http:\/\/www.blogdopilako.com.br\/wp\/wp-json\/wp\/v2\/tags?post=112340"}],"curies":[{"name":"wp","href":"https:\/\/api.w.org\/{rel}","templated":true}]}}