{"id":112294,"date":"2018-04-16T14:47:28","date_gmt":"2018-04-16T17:47:28","guid":{"rendered":"http:\/\/www.blogdopilako.com.br\/wp\/?p=112294"},"modified":"2018-04-16T15:48:47","modified_gmt":"2018-04-16T18:48:47","slug":"tavares-de-miranda-um-vitoriense-na-historia-da-familia-fasano","status":"publish","type":"post","link":"http:\/\/www.blogdopilako.com.br\/wp\/2018\/04\/16\/tavares-de-miranda-um-vitoriense-na-historia-da-familia-fasano\/","title":{"rendered":"Tavares de Miranda: um vitoriense na hist\u00f3ria da &#8220;Fam\u00edlia Fasano&#8221;&#8230;."},"content":{"rendered":"\n\t\t\t\t<div class=\"mr_social_sharing_wrapper\">\n\t\t\t\t<!-- Social Sharing Toolkit v2.2 --><span class=\"mr_social_sharing_top\"><span style=\"display: inline-block; width: 55px; height: 62px; overflow: hidden;\"><div class=\"fb-like\" data-href=\"http:\/\/www.blogdopilako.com.br\/wp\/2018\/04\/16\/tavares-de-miranda-um-vitoriense-na-historia-da-familia-fasano\/\" data-send=\"false\" data-layout=\"box_count\" data-width=\"55\" data-show-faces=\"false\"><\/div><\/span><\/span><span class=\"mr_social_sharing_top\"><fb:share-button type=\"box_count\" href=\"http:\/\/www.blogdopilako.com.br\/wp\/2018\/04\/16\/tavares-de-miranda-um-vitoriense-na-historia-da-familia-fasano\/\"><\/fb:share-button><\/span><span class=\"mr_social_sharing\"><a rel=\"nofollow\" class=\"linksalpha_button linksalpha_link\" href=\"\/\/www.linksalpha.com\/social\/mobile\" data-url=\"http:\/\/www.blogdopilako.com.br\/wp\/2018\/04\/16\/tavares-de-miranda-um-vitoriense-na-historia-da-familia-fasano\/\" data-text=\"Tavares de Miranda: um vitoriense na hist\u00f3ria da \u201cFam\u00edlia Fasano\u201d\u2026.\" data-desc=\"Sin\u00f4nimo de requinte e coisa boa, \u00a0invariavelmente, atrav\u00e9s dos programas televisivos e dos in\u00fameros t\u00edtulos de revistas nacionais, receb\u00edamos informa\u00e7\u00f5es sobre os neg\u00f3cios da fam\u00edlia \u201cFasano\u201d. Empreendedores no ramo de restaurante, desde sempre na capital paulista, os \u201cFasanos\u201d\" data-image=\"http:\/\/www.blogdopilako.com.br\/wp\/wp-content\/uploads\/2018\/04\/download-32.jpg\" data-button=\"none\">\n\t\t\t\t\t<img src=\"\/\/www.linksalpha.com\/images\/social_share_button.png\" alt=\"Share\" class=\"linksalpha_image\" \/>\n\t\t\t\t\t<\/a><script type=\"text\/javascript\" src=\"\/\/www.linksalpha.com\/scripts\/loader_iconbox.js?v=2.4\"><\/script><\/span><\/div><p><img loading=\"lazy\" class=\"size-full wp-image-112296 alignleft\" src=\"http:\/\/www.blogdopilako.com.br\/wp\/wp-content\/uploads\/2018\/04\/download-32.jpg\" alt=\"\" width=\"184\" height=\"273\" \/><\/p>\n<p style=\"text-align: justify;\">Sin\u00f4nimo de requinte e coisa boa, \u00a0invariavelmente, atrav\u00e9s dos programas televisivos e dos in\u00fameros t\u00edtulos de revistas nacionais, receb\u00edamos informa\u00e7\u00f5es sobre os neg\u00f3cios da fam\u00edlia \u201cFasano\u201d. Empreendedores no ramo de restaurante, desde sempre na capital paulista, os \u201cFasanos\u201d j\u00e1 est\u00e3o na quarta gera\u00e7\u00e3o.<\/p>\n<p style=\"text-align: justify;\">Bom! Recentemente acabei comprando v\u00e1rios livros em uma promo\u00e7\u00e3o nas Lojas Americana. Dentre os quais um com o seguinte t\u00edtulo: Fabrizio Fasano \u2013 colecionador de sonhos. A narrativa conta a hist\u00f3ria dos muitos altos e baixos dos neg\u00f3cios da fam\u00edlia.<\/p>\n<p><img loading=\"lazy\" class=\"size-full wp-image-112295 alignright\" src=\"http:\/\/www.blogdopilako.com.br\/wp\/wp-content\/uploads\/2018\/04\/download-31.jpg\" alt=\"\" width=\"225\" height=\"225\" srcset=\"http:\/\/www.blogdopilako.com.br\/wp\/wp-content\/uploads\/2018\/04\/download-31.jpg 225w, http:\/\/www.blogdopilako.com.br\/wp\/wp-content\/uploads\/2018\/04\/download-31-150x150.jpg 150w\" sizes=\"(max-width: 225px) 100vw, 225px\" \/><\/p>\n<p style=\"text-align: justify;\">No livro,\u00a0 em v\u00e1rias ocasi\u00f5es e oportunidades,\u00a0 o nome do vitoriense Jos\u00e9 Tavares de Miranda, conhecido profissionalmente como \u201cTavares de Miranda\u201d \u2013 jornalista, escritor e cronista social em S\u00e3o Paulo \u2013 \u00e9 citado com destaque,\u00a0 pelo seu raio de influ\u00eancia no cen\u00e1rio nacional. Eis a\u00ed, portanto, mais um santonense que deixou sua terra natal \u2013 Vit\u00f3ria de Santo Ant\u00e3o \u2013 para ser uma refer\u00eancia para o Brasil.<\/p>\n\n\t\t\t\t<div class=\"mr_social_sharing_wrapper\">\n\t\t\t\t<!-- Social Sharing Toolkit v2.2 --><span class=\"mr_social_sharing_top\"><span style=\"display: inline-block; width: 55px; height: 62px; overflow: hidden;\"><div class=\"fb-like\" data-href=\"http:\/\/www.blogdopilako.com.br\/wp\/2018\/04\/16\/tavares-de-miranda-um-vitoriense-na-historia-da-familia-fasano\/\" data-send=\"false\" data-layout=\"box_count\" data-width=\"55\" data-show-faces=\"false\"><\/div><\/span><\/span><span class=\"mr_social_sharing_top\"><fb:share-button type=\"box_count\" href=\"http:\/\/www.blogdopilako.com.br\/wp\/2018\/04\/16\/tavares-de-miranda-um-vitoriense-na-historia-da-familia-fasano\/\"><\/fb:share-button><\/span><span class=\"mr_social_sharing\"><a rel=\"nofollow\" class=\"linksalpha_button linksalpha_link\" href=\"\/\/www.linksalpha.com\/social\/mobile\" data-url=\"http:\/\/www.blogdopilako.com.br\/wp\/2018\/04\/16\/tavares-de-miranda-um-vitoriense-na-historia-da-familia-fasano\/\" data-text=\"Tavares de Miranda: um vitoriense na hist\u00f3ria da \u201cFam\u00edlia Fasano\u201d\u2026.\" data-desc=\"Sin\u00f4nimo de requinte e coisa boa, \u00a0invariavelmente, atrav\u00e9s dos programas televisivos e dos in\u00fameros t\u00edtulos de revistas nacionais, receb\u00edamos informa\u00e7\u00f5es sobre os neg\u00f3cios da fam\u00edlia \u201cFasano\u201d. Empreendedores no ramo de restaurante, desde sempre na capital paulista, os \u201cFasanos\u201d\" data-image=\"http:\/\/www.blogdopilako.com.br\/wp\/wp-content\/uploads\/2018\/04\/download-32.jpg\" data-button=\"none\">\n\t\t\t\t\t<img src=\"\/\/www.linksalpha.com\/images\/social_share_button.png\" alt=\"Share\" class=\"linksalpha_image\" \/>\n\t\t\t\t\t<\/a><script type=\"text\/javascript\" src=\"\/\/www.linksalpha.com\/scripts\/loader_iconbox.js?v=2.4\"><\/script><\/span><\/div>","protected":false},"excerpt":{"rendered":"\n\t\t\t\t<div class=\"mr_social_sharing_wrapper\">\n\t\t\t\t<!-- Social Sharing Toolkit v2.2 --><span class=\"mr_social_sharing_top\"><span style=\"display: inline-block; width: 55px; height: 62px; overflow: hidden;\"><div class=\"fb-like\" data-href=\"http:\/\/www.blogdopilako.com.br\/wp\/2018\/04\/16\/tavares-de-miranda-um-vitoriense-na-historia-da-familia-fasano\/\" data-send=\"false\" data-layout=\"box_count\" data-width=\"55\" data-show-faces=\"false\"><\/div><\/span><\/span><span class=\"mr_social_sharing_top\"><fb:share-button type=\"box_count\" href=\"http:\/\/www.blogdopilako.com.br\/wp\/2018\/04\/16\/tavares-de-miranda-um-vitoriense-na-historia-da-familia-fasano\/\"><\/fb:share-button><\/span><span class=\"mr_social_sharing\"><a rel=\"nofollow\" class=\"linksalpha_button linksalpha_link\" href=\"\/\/www.linksalpha.com\/social\/mobile\" data-url=\"http:\/\/www.blogdopilako.com.br\/wp\/2018\/04\/16\/tavares-de-miranda-um-vitoriense-na-historia-da-familia-fasano\/\" data-text=\"Tavares de Miranda: um vitoriense na hist\u00f3ria da \u201cFam\u00edlia Fasano\u201d\u2026.\" data-desc=\"Sin\u00f4nimo de requinte e coisa boa, \u00a0invariavelmente, atrav\u00e9s dos programas televisivos e dos in\u00fameros t\u00edtulos de revistas nacionais, receb\u00edamos informa\u00e7\u00f5es sobre os neg\u00f3cios da fam\u00edlia \u201cFasano\u201d. Empreendedores no ramo de restaurante, desde sempre na capital paulista, os \u201cFasanos\u201d\" data-image=\"\" data-button=\"none\">\n\t\t\t\t\t<img src=\"\/\/www.linksalpha.com\/images\/social_share_button.png\" alt=\"Share\" class=\"linksalpha_image\" \/>\n\t\t\t\t\t<\/a><script type=\"text\/javascript\" src=\"\/\/www.linksalpha.com\/scripts\/loader_iconbox.js?v=2.4\"><\/script><\/span><\/div><p>Sin\u00f4nimo de requinte e coisa boa, \u00a0invariavelmente, atrav\u00e9s dos programas televisivos e dos in\u00fameros t\u00edtulos de revistas nacionais, receb\u00edamos informa\u00e7\u00f5es sobre os neg\u00f3cios da fam\u00edlia \u201cFasano\u201d. Empreendedores no ramo de restaurante, desde sempre na capital paulista, os \u201cFasanos\u201d j\u00e1 est\u00e3o &hellip; <a href=\"http:\/\/www.blogdopilako.com.br\/wp\/2018\/04\/16\/tavares-de-miranda-um-vitoriense-na-historia-da-familia-fasano\/\">Continue lendo <span class=\"meta-nav\">&rarr;<\/span><\/a><\/p>\n\n\t\t\t\t<div class=\"mr_social_sharing_wrapper\">\n\t\t\t\t<!-- Social Sharing Toolkit v2.2 --><span class=\"mr_social_sharing_top\"><span style=\"display: inline-block; width: 55px; height: 62px; overflow: hidden;\"><div class=\"fb-like\" data-href=\"http:\/\/www.blogdopilako.com.br\/wp\/2018\/04\/16\/tavares-de-miranda-um-vitoriense-na-historia-da-familia-fasano\/\" data-send=\"false\" data-layout=\"box_count\" data-width=\"55\" data-show-faces=\"false\"><\/div><\/span><\/span><span class=\"mr_social_sharing_top\"><fb:share-button type=\"box_count\" href=\"http:\/\/www.blogdopilako.com.br\/wp\/2018\/04\/16\/tavares-de-miranda-um-vitoriense-na-historia-da-familia-fasano\/\"><\/fb:share-button><\/span><span class=\"mr_social_sharing\"><a rel=\"nofollow\" class=\"linksalpha_button linksalpha_link\" href=\"\/\/www.linksalpha.com\/social\/mobile\" data-url=\"http:\/\/www.blogdopilako.com.br\/wp\/2018\/04\/16\/tavares-de-miranda-um-vitoriense-na-historia-da-familia-fasano\/\" data-text=\"Tavares de Miranda: um vitoriense na hist\u00f3ria da \u201cFam\u00edlia Fasano\u201d\u2026.\" data-desc=\"Sin\u00f4nimo de requinte e coisa boa, \u00a0invariavelmente, atrav\u00e9s dos programas televisivos e dos in\u00fameros t\u00edtulos de revistas nacionais, receb\u00edamos informa\u00e7\u00f5es sobre os neg\u00f3cios da fam\u00edlia \u201cFasano\u201d. Empreendedores no ramo de restaurante, desde sempre na capital paulista, os \u201cFasanos\u201d\" data-image=\"\" data-button=\"none\">\n\t\t\t\t\t<img src=\"\/\/www.linksalpha.com\/images\/social_share_button.png\" alt=\"Share\" class=\"linksalpha_image\" \/>\n\t\t\t\t\t<\/a><script type=\"text\/javascript\" src=\"\/\/www.linksalpha.com\/scripts\/loader_iconbox.js?v=2.4\"><\/script><\/span><\/div>","protected":false},"author":2,"featured_media":0,"comment_status":"open","ping_status":"open","sticky":false,"template":"","format":"standard","meta":[],"categories":[21,1],"tags":[],"_links":{"self":[{"href":"http:\/\/www.blogdopilako.com.br\/wp\/wp-json\/wp\/v2\/posts\/112294"}],"collection":[{"href":"http:\/\/www.blogdopilako.com.br\/wp\/wp-json\/wp\/v2\/posts"}],"about":[{"href":"http:\/\/www.blogdopilako.com.br\/wp\/wp-json\/wp\/v2\/types\/post"}],"author":[{"embeddable":true,"href":"http:\/\/www.blogdopilako.com.br\/wp\/wp-json\/wp\/v2\/users\/2"}],"replies":[{"embeddable":true,"href":"http:\/\/www.blogdopilako.com.br\/wp\/wp-json\/wp\/v2\/comments?post=112294"}],"version-history":[{"count":4,"href":"http:\/\/www.blogdopilako.com.br\/wp\/wp-json\/wp\/v2\/posts\/112294\/revisions"}],"predecessor-version":[{"id":112333,"href":"http:\/\/www.blogdopilako.com.br\/wp\/wp-json\/wp\/v2\/posts\/112294\/revisions\/112333"}],"wp:attachment":[{"href":"http:\/\/www.blogdopilako.com.br\/wp\/wp-json\/wp\/v2\/media?parent=112294"}],"wp:term":[{"taxonomy":"category","embeddable":true,"href":"http:\/\/www.blogdopilako.com.br\/wp\/wp-json\/wp\/v2\/categories?post=112294"},{"taxonomy":"post_tag","embeddable":true,"href":"http:\/\/www.blogdopilako.com.br\/wp\/wp-json\/wp\/v2\/tags?post=112294"}],"curies":[{"name":"wp","href":"https:\/\/api.w.org\/{rel}","templated":true}]}}