{"id":111515,"date":"2018-03-16T15:23:19","date_gmt":"2018-03-16T18:23:19","guid":{"rendered":"http:\/\/www.blogdopilako.com.br\/wp\/?p=111515"},"modified":"2018-03-16T15:23:19","modified_gmt":"2018-03-16T18:23:19","slug":"cineclube-avalovara-eles-nao-usam-black-tae","status":"publish","type":"post","link":"http:\/\/www.blogdopilako.com.br\/wp\/2018\/03\/16\/cineclube-avalovara-eles-nao-usam-black-tae\/","title":{"rendered":"Cineclube Avalovara: Eles N\u00e3o Usam Black-tae"},"content":{"rendered":"\n\t\t\t\t<div class=\"mr_social_sharing_wrapper\">\n\t\t\t\t<!-- Social Sharing Toolkit v2.2 --><span class=\"mr_social_sharing_top\"><span style=\"display: inline-block; width: 55px; height: 62px; overflow: hidden;\"><div class=\"fb-like\" data-href=\"http:\/\/www.blogdopilako.com.br\/wp\/2018\/03\/16\/cineclube-avalovara-eles-nao-usam-black-tae\/\" data-send=\"false\" data-layout=\"box_count\" data-width=\"55\" data-show-faces=\"false\"><\/div><\/span><\/span><span class=\"mr_social_sharing_top\"><fb:share-button type=\"box_count\" href=\"http:\/\/www.blogdopilako.com.br\/wp\/2018\/03\/16\/cineclube-avalovara-eles-nao-usam-black-tae\/\"><\/fb:share-button><\/span><span class=\"mr_social_sharing\"><a rel=\"nofollow\" class=\"linksalpha_button linksalpha_link\" href=\"\/\/www.linksalpha.com\/social\/mobile\" data-url=\"http:\/\/www.blogdopilako.com.br\/wp\/2018\/03\/16\/cineclube-avalovara-eles-nao-usam-black-tae\/\" data-text=\"Cineclube Avalovara: Eles N\u00e3o Usam Black-tae\" data-desc=\"Pessoas queridas, convidamos a todas e todos para nossa pr\u00f3xima sess\u00e3o. Contamos com a presen\u00e7a e divulga\u00e7\u00e3o de voc\u00eas.\u00a0\u00a0 Seguindo com nossa proposta de pensar o mundo e as pol\u00edticas sociais atrav\u00e9s do cinema, no pr\u00f3ximo dia 25 de mar\u00e7o vamos exibir e discutir o filme \u201cEles n\u00e3o Usam\" data-image=\"http:\/\/www.blogdopilako.com.br\/wp\/wp-content\/uploads\/2018\/03\/sessao_02-copiar.png\" data-button=\"none\">\n\t\t\t\t\t<img src=\"\/\/www.linksalpha.com\/images\/social_share_button.png\" alt=\"Share\" class=\"linksalpha_image\" \/>\n\t\t\t\t\t<\/a><script type=\"text\/javascript\" src=\"\/\/www.linksalpha.com\/scripts\/loader_iconbox.js?v=2.4\"><\/script><\/span><\/div><p><img loading=\"lazy\" class=\"size-full wp-image-111516 aligncenter\" src=\"http:\/\/www.blogdopilako.com.br\/wp\/wp-content\/uploads\/2018\/03\/sessao_02-copiar.png\" alt=\"\" width=\"600\" height=\"600\" srcset=\"http:\/\/www.blogdopilako.com.br\/wp\/wp-content\/uploads\/2018\/03\/sessao_02-copiar.png 600w, http:\/\/www.blogdopilako.com.br\/wp\/wp-content\/uploads\/2018\/03\/sessao_02-copiar-150x150.png 150w, http:\/\/www.blogdopilako.com.br\/wp\/wp-content\/uploads\/2018\/03\/sessao_02-copiar-300x300.png 300w\" sizes=\"(max-width: 600px) 100vw, 600px\" \/><\/p>\n<p style=\"text-align: justify;\"><span style=\"font-family: arial, helvetica, sans-serif;\">Pessoas queridas, convidamos a todas e todos para nossa pr\u00f3xima sess\u00e3o. Contamos com a presen\u00e7a e divulga\u00e7\u00e3o de voc\u00eas.\u00a0\u00a0<\/span><\/p>\n<div style=\"text-align: justify;\">\n<p><span style=\"font-family: arial, helvetica, sans-serif;\">Seguindo com nossa proposta de pensar o mundo e as pol\u00edticas sociais atrav\u00e9s do cinema, no pr\u00f3ximo dia 25 de mar\u00e7o vamos exibir e discutir o filme \u201cEles n\u00e3o Usam Black-tie\u201d (Leon Hirszman, 1981), uma joia do cinema nacional que chegou a receber o Pr\u00eamio Especial do J\u00fari do Festival de Cannes. O longa-metragem \u2014 baseado em pe\u00e7a hom\u00f4nima de Gianfrancesco Guarnieri, que tamb\u00e9m atua no filme (Ot\u00e1vio) \u2014 explora os conflitos e anseios da classe trabalhadora nos anos finais da dita<span class=\"m_8792947223780669305x_gmail-text_exposed_show\">dura militar no Brasil.<\/span><\/span><\/p>\n<div class=\"m_8792947223780669305x_gmail-text_exposed_show\">\n<p>\u201cEles n\u00e3o Usam Black-tie\u201d prop\u00f5e uma reflex\u00e3o \u2014 importante e atual\u00edssima \u2014 sobre as esperan\u00e7as (e desesperan\u00e7as), a import\u00e2ncia das a\u00e7\u00f5es coletivas e os medos que circundam a luta pela sobreviv\u00eancia num pa\u00eds como o nosso.<\/p>\n<p>Vamos de novo unir nossas for\u00e7as? Todas as pessoas est\u00e3o convidadas. Divulguem!<\/p>\n<p>O Cineclube Avalovara \u00e9 um projeto aprovado no 10\u00ba Edital do Programa de Desenvolvimento da Produ\u00e7\u00e3o Audiovisual de Pernambuco (Funcultura 2016 \u2013 2017), e tem apoio do<a id=\"m_8792947223780669305LPlnk885813\" class=\"m_8792947223780669305x_gmail-profileLink\" href=\"https:\/\/www.facebook.com\/MuseuIHGVSA\/?fref=mentions\" target=\"_blank\" rel=\"noopener\" data-saferedirecturl=\"https:\/\/www.google.com\/url?hl=pt-BR&amp;q=https:\/\/www.facebook.com\/MuseuIHGVSA\/?fref%3Dmentions&amp;source=gmail&amp;ust=1521310726087000&amp;usg=AFQjCNGM7jZh7em4CZa8n0nbtwUsbxb8TQ\">\u00a0Instituto Hist\u00f3rico e Geogr\u00e1fico de Vit\u00f3ria de Santo Ant\u00e3o<\/a>\u00a0(IHGVSA) e da\u00a0<a id=\"m_8792947223780669305LPlnk607079\" class=\"m_8792947223780669305x_gmail-profileLink\" href=\"https:\/\/www.facebook.com\/federacao.decineclubes\/?fref=mentions\" target=\"_blank\" rel=\"noopener\" data-saferedirecturl=\"https:\/\/www.google.com\/url?hl=pt-BR&amp;q=https:\/\/www.facebook.com\/federacao.decineclubes\/?fref%3Dmentions&amp;source=gmail&amp;ust=1521310726087000&amp;usg=AFQjCNE3_Xv2ZzeneYVt_jEHJmUXwLLHLQ\">Federa\u00e7\u00e3o Pernambucana de Cineclubes<\/a>\u00a0(Fepec).<\/p>\n<p><b>SINOPSE<\/b><br \/>\n<i>Ti\u00e3o, jovem oper\u00e1rio, namora Maria, colega de f\u00e1brica. Quando toma conhecimento de que ela est\u00e1 gr\u00e1vida, resolve marcar o casamento. Mas as dificuldades financeiras do casal s\u00e3o imensas. Nisso eclode uma greve. Ot\u00e1vio, o pai de Ti\u00e3o, veterano l\u00edder sindical, que passou alguns anos na cadeia devido \u00e0 milit\u00e2ncia pol\u00edtica reprimida pela ditadura militar, adere \u00e0 greve mesmo contrariado com a decis\u00e3o da categoria, que lhe parece precipitada. Participando dos piquetes em frente \u00e0 f\u00e1brica entra em choque com a pol\u00edcia, \u00e9 espancado e preso. O filho, indiferente ao drama do pai e dos colegas, fura a greve. Individualista, credita \u00e0 milit\u00e2ncia do pai a mis\u00e9ria em que sempre viveram. O conflito explode no interior da fam\u00edlia.<\/i><\/p>\n<p><b>SERVI\u00c7O<\/b><br \/>\nCineclube Avalovara exibe ELES N\u00c3O USAM BLACK-TIE<br \/>\nClassifica\u00e7\u00e3o indicativa: 14 anos<br \/>\nData e hora: 25\/03\/2018 (dom), \u00e0s 17h<br \/>\nLocal: Silogeu do IHGVSA<br \/>\nEntrada Franca<\/p>\n<\/div>\n<p><span style=\"font-family: arial, helvetica, sans-serif;\">Link para evento no Facebook:\u00a0<a href=\"https:\/\/www.facebook.com\/events\/184304622349301\/\" target=\"_blank\" rel=\"noopener\" data-saferedirecturl=\"https:\/\/www.google.com\/url?hl=pt-BR&amp;q=https:\/\/www.facebook.com\/events\/184304622349301\/&amp;source=gmail&amp;ust=1521310726087000&amp;usg=AFQjCNGXnsZd8YahznYRMLCb5IC9Jhbolw\">https:\/\/www.facebook.com\/<wbr \/>events\/184304622349301\/<\/a><\/span><\/div>\n\n\t\t\t\t<div class=\"mr_social_sharing_wrapper\">\n\t\t\t\t<!-- Social Sharing Toolkit v2.2 --><span class=\"mr_social_sharing_top\"><span style=\"display: inline-block; width: 55px; height: 62px; overflow: hidden;\"><div class=\"fb-like\" data-href=\"http:\/\/www.blogdopilako.com.br\/wp\/2018\/03\/16\/cineclube-avalovara-eles-nao-usam-black-tae\/\" data-send=\"false\" data-layout=\"box_count\" data-width=\"55\" data-show-faces=\"false\"><\/div><\/span><\/span><span class=\"mr_social_sharing_top\"><fb:share-button type=\"box_count\" href=\"http:\/\/www.blogdopilako.com.br\/wp\/2018\/03\/16\/cineclube-avalovara-eles-nao-usam-black-tae\/\"><\/fb:share-button><\/span><span class=\"mr_social_sharing\"><a rel=\"nofollow\" class=\"linksalpha_button linksalpha_link\" href=\"\/\/www.linksalpha.com\/social\/mobile\" data-url=\"http:\/\/www.blogdopilako.com.br\/wp\/2018\/03\/16\/cineclube-avalovara-eles-nao-usam-black-tae\/\" data-text=\"Cineclube Avalovara: Eles N\u00e3o Usam Black-tae\" data-desc=\"Pessoas queridas, convidamos a todas e todos para nossa pr\u00f3xima sess\u00e3o. Contamos com a presen\u00e7a e divulga\u00e7\u00e3o de voc\u00eas.\u00a0\u00a0 Seguindo com nossa proposta de pensar o mundo e as pol\u00edticas sociais atrav\u00e9s do cinema, no pr\u00f3ximo dia 25 de mar\u00e7o vamos exibir e discutir o filme \u201cEles n\u00e3o Usam\" data-image=\"http:\/\/www.blogdopilako.com.br\/wp\/wp-content\/uploads\/2018\/03\/sessao_02-copiar.png\" data-button=\"none\">\n\t\t\t\t\t<img src=\"\/\/www.linksalpha.com\/images\/social_share_button.png\" alt=\"Share\" class=\"linksalpha_image\" \/>\n\t\t\t\t\t<\/a><script type=\"text\/javascript\" src=\"\/\/www.linksalpha.com\/scripts\/loader_iconbox.js?v=2.4\"><\/script><\/span><\/div>","protected":false},"excerpt":{"rendered":"\n\t\t\t\t<div class=\"mr_social_sharing_wrapper\">\n\t\t\t\t<!-- Social Sharing Toolkit v2.2 --><span class=\"mr_social_sharing_top\"><span style=\"display: inline-block; width: 55px; height: 62px; overflow: hidden;\"><div class=\"fb-like\" data-href=\"http:\/\/www.blogdopilako.com.br\/wp\/2018\/03\/16\/cineclube-avalovara-eles-nao-usam-black-tae\/\" data-send=\"false\" data-layout=\"box_count\" data-width=\"55\" data-show-faces=\"false\"><\/div><\/span><\/span><span class=\"mr_social_sharing_top\"><fb:share-button type=\"box_count\" href=\"http:\/\/www.blogdopilako.com.br\/wp\/2018\/03\/16\/cineclube-avalovara-eles-nao-usam-black-tae\/\"><\/fb:share-button><\/span><span class=\"mr_social_sharing\"><a rel=\"nofollow\" class=\"linksalpha_button linksalpha_link\" href=\"\/\/www.linksalpha.com\/social\/mobile\" data-url=\"http:\/\/www.blogdopilako.com.br\/wp\/2018\/03\/16\/cineclube-avalovara-eles-nao-usam-black-tae\/\" data-text=\"Cineclube Avalovara: Eles N\u00e3o Usam Black-tae\" data-desc=\"Pessoas queridas, convidamos a todas e todos para nossa pr\u00f3xima sess\u00e3o. Contamos com a presen\u00e7a e divulga\u00e7\u00e3o de voc\u00eas.\u00a0\u00a0 Seguindo com nossa proposta de pensar o mundo e as pol\u00edticas sociais atrav\u00e9s do cinema, no pr\u00f3ximo dia 25 de mar\u00e7o vamos exibir e discutir o filme \u201cEles n\u00e3o Usam\" data-image=\"\" data-button=\"none\">\n\t\t\t\t\t<img src=\"\/\/www.linksalpha.com\/images\/social_share_button.png\" alt=\"Share\" class=\"linksalpha_image\" \/>\n\t\t\t\t\t<\/a><script type=\"text\/javascript\" src=\"\/\/www.linksalpha.com\/scripts\/loader_iconbox.js?v=2.4\"><\/script><\/span><\/div><p>Pessoas queridas, convidamos a todas e todos para nossa pr\u00f3xima sess\u00e3o. Contamos com a presen\u00e7a e divulga\u00e7\u00e3o de voc\u00eas.\u00a0\u00a0 Seguindo com nossa proposta de pensar o mundo e as pol\u00edticas sociais atrav\u00e9s do cinema, no pr\u00f3ximo dia 25 de mar\u00e7o &hellip; <a href=\"http:\/\/www.blogdopilako.com.br\/wp\/2018\/03\/16\/cineclube-avalovara-eles-nao-usam-black-tae\/\">Continue lendo <span class=\"meta-nav\">&rarr;<\/span><\/a><\/p>\n\n\t\t\t\t<div class=\"mr_social_sharing_wrapper\">\n\t\t\t\t<!-- Social Sharing Toolkit v2.2 --><span class=\"mr_social_sharing_top\"><span style=\"display: inline-block; width: 55px; height: 62px; overflow: hidden;\"><div class=\"fb-like\" data-href=\"http:\/\/www.blogdopilako.com.br\/wp\/2018\/03\/16\/cineclube-avalovara-eles-nao-usam-black-tae\/\" data-send=\"false\" data-layout=\"box_count\" data-width=\"55\" data-show-faces=\"false\"><\/div><\/span><\/span><span class=\"mr_social_sharing_top\"><fb:share-button type=\"box_count\" href=\"http:\/\/www.blogdopilako.com.br\/wp\/2018\/03\/16\/cineclube-avalovara-eles-nao-usam-black-tae\/\"><\/fb:share-button><\/span><span class=\"mr_social_sharing\"><a rel=\"nofollow\" class=\"linksalpha_button linksalpha_link\" href=\"\/\/www.linksalpha.com\/social\/mobile\" data-url=\"http:\/\/www.blogdopilako.com.br\/wp\/2018\/03\/16\/cineclube-avalovara-eles-nao-usam-black-tae\/\" data-text=\"Cineclube Avalovara: Eles N\u00e3o Usam Black-tae\" data-desc=\"Pessoas queridas, convidamos a todas e todos para nossa pr\u00f3xima sess\u00e3o. Contamos com a presen\u00e7a e divulga\u00e7\u00e3o de voc\u00eas.\u00a0\u00a0 Seguindo com nossa proposta de pensar o mundo e as pol\u00edticas sociais atrav\u00e9s do cinema, no pr\u00f3ximo dia 25 de mar\u00e7o vamos exibir e discutir o filme \u201cEles n\u00e3o Usam\" data-image=\"\" data-button=\"none\">\n\t\t\t\t\t<img src=\"\/\/www.linksalpha.com\/images\/social_share_button.png\" alt=\"Share\" class=\"linksalpha_image\" \/>\n\t\t\t\t\t<\/a><script type=\"text\/javascript\" src=\"\/\/www.linksalpha.com\/scripts\/loader_iconbox.js?v=2.4\"><\/script><\/span><\/div>","protected":false},"author":1,"featured_media":0,"comment_status":"open","ping_status":"open","sticky":false,"template":"","format":"standard","meta":[],"categories":[22],"tags":[],"_links":{"self":[{"href":"http:\/\/www.blogdopilako.com.br\/wp\/wp-json\/wp\/v2\/posts\/111515"}],"collection":[{"href":"http:\/\/www.blogdopilako.com.br\/wp\/wp-json\/wp\/v2\/posts"}],"about":[{"href":"http:\/\/www.blogdopilako.com.br\/wp\/wp-json\/wp\/v2\/types\/post"}],"author":[{"embeddable":true,"href":"http:\/\/www.blogdopilako.com.br\/wp\/wp-json\/wp\/v2\/users\/1"}],"replies":[{"embeddable":true,"href":"http:\/\/www.blogdopilako.com.br\/wp\/wp-json\/wp\/v2\/comments?post=111515"}],"version-history":[{"count":1,"href":"http:\/\/www.blogdopilako.com.br\/wp\/wp-json\/wp\/v2\/posts\/111515\/revisions"}],"predecessor-version":[{"id":111517,"href":"http:\/\/www.blogdopilako.com.br\/wp\/wp-json\/wp\/v2\/posts\/111515\/revisions\/111517"}],"wp:attachment":[{"href":"http:\/\/www.blogdopilako.com.br\/wp\/wp-json\/wp\/v2\/media?parent=111515"}],"wp:term":[{"taxonomy":"category","embeddable":true,"href":"http:\/\/www.blogdopilako.com.br\/wp\/wp-json\/wp\/v2\/categories?post=111515"},{"taxonomy":"post_tag","embeddable":true,"href":"http:\/\/www.blogdopilako.com.br\/wp\/wp-json\/wp\/v2\/tags?post=111515"}],"curies":[{"name":"wp","href":"https:\/\/api.w.org\/{rel}","templated":true}]}}