{"id":111181,"date":"2018-03-07T14:34:17","date_gmt":"2018-03-07T17:34:17","guid":{"rendered":"http:\/\/www.blogdopilako.com.br\/wp\/?p=111181"},"modified":"2018-03-07T14:34:17","modified_gmt":"2018-03-07T17:34:17","slug":"nosso-instituto-historico-participou-das-comemoracoes-oficiais-do-bicentenario-da-revolucao-pernambucana","status":"publish","type":"post","link":"http:\/\/www.blogdopilako.com.br\/wp\/2018\/03\/07\/nosso-instituto-historico-participou-das-comemoracoes-oficiais-do-bicentenario-da-revolucao-pernambucana\/","title":{"rendered":"Nosso Instituto Hist\u00f3rico participou das comemora\u00e7\u00f5es oficiais do Bicenten\u00e1rio da Revolu\u00e7\u00e3o Pernambucana."},"content":{"rendered":"\n\t\t\t\t<div class=\"mr_social_sharing_wrapper\">\n\t\t\t\t<!-- Social Sharing Toolkit v2.2 --><span class=\"mr_social_sharing_top\"><span style=\"display: inline-block; width: 55px; height: 62px; overflow: hidden;\"><div class=\"fb-like\" data-href=\"http:\/\/www.blogdopilako.com.br\/wp\/2018\/03\/07\/nosso-instituto-historico-participou-das-comemoracoes-oficiais-do-bicentenario-da-revolucao-pernambucana\/\" data-send=\"false\" data-layout=\"box_count\" data-width=\"55\" data-show-faces=\"false\"><\/div><\/span><\/span><span class=\"mr_social_sharing_top\"><fb:share-button type=\"box_count\" href=\"http:\/\/www.blogdopilako.com.br\/wp\/2018\/03\/07\/nosso-instituto-historico-participou-das-comemoracoes-oficiais-do-bicentenario-da-revolucao-pernambucana\/\"><\/fb:share-button><\/span><span class=\"mr_social_sharing\"><a rel=\"nofollow\" class=\"linksalpha_button linksalpha_link\" href=\"\/\/www.linksalpha.com\/social\/mobile\" data-url=\"http:\/\/www.blogdopilako.com.br\/wp\/2018\/03\/07\/nosso-instituto-historico-participou-das-comemoracoes-oficiais-do-bicentenario-da-revolucao-pernambucana\/\" data-text=\"Nosso Instituto Hist\u00f3rico participou das comemora\u00e7\u00f5es oficiais do Bicenten\u00e1rio da Revolu\u00e7\u00e3o Pernambucana.\" data-desc=\"Com palestras, homenagens, exposi\u00e7\u00f5es e troca de experi\u00eancias entre os Institutos hist\u00f3ricos do Nordeste, \u00a0conclui-se o ciclo de comemora\u00e7\u00f5es atinentes ao Bicenten\u00e1rio da Revolu\u00e7\u00e3o Pernambucana. O Governo do Estado e a Comiss\u00e3o Organizadora do evento \u2013 na sede do IAHGP e no Pal\u00e1cio do\" data-image=\"http:\/\/www.blogdopilako.com.br\/wp\/wp-content\/uploads\/2018\/03\/WhatsApp-Image-2018-03-06-at-14.46.47-copiar.jpg\" data-button=\"none\">\n\t\t\t\t\t<img src=\"\/\/www.linksalpha.com\/images\/social_share_button.png\" alt=\"Share\" class=\"linksalpha_image\" \/>\n\t\t\t\t\t<\/a><script type=\"text\/javascript\" src=\"\/\/www.linksalpha.com\/scripts\/loader_iconbox.js?v=2.4\"><\/script><\/span><\/div><p style=\"text-align: justify;\"><img loading=\"lazy\" class=\"wp-image-111215 aligncenter\" src=\"http:\/\/www.blogdopilako.com.br\/wp\/wp-content\/uploads\/2018\/03\/WhatsApp-Image-2018-03-06-at-14.46.47-copiar.jpg\" alt=\"\" width=\"517\" height=\"738\" \/><\/p>\n<p style=\"text-align: justify;\">Com palestras, homenagens, exposi\u00e7\u00f5es e troca de experi\u00eancias entre os Institutos hist\u00f3ricos do Nordeste, \u00a0conclui-se o ciclo de comemora\u00e7\u00f5es atinentes ao <strong>Bicenten\u00e1rio da Revolu\u00e7\u00e3o Pernambucana<\/strong>. O Governo do Estado e a Comiss\u00e3o Organizadora do evento \u2013 na sede do IAHGP e no Pal\u00e1cio do Campo das Princesas \u2013 conduziram o evento.<\/p>\n<p style=\"text-align: justify;\">Na qualidade de representante legal do nosso Instituto Hist\u00f3rico e Geogr\u00e1fico, o <strong>professor Pedro Ferrer<\/strong> participou ativamente. Inclusive foi o palestrante de um dos pain\u00e9is. Eis, portanto, um motivo de regozijo para todos antonenses.<\/p>\n\n\t\t\t\t<div class=\"mr_social_sharing_wrapper\">\n\t\t\t\t<!-- Social Sharing Toolkit v2.2 --><span class=\"mr_social_sharing_top\"><span style=\"display: inline-block; width: 55px; height: 62px; overflow: hidden;\"><div class=\"fb-like\" data-href=\"http:\/\/www.blogdopilako.com.br\/wp\/2018\/03\/07\/nosso-instituto-historico-participou-das-comemoracoes-oficiais-do-bicentenario-da-revolucao-pernambucana\/\" data-send=\"false\" data-layout=\"box_count\" data-width=\"55\" data-show-faces=\"false\"><\/div><\/span><\/span><span class=\"mr_social_sharing_top\"><fb:share-button type=\"box_count\" href=\"http:\/\/www.blogdopilako.com.br\/wp\/2018\/03\/07\/nosso-instituto-historico-participou-das-comemoracoes-oficiais-do-bicentenario-da-revolucao-pernambucana\/\"><\/fb:share-button><\/span><span class=\"mr_social_sharing\"><a rel=\"nofollow\" class=\"linksalpha_button linksalpha_link\" href=\"\/\/www.linksalpha.com\/social\/mobile\" data-url=\"http:\/\/www.blogdopilako.com.br\/wp\/2018\/03\/07\/nosso-instituto-historico-participou-das-comemoracoes-oficiais-do-bicentenario-da-revolucao-pernambucana\/\" data-text=\"Nosso Instituto Hist\u00f3rico participou das comemora\u00e7\u00f5es oficiais do Bicenten\u00e1rio da Revolu\u00e7\u00e3o Pernambucana.\" data-desc=\"Com palestras, homenagens, exposi\u00e7\u00f5es e troca de experi\u00eancias entre os Institutos hist\u00f3ricos do Nordeste, \u00a0conclui-se o ciclo de comemora\u00e7\u00f5es atinentes ao Bicenten\u00e1rio da Revolu\u00e7\u00e3o Pernambucana. O Governo do Estado e a Comiss\u00e3o Organizadora do evento \u2013 na sede do IAHGP e no Pal\u00e1cio do\" data-image=\"http:\/\/www.blogdopilako.com.br\/wp\/wp-content\/uploads\/2018\/03\/WhatsApp-Image-2018-03-06-at-14.46.47-copiar.jpg\" data-button=\"none\">\n\t\t\t\t\t<img src=\"\/\/www.linksalpha.com\/images\/social_share_button.png\" alt=\"Share\" class=\"linksalpha_image\" \/>\n\t\t\t\t\t<\/a><script type=\"text\/javascript\" src=\"\/\/www.linksalpha.com\/scripts\/loader_iconbox.js?v=2.4\"><\/script><\/span><\/div>","protected":false},"excerpt":{"rendered":"\n\t\t\t\t<div class=\"mr_social_sharing_wrapper\">\n\t\t\t\t<!-- Social Sharing Toolkit v2.2 --><span class=\"mr_social_sharing_top\"><span style=\"display: inline-block; width: 55px; height: 62px; overflow: hidden;\"><div class=\"fb-like\" data-href=\"http:\/\/www.blogdopilako.com.br\/wp\/2018\/03\/07\/nosso-instituto-historico-participou-das-comemoracoes-oficiais-do-bicentenario-da-revolucao-pernambucana\/\" data-send=\"false\" data-layout=\"box_count\" data-width=\"55\" data-show-faces=\"false\"><\/div><\/span><\/span><span class=\"mr_social_sharing_top\"><fb:share-button type=\"box_count\" href=\"http:\/\/www.blogdopilako.com.br\/wp\/2018\/03\/07\/nosso-instituto-historico-participou-das-comemoracoes-oficiais-do-bicentenario-da-revolucao-pernambucana\/\"><\/fb:share-button><\/span><span class=\"mr_social_sharing\"><a rel=\"nofollow\" class=\"linksalpha_button linksalpha_link\" href=\"\/\/www.linksalpha.com\/social\/mobile\" data-url=\"http:\/\/www.blogdopilako.com.br\/wp\/2018\/03\/07\/nosso-instituto-historico-participou-das-comemoracoes-oficiais-do-bicentenario-da-revolucao-pernambucana\/\" data-text=\"Nosso Instituto Hist\u00f3rico participou das comemora\u00e7\u00f5es oficiais do Bicenten\u00e1rio da Revolu\u00e7\u00e3o Pernambucana.\" data-desc=\"Com palestras, homenagens, exposi\u00e7\u00f5es e troca de experi\u00eancias entre os Institutos hist\u00f3ricos do Nordeste, \u00a0conclui-se o ciclo de comemora\u00e7\u00f5es atinentes ao Bicenten\u00e1rio da Revolu\u00e7\u00e3o Pernambucana. O Governo do Estado e a Comiss\u00e3o Organizadora do evento \u2013 na sede do IAHGP e no Pal\u00e1cio do\" data-image=\"\" data-button=\"none\">\n\t\t\t\t\t<img src=\"\/\/www.linksalpha.com\/images\/social_share_button.png\" alt=\"Share\" class=\"linksalpha_image\" \/>\n\t\t\t\t\t<\/a><script type=\"text\/javascript\" src=\"\/\/www.linksalpha.com\/scripts\/loader_iconbox.js?v=2.4\"><\/script><\/span><\/div><p>Com palestras, homenagens, exposi\u00e7\u00f5es e troca de experi\u00eancias entre os Institutos hist\u00f3ricos do Nordeste, \u00a0conclui-se o ciclo de comemora\u00e7\u00f5es atinentes ao Bicenten\u00e1rio da Revolu\u00e7\u00e3o Pernambucana. O Governo do Estado e a Comiss\u00e3o Organizadora do evento \u2013 na sede do IAHGP &hellip; <a href=\"http:\/\/www.blogdopilako.com.br\/wp\/2018\/03\/07\/nosso-instituto-historico-participou-das-comemoracoes-oficiais-do-bicentenario-da-revolucao-pernambucana\/\">Continue lendo <span class=\"meta-nav\">&rarr;<\/span><\/a><\/p>\n\n\t\t\t\t<div class=\"mr_social_sharing_wrapper\">\n\t\t\t\t<!-- Social Sharing Toolkit v2.2 --><span class=\"mr_social_sharing_top\"><span style=\"display: inline-block; width: 55px; height: 62px; overflow: hidden;\"><div class=\"fb-like\" data-href=\"http:\/\/www.blogdopilako.com.br\/wp\/2018\/03\/07\/nosso-instituto-historico-participou-das-comemoracoes-oficiais-do-bicentenario-da-revolucao-pernambucana\/\" data-send=\"false\" data-layout=\"box_count\" data-width=\"55\" data-show-faces=\"false\"><\/div><\/span><\/span><span class=\"mr_social_sharing_top\"><fb:share-button type=\"box_count\" href=\"http:\/\/www.blogdopilako.com.br\/wp\/2018\/03\/07\/nosso-instituto-historico-participou-das-comemoracoes-oficiais-do-bicentenario-da-revolucao-pernambucana\/\"><\/fb:share-button><\/span><span class=\"mr_social_sharing\"><a rel=\"nofollow\" class=\"linksalpha_button linksalpha_link\" href=\"\/\/www.linksalpha.com\/social\/mobile\" data-url=\"http:\/\/www.blogdopilako.com.br\/wp\/2018\/03\/07\/nosso-instituto-historico-participou-das-comemoracoes-oficiais-do-bicentenario-da-revolucao-pernambucana\/\" data-text=\"Nosso Instituto Hist\u00f3rico participou das comemora\u00e7\u00f5es oficiais do Bicenten\u00e1rio da Revolu\u00e7\u00e3o Pernambucana.\" data-desc=\"Com palestras, homenagens, exposi\u00e7\u00f5es e troca de experi\u00eancias entre os Institutos hist\u00f3ricos do Nordeste, \u00a0conclui-se o ciclo de comemora\u00e7\u00f5es atinentes ao Bicenten\u00e1rio da Revolu\u00e7\u00e3o Pernambucana. O Governo do Estado e a Comiss\u00e3o Organizadora do evento \u2013 na sede do IAHGP e no Pal\u00e1cio do\" data-image=\"\" data-button=\"none\">\n\t\t\t\t\t<img src=\"\/\/www.linksalpha.com\/images\/social_share_button.png\" alt=\"Share\" class=\"linksalpha_image\" \/>\n\t\t\t\t\t<\/a><script type=\"text\/javascript\" src=\"\/\/www.linksalpha.com\/scripts\/loader_iconbox.js?v=2.4\"><\/script><\/span><\/div>","protected":false},"author":2,"featured_media":0,"comment_status":"open","ping_status":"open","sticky":false,"template":"","format":"standard","meta":[],"categories":[22],"tags":[],"_links":{"self":[{"href":"http:\/\/www.blogdopilako.com.br\/wp\/wp-json\/wp\/v2\/posts\/111181"}],"collection":[{"href":"http:\/\/www.blogdopilako.com.br\/wp\/wp-json\/wp\/v2\/posts"}],"about":[{"href":"http:\/\/www.blogdopilako.com.br\/wp\/wp-json\/wp\/v2\/types\/post"}],"author":[{"embeddable":true,"href":"http:\/\/www.blogdopilako.com.br\/wp\/wp-json\/wp\/v2\/users\/2"}],"replies":[{"embeddable":true,"href":"http:\/\/www.blogdopilako.com.br\/wp\/wp-json\/wp\/v2\/comments?post=111181"}],"version-history":[{"count":3,"href":"http:\/\/www.blogdopilako.com.br\/wp\/wp-json\/wp\/v2\/posts\/111181\/revisions"}],"predecessor-version":[{"id":111216,"href":"http:\/\/www.blogdopilako.com.br\/wp\/wp-json\/wp\/v2\/posts\/111181\/revisions\/111216"}],"wp:attachment":[{"href":"http:\/\/www.blogdopilako.com.br\/wp\/wp-json\/wp\/v2\/media?parent=111181"}],"wp:term":[{"taxonomy":"category","embeddable":true,"href":"http:\/\/www.blogdopilako.com.br\/wp\/wp-json\/wp\/v2\/categories?post=111181"},{"taxonomy":"post_tag","embeddable":true,"href":"http:\/\/www.blogdopilako.com.br\/wp\/wp-json\/wp\/v2\/tags?post=111181"}],"curies":[{"name":"wp","href":"https:\/\/api.w.org\/{rel}","templated":true}]}}