{"id":11061,"date":"2011-12-31T12:37:14","date_gmt":"2011-12-31T15:37:14","guid":{"rendered":"http:\/\/www.blogdopilako.com.br\/wp\/?p=11061"},"modified":"2011-12-31T12:37:14","modified_gmt":"2011-12-31T15:37:14","slug":"o-sentimento-de-renovacao","status":"publish","type":"post","link":"http:\/\/www.blogdopilako.com.br\/wp\/2011\/12\/31\/o-sentimento-de-renovacao\/","title":{"rendered":"O sentimento de renova\u00e7\u00e3o."},"content":{"rendered":"\n\t\t\t\t<div class=\"mr_social_sharing_wrapper\">\n\t\t\t\t<!-- Social Sharing Toolkit v2.2 --><span class=\"mr_social_sharing_top\"><span style=\"display: inline-block; width: 55px; height: 62px; overflow: hidden;\"><div class=\"fb-like\" data-href=\"http:\/\/www.blogdopilako.com.br\/wp\/2011\/12\/31\/o-sentimento-de-renovacao\/\" data-send=\"false\" data-layout=\"box_count\" data-width=\"55\" data-show-faces=\"false\"><\/div><\/span><\/span><span class=\"mr_social_sharing_top\"><fb:share-button type=\"box_count\" href=\"http:\/\/www.blogdopilako.com.br\/wp\/2011\/12\/31\/o-sentimento-de-renovacao\/\"><\/fb:share-button><\/span><span class=\"mr_social_sharing\"><a rel=\"nofollow\" class=\"linksalpha_button linksalpha_link\" href=\"\/\/www.linksalpha.com\/social\/mobile\" data-url=\"http:\/\/www.blogdopilako.com.br\/wp\/2011\/12\/31\/o-sentimento-de-renovacao\/\" data-text=\"O sentimento de renova\u00e7\u00e3o.\" data-desc=\"O que mais gosto nessa \u00e9poca do ano \u00e9 aquela sessa\u00e7\u00e3o de renova\u00e7\u00e3o. Um sentimento de que tudo ser\u00e1 melhor, menos doloroso, mais alegre,\u00a0menos complicado. Porqu\u00ea ser\u00e1 que temos essa impress\u00e3o sempre que observamos o final de um ciclo, esperan\u00e7osos com o in\u00edcio do novo? Para alguns, essa\" data-image=\"http:\/\/www.blogdopilako.com.br\/wp\/wp-content\/uploads\/bomdia.jpg\" data-button=\"none\">\n\t\t\t\t\t<img src=\"\/\/www.linksalpha.com\/images\/social_share_button.png\" alt=\"Share\" class=\"linksalpha_image\" \/>\n\t\t\t\t\t<\/a><script type=\"text\/javascript\" src=\"\/\/www.linksalpha.com\/scripts\/loader_iconbox.js?v=2.4\"><\/script><\/span><\/div><p style=\"text-align: justify;\"><a href=\"http:\/\/www.blogdopilako.com.br\/wp\/wp-content\/uploads\/bomdia.jpg\"><img loading=\"lazy\" class=\"aligncenter size-full wp-image-11065\" title=\"bomdia\" src=\"http:\/\/www.blogdopilako.com.br\/wp\/wp-content\/uploads\/bomdia.jpg\" alt=\"\" width=\"591\" height=\"443\" \/><\/a><\/p>\n<p style=\"text-align: justify;\">O que mais gosto nessa \u00e9poca do ano \u00e9 aquela sessa\u00e7\u00e3o de renova\u00e7\u00e3o. Um sentimento de que tudo ser\u00e1 melhor, menos doloroso, mais alegre,\u00a0menos complicado. Porqu\u00ea ser\u00e1 que temos essa impress\u00e3o sempre que observamos o final de um ciclo, esperan\u00e7osos com o in\u00edcio do novo?<\/p>\n<p style=\"text-align: justify;\">Para alguns, essa sensa\u00e7\u00e3o acontece apenas no in\u00edcio de um novo ano, outros quando come\u00e7am um novo relacionamento ou um novo emprego, h\u00e1 tamb\u00e9m os quem n\u00e3o sentem absolutamente nada. J\u00e1 os mais esperan\u00e7osos, sentem a cada dia, fazendo do amanhecer um novo ciclo de esperan\u00e7as renovadoras. Tudo fica mais f\u00e1cil, simples.<\/p>\n<p style=\"text-align: justify;\">O problema, no fim de cada ano, \u00e9 que n\u00e3o internalizamos essa maravilhosa sessa\u00e7\u00e3o de renova\u00e7\u00e3o e esperan\u00e7a. Bastam algumas semanas, para que tudo comece a mudar.\u00a0O que n\u00f3s falta \u00e9 fazer como aqueles, os mais esperan\u00e7osos, que renovam as for\u00e7as a cada manh\u00e3, fazendo do dia mais uma oportunidade que a vida nos d\u00e1, para fazer o melhor de n\u00f3s.<\/p>\n<p style=\"text-align: justify;\">Que o sentimento de renova\u00e7\u00e3o e esperan\u00e7a, em 2012, seja di\u00e1rio. Sempre.<\/p>\n<p style=\"text-align: justify;\"><strong>Arquiles Petrus<\/strong><\/p>\n\n\t\t\t\t<div class=\"mr_social_sharing_wrapper\">\n\t\t\t\t<!-- Social Sharing Toolkit v2.2 --><span class=\"mr_social_sharing_top\"><span style=\"display: inline-block; width: 55px; height: 62px; overflow: hidden;\"><div class=\"fb-like\" data-href=\"http:\/\/www.blogdopilako.com.br\/wp\/2011\/12\/31\/o-sentimento-de-renovacao\/\" data-send=\"false\" data-layout=\"box_count\" data-width=\"55\" data-show-faces=\"false\"><\/div><\/span><\/span><span class=\"mr_social_sharing_top\"><fb:share-button type=\"box_count\" href=\"http:\/\/www.blogdopilako.com.br\/wp\/2011\/12\/31\/o-sentimento-de-renovacao\/\"><\/fb:share-button><\/span><span class=\"mr_social_sharing\"><a rel=\"nofollow\" class=\"linksalpha_button linksalpha_link\" href=\"\/\/www.linksalpha.com\/social\/mobile\" data-url=\"http:\/\/www.blogdopilako.com.br\/wp\/2011\/12\/31\/o-sentimento-de-renovacao\/\" data-text=\"O sentimento de renova\u00e7\u00e3o.\" data-desc=\"O que mais gosto nessa \u00e9poca do ano \u00e9 aquela sessa\u00e7\u00e3o de renova\u00e7\u00e3o. Um sentimento de que tudo ser\u00e1 melhor, menos doloroso, mais alegre,\u00a0menos complicado. Porqu\u00ea ser\u00e1 que temos essa impress\u00e3o sempre que observamos o final de um ciclo, esperan\u00e7osos com o in\u00edcio do novo? Para alguns, essa\" data-image=\"http:\/\/www.blogdopilako.com.br\/wp\/wp-content\/uploads\/bomdia.jpg\" data-button=\"none\">\n\t\t\t\t\t<img src=\"\/\/www.linksalpha.com\/images\/social_share_button.png\" alt=\"Share\" class=\"linksalpha_image\" \/>\n\t\t\t\t\t<\/a><script type=\"text\/javascript\" src=\"\/\/www.linksalpha.com\/scripts\/loader_iconbox.js?v=2.4\"><\/script><\/span><\/div>","protected":false},"excerpt":{"rendered":"\n\t\t\t\t<div class=\"mr_social_sharing_wrapper\">\n\t\t\t\t<!-- Social Sharing Toolkit v2.2 --><span class=\"mr_social_sharing_top\"><span style=\"display: inline-block; width: 55px; height: 62px; overflow: hidden;\"><div class=\"fb-like\" data-href=\"http:\/\/www.blogdopilako.com.br\/wp\/2011\/12\/31\/o-sentimento-de-renovacao\/\" data-send=\"false\" data-layout=\"box_count\" data-width=\"55\" data-show-faces=\"false\"><\/div><\/span><\/span><span class=\"mr_social_sharing_top\"><fb:share-button type=\"box_count\" href=\"http:\/\/www.blogdopilako.com.br\/wp\/2011\/12\/31\/o-sentimento-de-renovacao\/\"><\/fb:share-button><\/span><span class=\"mr_social_sharing\"><a rel=\"nofollow\" class=\"linksalpha_button linksalpha_link\" href=\"\/\/www.linksalpha.com\/social\/mobile\" data-url=\"http:\/\/www.blogdopilako.com.br\/wp\/2011\/12\/31\/o-sentimento-de-renovacao\/\" data-text=\"O sentimento de renova\u00e7\u00e3o.\" data-desc=\"O que mais gosto nessa \u00e9poca do ano \u00e9 aquela sessa\u00e7\u00e3o de renova\u00e7\u00e3o. Um sentimento de que tudo ser\u00e1 melhor, menos doloroso, mais alegre,\u00a0menos complicado. Porqu\u00ea ser\u00e1 que temos essa impress\u00e3o sempre que observamos o final de um ciclo, esperan\u00e7osos com o in\u00edcio do novo? Para alguns, essa\" data-image=\"\" data-button=\"none\">\n\t\t\t\t\t<img src=\"\/\/www.linksalpha.com\/images\/social_share_button.png\" alt=\"Share\" class=\"linksalpha_image\" \/>\n\t\t\t\t\t<\/a><script type=\"text\/javascript\" src=\"\/\/www.linksalpha.com\/scripts\/loader_iconbox.js?v=2.4\"><\/script><\/span><\/div><p>O que mais gosto nessa \u00e9poca do ano \u00e9 aquela sessa\u00e7\u00e3o de renova\u00e7\u00e3o. Um sentimento de que tudo ser\u00e1 melhor, menos doloroso, mais alegre,\u00a0menos complicado. Porqu\u00ea ser\u00e1 que temos essa impress\u00e3o sempre que observamos o final de um ciclo, esperan\u00e7osos &hellip; <a href=\"http:\/\/www.blogdopilako.com.br\/wp\/2011\/12\/31\/o-sentimento-de-renovacao\/\">Continue lendo <span class=\"meta-nav\">&rarr;<\/span><\/a><\/p>\n\n\t\t\t\t<div class=\"mr_social_sharing_wrapper\">\n\t\t\t\t<!-- Social Sharing Toolkit v2.2 --><span class=\"mr_social_sharing_top\"><span style=\"display: inline-block; width: 55px; height: 62px; overflow: hidden;\"><div class=\"fb-like\" data-href=\"http:\/\/www.blogdopilako.com.br\/wp\/2011\/12\/31\/o-sentimento-de-renovacao\/\" data-send=\"false\" data-layout=\"box_count\" data-width=\"55\" data-show-faces=\"false\"><\/div><\/span><\/span><span class=\"mr_social_sharing_top\"><fb:share-button type=\"box_count\" href=\"http:\/\/www.blogdopilako.com.br\/wp\/2011\/12\/31\/o-sentimento-de-renovacao\/\"><\/fb:share-button><\/span><span class=\"mr_social_sharing\"><a rel=\"nofollow\" class=\"linksalpha_button linksalpha_link\" href=\"\/\/www.linksalpha.com\/social\/mobile\" data-url=\"http:\/\/www.blogdopilako.com.br\/wp\/2011\/12\/31\/o-sentimento-de-renovacao\/\" data-text=\"O sentimento de renova\u00e7\u00e3o.\" data-desc=\"O que mais gosto nessa \u00e9poca do ano \u00e9 aquela sessa\u00e7\u00e3o de renova\u00e7\u00e3o. Um sentimento de que tudo ser\u00e1 melhor, menos doloroso, mais alegre,\u00a0menos complicado. Porqu\u00ea ser\u00e1 que temos essa impress\u00e3o sempre que observamos o final de um ciclo, esperan\u00e7osos com o in\u00edcio do novo? Para alguns, essa\" data-image=\"\" data-button=\"none\">\n\t\t\t\t\t<img src=\"\/\/www.linksalpha.com\/images\/social_share_button.png\" alt=\"Share\" class=\"linksalpha_image\" \/>\n\t\t\t\t\t<\/a><script type=\"text\/javascript\" src=\"\/\/www.linksalpha.com\/scripts\/loader_iconbox.js?v=2.4\"><\/script><\/span><\/div>","protected":false},"author":1,"featured_media":0,"comment_status":"open","ping_status":"open","sticky":false,"template":"","format":"standard","meta":[],"categories":[22],"tags":[],"_links":{"self":[{"href":"http:\/\/www.blogdopilako.com.br\/wp\/wp-json\/wp\/v2\/posts\/11061"}],"collection":[{"href":"http:\/\/www.blogdopilako.com.br\/wp\/wp-json\/wp\/v2\/posts"}],"about":[{"href":"http:\/\/www.blogdopilako.com.br\/wp\/wp-json\/wp\/v2\/types\/post"}],"author":[{"embeddable":true,"href":"http:\/\/www.blogdopilako.com.br\/wp\/wp-json\/wp\/v2\/users\/1"}],"replies":[{"embeddable":true,"href":"http:\/\/www.blogdopilako.com.br\/wp\/wp-json\/wp\/v2\/comments?post=11061"}],"version-history":[{"count":8,"href":"http:\/\/www.blogdopilako.com.br\/wp\/wp-json\/wp\/v2\/posts\/11061\/revisions"}],"predecessor-version":[{"id":11077,"href":"http:\/\/www.blogdopilako.com.br\/wp\/wp-json\/wp\/v2\/posts\/11061\/revisions\/11077"}],"wp:attachment":[{"href":"http:\/\/www.blogdopilako.com.br\/wp\/wp-json\/wp\/v2\/media?parent=11061"}],"wp:term":[{"taxonomy":"category","embeddable":true,"href":"http:\/\/www.blogdopilako.com.br\/wp\/wp-json\/wp\/v2\/categories?post=11061"},{"taxonomy":"post_tag","embeddable":true,"href":"http:\/\/www.blogdopilako.com.br\/wp\/wp-json\/wp\/v2\/tags?post=11061"}],"curies":[{"name":"wp","href":"https:\/\/api.w.org\/{rel}","templated":true}]}}