{"id":11019,"date":"2011-12-30T13:57:23","date_gmt":"2011-12-30T16:57:23","guid":{"rendered":"http:\/\/www.blogdopilako.com.br\/wp\/?p=11019"},"modified":"2011-12-30T17:36:08","modified_gmt":"2011-12-30T20:36:08","slug":"artista-vitoriense-faz-protesto-cultural-veja-na-integra","status":"publish","type":"post","link":"http:\/\/www.blogdopilako.com.br\/wp\/2011\/12\/30\/artista-vitoriense-faz-protesto-cultural-veja-na-integra\/","title":{"rendered":"Artista vitoriense faz Protesto. Veja na integra:"},"content":{"rendered":"\n\t\t\t\t<div class=\"mr_social_sharing_wrapper\">\n\t\t\t\t<!-- Social Sharing Toolkit v2.2 --><span class=\"mr_social_sharing_top\"><span style=\"display: inline-block; width: 55px; height: 62px; overflow: hidden;\"><div class=\"fb-like\" data-href=\"http:\/\/www.blogdopilako.com.br\/wp\/2011\/12\/30\/artista-vitoriense-faz-protesto-cultural-veja-na-integra\/\" data-send=\"false\" data-layout=\"box_count\" data-width=\"55\" data-show-faces=\"false\"><\/div><\/span><\/span><span class=\"mr_social_sharing_top\"><fb:share-button type=\"box_count\" href=\"http:\/\/www.blogdopilako.com.br\/wp\/2011\/12\/30\/artista-vitoriense-faz-protesto-cultural-veja-na-integra\/\"><\/fb:share-button><\/span><span class=\"mr_social_sharing\"><a rel=\"nofollow\" class=\"linksalpha_button linksalpha_link\" href=\"\/\/www.linksalpha.com\/social\/mobile\" data-url=\"http:\/\/www.blogdopilako.com.br\/wp\/2011\/12\/30\/artista-vitoriense-faz-protesto-cultural-veja-na-integra\/\" data-text=\"Artista vitoriense faz Protesto. Veja na integra:\" data-desc=\"Caro amigo Pilako, Estou entrando em contato com alguns dos principais meios de comunica\u00e7\u00e3o direcionados nossa Vit\u00f3ria na inten\u00e7\u00e3o de poder publicar minhas cr\u00edticas diretas, n\u00e3o apenas ao atual governo municipal mas, a todos eles que a\u00ed estiveram desde quando me entendo como ARTISTA e nada\" data-image=\"http:\/\/www.blogdopilako.com.br\/wp\/wp-content\/uploads\/serginho.jpg\" data-button=\"none\">\n\t\t\t\t\t<img src=\"\/\/www.linksalpha.com\/images\/social_share_button.png\" alt=\"Share\" class=\"linksalpha_image\" \/>\n\t\t\t\t\t<\/a><script type=\"text\/javascript\" src=\"\/\/www.linksalpha.com\/scripts\/loader_iconbox.js?v=2.4\"><\/script><\/span><\/div><div id=\"attachment_11020\" style=\"width: 315px\" class=\"wp-caption aligncenter\"><a href=\"http:\/\/www.blogdopilako.com.br\/wp\/wp-content\/uploads\/serginho.jpg\"><img aria-describedby=\"caption-attachment-11020\" loading=\"lazy\" class=\"size-full wp-image-11020\" title=\"serginho\" src=\"http:\/\/www.blogdopilako.com.br\/wp\/wp-content\/uploads\/serginho.jpg\" alt=\"\" width=\"305\" height=\"378\" \/><\/a><p id=\"caption-attachment-11020\" class=\"wp-caption-text\">Serginho Barros<\/p><\/div>\n<p style=\"text-align: justify;\">Caro amigo Pilako,<\/p>\n<p style=\"text-align: justify;\">Estou entrando em contato com alguns dos principais meios de comunica\u00e7\u00e3o direcionados nossa Vit\u00f3ria na inten\u00e7\u00e3o de poder publicar minhas cr\u00edticas diretas, n\u00e3o apenas ao atual governo municipal mas, a todos eles que a\u00ed estiveram desde quando me entendo como ARTISTA e nada pude ver em rela\u00e7\u00e3o a colabora\u00e7\u00e3o com os artistas da terra.<\/p>\n<p style=\"text-align: justify;\">Quando me refiro aos artistas, n\u00e3o estou direcionando-me apenas a mim mesmo mas, a todos os que esperaram das &#8220;BOSTAS&#8221; ou &#8220;PORCARIAS&#8221; dos GOVERNOS MUNICIPAIS dias melhores para a propaga\u00e7\u00e3o dos seus trabalhos. Artistas como <em><strong>Dilson Lira, Cl\u00f3vis Barros, Jos\u00e9 Marques de Sena, Guilherme Paj\u00e9, o Osman L\u00edns<\/strong><\/em> (que ficou um pouco conhecido devido a produ\u00e7\u00e3o do filme que nem filmado na cidade foi devido a falta de incentivo da PREFEITURA), <em><strong>Benedito de Cachoeirinha, Sossigenes Bittencourt<\/strong><\/em> e tantos outros s\u00e3o desprezados e posto em <em><strong>10\u00ba plano<\/strong><\/em> por esse bando de <em><strong>SEMI ANALFABETOS!!!<\/strong><\/em><\/p>\n<p style=\"text-align: justify;\">Senhores &#8220;POL\u00cdTICOS&#8221;, tenham VERGONHA por isso. (Pelo menos, por isso) &#8211; Artistas s\u00e3o empreendedores&#8230; N\u00f3s produzimos sonhos e esperan\u00e7as para as pessoas, <em><strong>n\u00e3o produzimos MERDA!!!<\/strong><\/em> Eu, por exemplo: &#8211; 18 Anos de M\u00fasica Popular Brasileira &#8211; Tr\u00eas Conservat\u00f3rios de M\u00fasica &#8211; Dois cursos de exten\u00e7\u00e3o em Universidades Federais &#8211; Academia de M.P.B. do estado da BAHIA &#8211; Passagem pelos principais Teatros, Hot\u00e9is, Shoppings, Restaurantes e Bares do Brasil e de mais SEIS PA\u00cdSES &#8211; Trabalhos com artistas como: Toquinho, Belchior, Geraldo Azevedo, Ney Matogrosso, Em\u00edlio Santiago, Benito di Paula, Pepino di Capri, Leoni&#8230; E, mesmo assim continuo sem receber nenhum tipo de incentivo por parte de qualquer org\u00e3o ligado a cultura da minha cidade. <em><strong>Isso \u00e9, literalmente uma VERGONHA!<\/strong><\/em><\/p>\n<p style=\"text-align: justify;\">A cultura, de modo geral, atrai, soma e multiplica o potencial da pr\u00f3pria cidade de pobres eleitores que n\u00e3o tem direito a <del>PORRA<\/del> nenhuma. <em><strong>CRIEM VERGONHA SENHORES POL\u00cdTICOS!!!<\/strong><\/em> Aos leitores, as minhas desculpas por alguns &#8220;palavr\u00f5es&#8221;&#8230; A sociedade precisa se mobilizar em prol dos filhos da terra. <em><strong>Se investissem 50% do valor que investem em artistas de peso nacional em artistas locais<\/strong><\/em>,\u00a0<em><strong>ter\u00edamos\u00a0v\u00e1rios artistas de VIT\u00d3RIA no mercado nacional<\/strong><\/em>, tem muita gente boa na terra de <em><strong>Dilson Lira, Cl\u00f3vis Barros, Otoni Rodrigues<\/strong><\/em> e tantos outros ilustres, desvalorizados e desconhecidos ARTISTAS! E por favor, desculpem tamb\u00e9m por qualquer erro ou artista que n\u00e3o citei! Meu contato est\u00e1 aberto a todos os leitores em: <a href=\"http:\/\/www.serginhobarros.com\" target=\"_blank\">www.serginhobarros.com<\/a><\/p>\n<p style=\"text-align: justify;\"><strong>Serginho Barros<\/strong><\/p>\n\n\t\t\t\t<div class=\"mr_social_sharing_wrapper\">\n\t\t\t\t<!-- Social Sharing Toolkit v2.2 --><span class=\"mr_social_sharing_top\"><span style=\"display: inline-block; width: 55px; height: 62px; overflow: hidden;\"><div class=\"fb-like\" data-href=\"http:\/\/www.blogdopilako.com.br\/wp\/2011\/12\/30\/artista-vitoriense-faz-protesto-cultural-veja-na-integra\/\" data-send=\"false\" data-layout=\"box_count\" data-width=\"55\" data-show-faces=\"false\"><\/div><\/span><\/span><span class=\"mr_social_sharing_top\"><fb:share-button type=\"box_count\" href=\"http:\/\/www.blogdopilako.com.br\/wp\/2011\/12\/30\/artista-vitoriense-faz-protesto-cultural-veja-na-integra\/\"><\/fb:share-button><\/span><span class=\"mr_social_sharing\"><a rel=\"nofollow\" class=\"linksalpha_button linksalpha_link\" href=\"\/\/www.linksalpha.com\/social\/mobile\" data-url=\"http:\/\/www.blogdopilako.com.br\/wp\/2011\/12\/30\/artista-vitoriense-faz-protesto-cultural-veja-na-integra\/\" data-text=\"Artista vitoriense faz Protesto. Veja na integra:\" data-desc=\"Caro amigo Pilako, Estou entrando em contato com alguns dos principais meios de comunica\u00e7\u00e3o direcionados nossa Vit\u00f3ria na inten\u00e7\u00e3o de poder publicar minhas cr\u00edticas diretas, n\u00e3o apenas ao atual governo municipal mas, a todos eles que a\u00ed estiveram desde quando me entendo como ARTISTA e nada\" data-image=\"http:\/\/www.blogdopilako.com.br\/wp\/wp-content\/uploads\/serginho.jpg\" data-button=\"none\">\n\t\t\t\t\t<img src=\"\/\/www.linksalpha.com\/images\/social_share_button.png\" alt=\"Share\" class=\"linksalpha_image\" \/>\n\t\t\t\t\t<\/a><script type=\"text\/javascript\" src=\"\/\/www.linksalpha.com\/scripts\/loader_iconbox.js?v=2.4\"><\/script><\/span><\/div>","protected":false},"excerpt":{"rendered":"\n\t\t\t\t<div class=\"mr_social_sharing_wrapper\">\n\t\t\t\t<!-- Social Sharing Toolkit v2.2 --><span class=\"mr_social_sharing_top\"><span style=\"display: inline-block; width: 55px; height: 62px; overflow: hidden;\"><div class=\"fb-like\" data-href=\"http:\/\/www.blogdopilako.com.br\/wp\/2011\/12\/30\/artista-vitoriense-faz-protesto-cultural-veja-na-integra\/\" data-send=\"false\" data-layout=\"box_count\" data-width=\"55\" data-show-faces=\"false\"><\/div><\/span><\/span><span class=\"mr_social_sharing_top\"><fb:share-button type=\"box_count\" href=\"http:\/\/www.blogdopilako.com.br\/wp\/2011\/12\/30\/artista-vitoriense-faz-protesto-cultural-veja-na-integra\/\"><\/fb:share-button><\/span><span class=\"mr_social_sharing\"><a rel=\"nofollow\" class=\"linksalpha_button linksalpha_link\" href=\"\/\/www.linksalpha.com\/social\/mobile\" data-url=\"http:\/\/www.blogdopilako.com.br\/wp\/2011\/12\/30\/artista-vitoriense-faz-protesto-cultural-veja-na-integra\/\" data-text=\"Artista vitoriense faz Protesto. Veja na integra:\" data-desc=\"Caro amigo Pilako, Estou entrando em contato com alguns dos principais meios de comunica\u00e7\u00e3o direcionados nossa Vit\u00f3ria na inten\u00e7\u00e3o de poder publicar minhas cr\u00edticas diretas, n\u00e3o apenas ao atual governo municipal mas, a todos eles que a\u00ed estiveram desde quando me entendo como ARTISTA e nada\" data-image=\"\" data-button=\"none\">\n\t\t\t\t\t<img src=\"\/\/www.linksalpha.com\/images\/social_share_button.png\" alt=\"Share\" class=\"linksalpha_image\" \/>\n\t\t\t\t\t<\/a><script type=\"text\/javascript\" src=\"\/\/www.linksalpha.com\/scripts\/loader_iconbox.js?v=2.4\"><\/script><\/span><\/div><p>Caro amigo Pilako, Estou entrando em contato com alguns dos principais meios de comunica\u00e7\u00e3o direcionados nossa Vit\u00f3ria na inten\u00e7\u00e3o de poder publicar minhas cr\u00edticas diretas, n\u00e3o apenas ao atual governo municipal mas, a todos eles que a\u00ed estiveram desde quando &hellip; <a href=\"http:\/\/www.blogdopilako.com.br\/wp\/2011\/12\/30\/artista-vitoriense-faz-protesto-cultural-veja-na-integra\/\">Continue lendo <span class=\"meta-nav\">&rarr;<\/span><\/a><\/p>\n\n\t\t\t\t<div class=\"mr_social_sharing_wrapper\">\n\t\t\t\t<!-- Social Sharing Toolkit v2.2 --><span class=\"mr_social_sharing_top\"><span style=\"display: inline-block; width: 55px; height: 62px; overflow: hidden;\"><div class=\"fb-like\" data-href=\"http:\/\/www.blogdopilako.com.br\/wp\/2011\/12\/30\/artista-vitoriense-faz-protesto-cultural-veja-na-integra\/\" data-send=\"false\" data-layout=\"box_count\" data-width=\"55\" data-show-faces=\"false\"><\/div><\/span><\/span><span class=\"mr_social_sharing_top\"><fb:share-button type=\"box_count\" href=\"http:\/\/www.blogdopilako.com.br\/wp\/2011\/12\/30\/artista-vitoriense-faz-protesto-cultural-veja-na-integra\/\"><\/fb:share-button><\/span><span class=\"mr_social_sharing\"><a rel=\"nofollow\" class=\"linksalpha_button linksalpha_link\" href=\"\/\/www.linksalpha.com\/social\/mobile\" data-url=\"http:\/\/www.blogdopilako.com.br\/wp\/2011\/12\/30\/artista-vitoriense-faz-protesto-cultural-veja-na-integra\/\" data-text=\"Artista vitoriense faz Protesto. Veja na integra:\" data-desc=\"Caro amigo Pilako, Estou entrando em contato com alguns dos principais meios de comunica\u00e7\u00e3o direcionados nossa Vit\u00f3ria na inten\u00e7\u00e3o de poder publicar minhas cr\u00edticas diretas, n\u00e3o apenas ao atual governo municipal mas, a todos eles que a\u00ed estiveram desde quando me entendo como ARTISTA e nada\" data-image=\"\" data-button=\"none\">\n\t\t\t\t\t<img src=\"\/\/www.linksalpha.com\/images\/social_share_button.png\" alt=\"Share\" class=\"linksalpha_image\" \/>\n\t\t\t\t\t<\/a><script type=\"text\/javascript\" src=\"\/\/www.linksalpha.com\/scripts\/loader_iconbox.js?v=2.4\"><\/script><\/span><\/div>","protected":false},"author":4,"featured_media":0,"comment_status":"open","ping_status":"open","sticky":false,"template":"","format":"standard","meta":[],"categories":[22],"tags":[],"_links":{"self":[{"href":"http:\/\/www.blogdopilako.com.br\/wp\/wp-json\/wp\/v2\/posts\/11019"}],"collection":[{"href":"http:\/\/www.blogdopilako.com.br\/wp\/wp-json\/wp\/v2\/posts"}],"about":[{"href":"http:\/\/www.blogdopilako.com.br\/wp\/wp-json\/wp\/v2\/types\/post"}],"author":[{"embeddable":true,"href":"http:\/\/www.blogdopilako.com.br\/wp\/wp-json\/wp\/v2\/users\/4"}],"replies":[{"embeddable":true,"href":"http:\/\/www.blogdopilako.com.br\/wp\/wp-json\/wp\/v2\/comments?post=11019"}],"version-history":[{"count":4,"href":"http:\/\/www.blogdopilako.com.br\/wp\/wp-json\/wp\/v2\/posts\/11019\/revisions"}],"predecessor-version":[{"id":11055,"href":"http:\/\/www.blogdopilako.com.br\/wp\/wp-json\/wp\/v2\/posts\/11019\/revisions\/11055"}],"wp:attachment":[{"href":"http:\/\/www.blogdopilako.com.br\/wp\/wp-json\/wp\/v2\/media?parent=11019"}],"wp:term":[{"taxonomy":"category","embeddable":true,"href":"http:\/\/www.blogdopilako.com.br\/wp\/wp-json\/wp\/v2\/categories?post=11019"},{"taxonomy":"post_tag","embeddable":true,"href":"http:\/\/www.blogdopilako.com.br\/wp\/wp-json\/wp\/v2\/tags?post=11019"}],"curies":[{"name":"wp","href":"https:\/\/api.w.org\/{rel}","templated":true}]}}