{"id":108375,"date":"2017-12-19T16:33:58","date_gmt":"2017-12-19T18:33:58","guid":{"rendered":"http:\/\/www.blogdopilako.com.br\/wp\/?p=108375"},"modified":"2017-12-19T16:33:58","modified_gmt":"2017-12-19T18:33:58","slug":"momento-cultural-nesse-cafe-recifence-poesia-por-rildo-de-deus-11","status":"publish","type":"post","link":"http:\/\/www.blogdopilako.com.br\/wp\/2017\/12\/19\/momento-cultural-nesse-cafe-recifence-poesia-por-rildo-de-deus-11\/","title":{"rendered":"Momento Cultural: Nesse caf\u00e9 recifence (poesia) &#8211; por Rildo de Deus"},"content":{"rendered":"\n\t\t\t\t<div class=\"mr_social_sharing_wrapper\">\n\t\t\t\t<!-- Social Sharing Toolkit v2.2 --><span class=\"mr_social_sharing_top\"><span style=\"display: inline-block; width: 55px; height: 62px; overflow: hidden;\"><div class=\"fb-like\" data-href=\"http:\/\/www.blogdopilako.com.br\/wp\/2017\/12\/19\/momento-cultural-nesse-cafe-recifence-poesia-por-rildo-de-deus-11\/\" data-send=\"false\" data-layout=\"box_count\" data-width=\"55\" data-show-faces=\"false\"><\/div><\/span><\/span><span class=\"mr_social_sharing_top\"><fb:share-button type=\"box_count\" href=\"http:\/\/www.blogdopilako.com.br\/wp\/2017\/12\/19\/momento-cultural-nesse-cafe-recifence-poesia-por-rildo-de-deus-11\/\"><\/fb:share-button><\/span><span class=\"mr_social_sharing\"><a rel=\"nofollow\" class=\"linksalpha_button linksalpha_link\" href=\"\/\/www.linksalpha.com\/social\/mobile\" data-url=\"http:\/\/www.blogdopilako.com.br\/wp\/2017\/12\/19\/momento-cultural-nesse-cafe-recifence-poesia-por-rildo-de-deus-11\/\" data-text=\"Momento Cultural: Nesse caf\u00e9 recifence (poesia) \u2013 por Rildo de Deus\" data-desc=\"No tempo que eu era elfo e n\u00e3o sentia cheiro da morte, comia flor e semente, nozes, muitas nozes Bebia n\u00e9ctar nas flores, vivia na luz do sol QUENTE Topei certa vez com uma vampiro Que me achou pelo rastro de meu sangue ardente Bebeu-me a vida Depois limpou a boca como se limpa precedendo a\" data-image=\"http:\/\/www.blogdopilako.com.br\/wp\/wp-content\/uploads\/rildo.jpg\" data-button=\"none\">\n\t\t\t\t\t<img src=\"\/\/www.linksalpha.com\/images\/social_share_button.png\" alt=\"Share\" class=\"linksalpha_image\" \/>\n\t\t\t\t\t<\/a><script type=\"text\/javascript\" src=\"\/\/www.linksalpha.com\/scripts\/loader_iconbox.js?v=2.4\"><\/script><\/span><\/div><p><img loading=\"lazy\" class=\" aligncenter\" title=\"rildo\" src=\"http:\/\/www.blogdopilako.com.br\/wp\/wp-content\/uploads\/rildo.jpg\" alt=\"\" width=\"231\" height=\"301\" \/><\/p>\n<p>No tempo que eu era elfo<br \/>\ne n\u00e3o sentia cheiro da morte,<br \/>\ncomia flor e semente,<br \/>\nnozes, muitas nozes<\/p>\n<p>Bebia n\u00e9ctar nas flores,<br \/>\nvivia na luz do sol<br \/>\nQUENTE<br \/>\nTopei certa vez com uma vampiro<br \/>\nQue me achou pelo rastro<br \/>\nde meu sangue ardente<br \/>\nBebeu-me a vida<br \/>\nDepois limpou a boca<br \/>\ncomo se limpa precedendo a lapada<br \/>\ndo quartinho de aguardente<\/p>\n<p>Gula vampiresca,<br \/>\nestupidez de ignorantes<br \/>\nNo meu corpo s\u00f3 corria ambrosia<br \/>\nComida de deuses<\/p>\n<p>Ela caiu envenenada<br \/>\nMelhor que tivesse me engolido,<br \/>\ncomo fazem com os bois,<br \/>\nas serpentes.<br \/>\nFomos amaldi\u00e7oados,<br \/>\nmesmo assim, eu inocente<br \/>\nAqueles dente afiado<br \/>\nme tirou o sangue ardente<\/p>\n<p>J\u00e1 era, eu imortal,<br \/>\nelfo s\u00f3 tem precedente<br \/>\nVampiro \u00e9 tipo fino<br \/>\nPena que come gente<\/p>\n<p>Entre os vampiros<br \/>\nme considerar\u00e3o p\u00e1ria.<br \/>\nEntre os elfos<br \/>\neu caminhava pueril.<br \/>\nEra um ser do dia,<br \/>\nbeijava girass\u00f3is,<br \/>\nImortal, ser como um rio,<br \/>\nPincel, pinc\u00e9is, rouxin\u00f3is<br \/>\nConsiderado entre eles<br \/>\nn\u00e3o \u00e9 o que foi transformado<br \/>\nMas, o que se tornou, por si;<br \/>\nNobre, bonito, inteligente<br \/>\nA primeira noite que passei acordado,<br \/>\nfoi por causa que me cresciam os dentes;<br \/>\ncaninos felinos,<br \/>\nUnic\u00faspides, alvo, crescentes<\/p>\n<p>Grito, pro sol quando ele nasce:<br \/>\nN\u00e3o me mate!<br \/>\nMe salve! Me salve! Me Salve!<br \/>\nM\u00e3e foi quem desceu<br \/>\nlogo, seu nome \u00e9 Aurora<br \/>\nS\u00f3 olhava e dizia:<br \/>\nSe afaste!, se afaste!, afaste!<\/p>\n<p>Tu eis filho meu,<br \/>\npor Eu eis amado<br \/>\nVoc\u00ea agora \u00e9 not\u00edvago<br \/>\ndo escuro fa\u00e7a seu reinado<br \/>\nNas trevas tem luz,<br \/>\nvoc\u00ea precisa encontrar<br \/>\nEspelho n\u00e3o tem, ali n\u00e3o procure<br \/>\nPrim\u00e1rio e secund\u00e1rio, reflexo voc\u00ea j\u00e1 perdeu<\/p>\n<p>Seja feliz meu filho,<br \/>\ntodo mudou e voc\u00ea cresceu<br \/>\nAgora eis vampiro<br \/>\nV\u00e1 embora, v\u00e1 embora<br \/>\nJ\u00e1 amanheceu.<\/p>\n<p style=\"text-align: left;\"><strong>Rildo de Deus<\/strong>\u00a0\u00e9 Escritor e Estudante de Filosofia da UFPE<\/p>\n\n\t\t\t\t<div class=\"mr_social_sharing_wrapper\">\n\t\t\t\t<!-- Social Sharing Toolkit v2.2 --><span class=\"mr_social_sharing_top\"><span style=\"display: inline-block; width: 55px; height: 62px; overflow: hidden;\"><div class=\"fb-like\" data-href=\"http:\/\/www.blogdopilako.com.br\/wp\/2017\/12\/19\/momento-cultural-nesse-cafe-recifence-poesia-por-rildo-de-deus-11\/\" data-send=\"false\" data-layout=\"box_count\" data-width=\"55\" data-show-faces=\"false\"><\/div><\/span><\/span><span class=\"mr_social_sharing_top\"><fb:share-button type=\"box_count\" href=\"http:\/\/www.blogdopilako.com.br\/wp\/2017\/12\/19\/momento-cultural-nesse-cafe-recifence-poesia-por-rildo-de-deus-11\/\"><\/fb:share-button><\/span><span class=\"mr_social_sharing\"><a rel=\"nofollow\" class=\"linksalpha_button linksalpha_link\" href=\"\/\/www.linksalpha.com\/social\/mobile\" data-url=\"http:\/\/www.blogdopilako.com.br\/wp\/2017\/12\/19\/momento-cultural-nesse-cafe-recifence-poesia-por-rildo-de-deus-11\/\" data-text=\"Momento Cultural: Nesse caf\u00e9 recifence (poesia) \u2013 por Rildo de Deus\" data-desc=\"No tempo que eu era elfo e n\u00e3o sentia cheiro da morte, comia flor e semente, nozes, muitas nozes Bebia n\u00e9ctar nas flores, vivia na luz do sol QUENTE Topei certa vez com uma vampiro Que me achou pelo rastro de meu sangue ardente Bebeu-me a vida Depois limpou a boca como se limpa precedendo a\" data-image=\"http:\/\/www.blogdopilako.com.br\/wp\/wp-content\/uploads\/rildo.jpg\" data-button=\"none\">\n\t\t\t\t\t<img src=\"\/\/www.linksalpha.com\/images\/social_share_button.png\" alt=\"Share\" class=\"linksalpha_image\" \/>\n\t\t\t\t\t<\/a><script type=\"text\/javascript\" src=\"\/\/www.linksalpha.com\/scripts\/loader_iconbox.js?v=2.4\"><\/script><\/span><\/div>","protected":false},"excerpt":{"rendered":"\n\t\t\t\t<div class=\"mr_social_sharing_wrapper\">\n\t\t\t\t<!-- Social Sharing Toolkit v2.2 --><span class=\"mr_social_sharing_top\"><span style=\"display: inline-block; width: 55px; height: 62px; overflow: hidden;\"><div class=\"fb-like\" data-href=\"http:\/\/www.blogdopilako.com.br\/wp\/2017\/12\/19\/momento-cultural-nesse-cafe-recifence-poesia-por-rildo-de-deus-11\/\" data-send=\"false\" data-layout=\"box_count\" data-width=\"55\" data-show-faces=\"false\"><\/div><\/span><\/span><span class=\"mr_social_sharing_top\"><fb:share-button type=\"box_count\" href=\"http:\/\/www.blogdopilako.com.br\/wp\/2017\/12\/19\/momento-cultural-nesse-cafe-recifence-poesia-por-rildo-de-deus-11\/\"><\/fb:share-button><\/span><span class=\"mr_social_sharing\"><a rel=\"nofollow\" class=\"linksalpha_button linksalpha_link\" href=\"\/\/www.linksalpha.com\/social\/mobile\" data-url=\"http:\/\/www.blogdopilako.com.br\/wp\/2017\/12\/19\/momento-cultural-nesse-cafe-recifence-poesia-por-rildo-de-deus-11\/\" data-text=\"Momento Cultural: Nesse caf\u00e9 recifence (poesia) \u2013 por Rildo de Deus\" data-desc=\"No tempo que eu era elfo e n\u00e3o sentia cheiro da morte, comia flor e semente, nozes, muitas nozes Bebia n\u00e9ctar nas flores, vivia na luz do sol QUENTE Topei certa vez com uma vampiro Que me achou pelo rastro de meu sangue ardente Bebeu-me a vida Depois limpou a boca como se limpa precedendo a\" data-image=\"\" data-button=\"none\">\n\t\t\t\t\t<img src=\"\/\/www.linksalpha.com\/images\/social_share_button.png\" alt=\"Share\" class=\"linksalpha_image\" \/>\n\t\t\t\t\t<\/a><script type=\"text\/javascript\" src=\"\/\/www.linksalpha.com\/scripts\/loader_iconbox.js?v=2.4\"><\/script><\/span><\/div><p>No tempo que eu era elfo e n\u00e3o sentia cheiro da morte, comia flor e semente, nozes, muitas nozes Bebia n\u00e9ctar nas flores, vivia na luz do sol QUENTE Topei certa vez com uma vampiro Que me achou pelo rastro &hellip; <a href=\"http:\/\/www.blogdopilako.com.br\/wp\/2017\/12\/19\/momento-cultural-nesse-cafe-recifence-poesia-por-rildo-de-deus-11\/\">Continue lendo <span class=\"meta-nav\">&rarr;<\/span><\/a><\/p>\n\n\t\t\t\t<div class=\"mr_social_sharing_wrapper\">\n\t\t\t\t<!-- Social Sharing Toolkit v2.2 --><span class=\"mr_social_sharing_top\"><span style=\"display: inline-block; width: 55px; height: 62px; overflow: hidden;\"><div class=\"fb-like\" data-href=\"http:\/\/www.blogdopilako.com.br\/wp\/2017\/12\/19\/momento-cultural-nesse-cafe-recifence-poesia-por-rildo-de-deus-11\/\" data-send=\"false\" data-layout=\"box_count\" data-width=\"55\" data-show-faces=\"false\"><\/div><\/span><\/span><span class=\"mr_social_sharing_top\"><fb:share-button type=\"box_count\" href=\"http:\/\/www.blogdopilako.com.br\/wp\/2017\/12\/19\/momento-cultural-nesse-cafe-recifence-poesia-por-rildo-de-deus-11\/\"><\/fb:share-button><\/span><span class=\"mr_social_sharing\"><a rel=\"nofollow\" class=\"linksalpha_button linksalpha_link\" href=\"\/\/www.linksalpha.com\/social\/mobile\" data-url=\"http:\/\/www.blogdopilako.com.br\/wp\/2017\/12\/19\/momento-cultural-nesse-cafe-recifence-poesia-por-rildo-de-deus-11\/\" data-text=\"Momento Cultural: Nesse caf\u00e9 recifence (poesia) \u2013 por Rildo de Deus\" data-desc=\"No tempo que eu era elfo e n\u00e3o sentia cheiro da morte, comia flor e semente, nozes, muitas nozes Bebia n\u00e9ctar nas flores, vivia na luz do sol QUENTE Topei certa vez com uma vampiro Que me achou pelo rastro de meu sangue ardente Bebeu-me a vida Depois limpou a boca como se limpa precedendo a\" data-image=\"\" data-button=\"none\">\n\t\t\t\t\t<img src=\"\/\/www.linksalpha.com\/images\/social_share_button.png\" alt=\"Share\" class=\"linksalpha_image\" \/>\n\t\t\t\t\t<\/a><script type=\"text\/javascript\" src=\"\/\/www.linksalpha.com\/scripts\/loader_iconbox.js?v=2.4\"><\/script><\/span><\/div>","protected":false},"author":1,"featured_media":0,"comment_status":"open","ping_status":"open","sticky":false,"template":"","format":"standard","meta":[],"categories":[114],"tags":[],"_links":{"self":[{"href":"http:\/\/www.blogdopilako.com.br\/wp\/wp-json\/wp\/v2\/posts\/108375"}],"collection":[{"href":"http:\/\/www.blogdopilako.com.br\/wp\/wp-json\/wp\/v2\/posts"}],"about":[{"href":"http:\/\/www.blogdopilako.com.br\/wp\/wp-json\/wp\/v2\/types\/post"}],"author":[{"embeddable":true,"href":"http:\/\/www.blogdopilako.com.br\/wp\/wp-json\/wp\/v2\/users\/1"}],"replies":[{"embeddable":true,"href":"http:\/\/www.blogdopilako.com.br\/wp\/wp-json\/wp\/v2\/comments?post=108375"}],"version-history":[{"count":1,"href":"http:\/\/www.blogdopilako.com.br\/wp\/wp-json\/wp\/v2\/posts\/108375\/revisions"}],"predecessor-version":[{"id":108377,"href":"http:\/\/www.blogdopilako.com.br\/wp\/wp-json\/wp\/v2\/posts\/108375\/revisions\/108377"}],"wp:attachment":[{"href":"http:\/\/www.blogdopilako.com.br\/wp\/wp-json\/wp\/v2\/media?parent=108375"}],"wp:term":[{"taxonomy":"category","embeddable":true,"href":"http:\/\/www.blogdopilako.com.br\/wp\/wp-json\/wp\/v2\/categories?post=108375"},{"taxonomy":"post_tag","embeddable":true,"href":"http:\/\/www.blogdopilako.com.br\/wp\/wp-json\/wp\/v2\/tags?post=108375"}],"curies":[{"name":"wp","href":"https:\/\/api.w.org\/{rel}","templated":true}]}}