{"id":108363,"date":"2017-12-19T14:00:03","date_gmt":"2017-12-19T16:00:03","guid":{"rendered":"http:\/\/www.blogdopilako.com.br\/wp\/?p=108363"},"modified":"2017-12-19T14:58:33","modified_gmt":"2017-12-19T16:58:33","slug":"imbiziga-zeze-do-forro-27","status":"publish","type":"post","link":"http:\/\/www.blogdopilako.com.br\/wp\/2017\/12\/19\/imbiziga-zeze-do-forro-27\/","title":{"rendered":"Imbiziga &#8211; Zez\u00e9 do Forr\u00f3"},"content":{"rendered":"\n\t\t\t\t<div class=\"mr_social_sharing_wrapper\">\n\t\t\t\t<!-- Social Sharing Toolkit v2.2 --><span class=\"mr_social_sharing_top\"><span style=\"display: inline-block; width: 55px; height: 62px; overflow: hidden;\"><div class=\"fb-like\" data-href=\"http:\/\/www.blogdopilako.com.br\/wp\/2017\/12\/19\/imbiziga-zeze-do-forro-27\/\" data-send=\"false\" data-layout=\"box_count\" data-width=\"55\" data-show-faces=\"false\"><\/div><\/span><\/span><span class=\"mr_social_sharing_top\"><fb:share-button type=\"box_count\" href=\"http:\/\/www.blogdopilako.com.br\/wp\/2017\/12\/19\/imbiziga-zeze-do-forro-27\/\"><\/fb:share-button><\/span><span class=\"mr_social_sharing\"><a rel=\"nofollow\" class=\"linksalpha_button linksalpha_link\" href=\"\/\/www.linksalpha.com\/social\/mobile\" data-url=\"http:\/\/www.blogdopilako.com.br\/wp\/2017\/12\/19\/imbiziga-zeze-do-forro-27\/\" data-text=\"Imbiziga \u2013 Zez\u00e9 do Forr\u00f3\" data-desc=\"Do novo CD de\u00a0Zez\u00e9 do Forr\u00f3, ou\u00e7a a m\u00fasica\u00a0IMBIZIGA, de autoria dos vitorienses\u00a0Aldenisio Tavares\u00a0e\u00a0Samuka Voice. Aldenisio Tavares\" data-image=\"http:\/\/www.blogdopilako.com.br\/wp\/wp-content\/uploads\/zeze2.jpg\" data-button=\"none\">\n\t\t\t\t\t<img src=\"\/\/www.linksalpha.com\/images\/social_share_button.png\" alt=\"Share\" class=\"linksalpha_image\" \/>\n\t\t\t\t\t<\/a><script type=\"text\/javascript\" src=\"\/\/www.linksalpha.com\/scripts\/loader_iconbox.js?v=2.4\"><\/script><\/span><\/div><p><a href=\"http:\/\/www.blogdopilako.com.br\/wp\/wp-content\/uploads\/zeze2.jpg\"><img loading=\"lazy\" class=\"aligncenter\" title=\"zeze\" src=\"http:\/\/www.blogdopilako.com.br\/wp\/wp-content\/uploads\/zeze2.jpg\" alt=\"\" width=\"343\" height=\"343\" \/><\/a><\/p>\n<p>Do novo CD de\u00a0<strong>Zez\u00e9 do Forr\u00f3<\/strong>, ou\u00e7a a m\u00fasica\u00a0<strong>IMBIZIGA<\/strong>, de autoria dos vitorienses\u00a0<strong>Aldenisio Tavares<\/strong>\u00a0e<strong>\u00a0Samuka Voice.<\/strong><\/p>\n<p><strong>[wpaudio url=&#8221;http:\/\/www.blogdopilako.com.br\/wp\/wp-content\/uploads\/Imbiziga-Zeze-Do-Forro.mp3&#8243; text=&#8221;Imbiziga &#8211; Zez\u00e9 do Forr\u00f3&#8221; dl=&#8221;http:\/\/www.blogdopilako.com.br\/wp\/wp-content\/uploads\/Imbiziga-Zeze-Do-Forro.mp3&#8243;]<\/strong><\/p>\n<p>Aldenisio Tavares<\/p>\n\n\t\t\t\t<div class=\"mr_social_sharing_wrapper\">\n\t\t\t\t<!-- Social Sharing Toolkit v2.2 --><span class=\"mr_social_sharing_top\"><span style=\"display: inline-block; width: 55px; height: 62px; overflow: hidden;\"><div class=\"fb-like\" data-href=\"http:\/\/www.blogdopilako.com.br\/wp\/2017\/12\/19\/imbiziga-zeze-do-forro-27\/\" data-send=\"false\" data-layout=\"box_count\" data-width=\"55\" data-show-faces=\"false\"><\/div><\/span><\/span><span class=\"mr_social_sharing_top\"><fb:share-button type=\"box_count\" href=\"http:\/\/www.blogdopilako.com.br\/wp\/2017\/12\/19\/imbiziga-zeze-do-forro-27\/\"><\/fb:share-button><\/span><span class=\"mr_social_sharing\"><a rel=\"nofollow\" class=\"linksalpha_button linksalpha_link\" href=\"\/\/www.linksalpha.com\/social\/mobile\" data-url=\"http:\/\/www.blogdopilako.com.br\/wp\/2017\/12\/19\/imbiziga-zeze-do-forro-27\/\" data-text=\"Imbiziga \u2013 Zez\u00e9 do Forr\u00f3\" data-desc=\"Do novo CD de\u00a0Zez\u00e9 do Forr\u00f3, ou\u00e7a a m\u00fasica\u00a0IMBIZIGA, de autoria dos vitorienses\u00a0Aldenisio Tavares\u00a0e\u00a0Samuka Voice. Aldenisio Tavares\" data-image=\"http:\/\/www.blogdopilako.com.br\/wp\/wp-content\/uploads\/zeze2.jpg\" data-button=\"none\">\n\t\t\t\t\t<img src=\"\/\/www.linksalpha.com\/images\/social_share_button.png\" alt=\"Share\" class=\"linksalpha_image\" \/>\n\t\t\t\t\t<\/a><script type=\"text\/javascript\" src=\"\/\/www.linksalpha.com\/scripts\/loader_iconbox.js?v=2.4\"><\/script><\/span><\/div>","protected":false},"excerpt":{"rendered":"\n\t\t\t\t<div class=\"mr_social_sharing_wrapper\">\n\t\t\t\t<!-- Social Sharing Toolkit v2.2 --><span class=\"mr_social_sharing_top\"><span style=\"display: inline-block; width: 55px; height: 62px; overflow: hidden;\"><div class=\"fb-like\" data-href=\"http:\/\/www.blogdopilako.com.br\/wp\/2017\/12\/19\/imbiziga-zeze-do-forro-27\/\" data-send=\"false\" data-layout=\"box_count\" data-width=\"55\" data-show-faces=\"false\"><\/div><\/span><\/span><span class=\"mr_social_sharing_top\"><fb:share-button type=\"box_count\" href=\"http:\/\/www.blogdopilako.com.br\/wp\/2017\/12\/19\/imbiziga-zeze-do-forro-27\/\"><\/fb:share-button><\/span><span class=\"mr_social_sharing\"><a rel=\"nofollow\" class=\"linksalpha_button linksalpha_link\" href=\"\/\/www.linksalpha.com\/social\/mobile\" data-url=\"http:\/\/www.blogdopilako.com.br\/wp\/2017\/12\/19\/imbiziga-zeze-do-forro-27\/\" data-text=\"Imbiziga \u2013 Zez\u00e9 do Forr\u00f3\" data-desc=\"Do novo CD de\u00a0Zez\u00e9 do Forr\u00f3, ou\u00e7a a m\u00fasica\u00a0IMBIZIGA, de autoria dos vitorienses\u00a0Aldenisio Tavares\u00a0e\u00a0Samuka Voice. Aldenisio Tavares\" data-image=\"\" data-button=\"none\">\n\t\t\t\t\t<img src=\"\/\/www.linksalpha.com\/images\/social_share_button.png\" alt=\"Share\" class=\"linksalpha_image\" \/>\n\t\t\t\t\t<\/a><script type=\"text\/javascript\" src=\"\/\/www.linksalpha.com\/scripts\/loader_iconbox.js?v=2.4\"><\/script><\/span><\/div><p>Do novo CD de\u00a0Zez\u00e9 do Forr\u00f3, ou\u00e7a a m\u00fasica\u00a0IMBIZIGA, de autoria dos vitorienses\u00a0Aldenisio Tavares\u00a0e\u00a0Samuka Voice. [wpaudio url=&#8221;http:\/\/www.blogdopilako.com.br\/wp\/wp-content\/uploads\/Imbiziga-Zeze-Do-Forro.mp3&#8243; text=&#8221;Imbiziga &#8211; Zez\u00e9 do Forr\u00f3&#8221; dl=&#8221;http:\/\/www.blogdopilako.com.br\/wp\/wp-content\/uploads\/Imbiziga-Zeze-Do-Forro.mp3&#8243;] Aldenisio Tavares<\/p>\n\n\t\t\t\t<div class=\"mr_social_sharing_wrapper\">\n\t\t\t\t<!-- Social Sharing Toolkit v2.2 --><span class=\"mr_social_sharing_top\"><span style=\"display: inline-block; width: 55px; height: 62px; overflow: hidden;\"><div class=\"fb-like\" data-href=\"http:\/\/www.blogdopilako.com.br\/wp\/2017\/12\/19\/imbiziga-zeze-do-forro-27\/\" data-send=\"false\" data-layout=\"box_count\" data-width=\"55\" data-show-faces=\"false\"><\/div><\/span><\/span><span class=\"mr_social_sharing_top\"><fb:share-button type=\"box_count\" href=\"http:\/\/www.blogdopilako.com.br\/wp\/2017\/12\/19\/imbiziga-zeze-do-forro-27\/\"><\/fb:share-button><\/span><span class=\"mr_social_sharing\"><a rel=\"nofollow\" class=\"linksalpha_button linksalpha_link\" href=\"\/\/www.linksalpha.com\/social\/mobile\" data-url=\"http:\/\/www.blogdopilako.com.br\/wp\/2017\/12\/19\/imbiziga-zeze-do-forro-27\/\" data-text=\"Imbiziga \u2013 Zez\u00e9 do Forr\u00f3\" data-desc=\"Do novo CD de\u00a0Zez\u00e9 do Forr\u00f3, ou\u00e7a a m\u00fasica\u00a0IMBIZIGA, de autoria dos vitorienses\u00a0Aldenisio Tavares\u00a0e\u00a0Samuka Voice. Aldenisio Tavares\" data-image=\"\" data-button=\"none\">\n\t\t\t\t\t<img src=\"\/\/www.linksalpha.com\/images\/social_share_button.png\" alt=\"Share\" class=\"linksalpha_image\" \/>\n\t\t\t\t\t<\/a><script type=\"text\/javascript\" src=\"\/\/www.linksalpha.com\/scripts\/loader_iconbox.js?v=2.4\"><\/script><\/span><\/div>","protected":false},"author":1,"featured_media":0,"comment_status":"open","ping_status":"open","sticky":false,"template":"","format":"standard","meta":[],"categories":[17],"tags":[],"_links":{"self":[{"href":"http:\/\/www.blogdopilako.com.br\/wp\/wp-json\/wp\/v2\/posts\/108363"}],"collection":[{"href":"http:\/\/www.blogdopilako.com.br\/wp\/wp-json\/wp\/v2\/posts"}],"about":[{"href":"http:\/\/www.blogdopilako.com.br\/wp\/wp-json\/wp\/v2\/types\/post"}],"author":[{"embeddable":true,"href":"http:\/\/www.blogdopilako.com.br\/wp\/wp-json\/wp\/v2\/users\/1"}],"replies":[{"embeddable":true,"href":"http:\/\/www.blogdopilako.com.br\/wp\/wp-json\/wp\/v2\/comments?post=108363"}],"version-history":[{"count":1,"href":"http:\/\/www.blogdopilako.com.br\/wp\/wp-json\/wp\/v2\/posts\/108363\/revisions"}],"predecessor-version":[{"id":108364,"href":"http:\/\/www.blogdopilako.com.br\/wp\/wp-json\/wp\/v2\/posts\/108363\/revisions\/108364"}],"wp:attachment":[{"href":"http:\/\/www.blogdopilako.com.br\/wp\/wp-json\/wp\/v2\/media?parent=108363"}],"wp:term":[{"taxonomy":"category","embeddable":true,"href":"http:\/\/www.blogdopilako.com.br\/wp\/wp-json\/wp\/v2\/categories?post=108363"},{"taxonomy":"post_tag","embeddable":true,"href":"http:\/\/www.blogdopilako.com.br\/wp\/wp-json\/wp\/v2\/tags?post=108363"}],"curies":[{"name":"wp","href":"https:\/\/api.w.org\/{rel}","templated":true}]}}