{"id":108324,"date":"2017-12-18T17:31:21","date_gmt":"2017-12-18T19:31:21","guid":{"rendered":"http:\/\/www.blogdopilako.com.br\/wp\/?p=108324"},"modified":"2017-12-18T22:03:52","modified_gmt":"2017-12-19T00:03:52","slug":"cemuvi-um-ponto-fora-da-curva-no-contexto-administrativo-politico-local","status":"publish","type":"post","link":"http:\/\/www.blogdopilako.com.br\/wp\/2017\/12\/18\/cemuvi-um-ponto-fora-da-curva-no-contexto-administrativo-politico-local\/","title":{"rendered":"CEMUVI &#8211; um &#8220;ponto fora da curva&#8221; no contexto administrativo\/pol\u00edtico local!"},"content":{"rendered":"\n\t\t\t\t<div class=\"mr_social_sharing_wrapper\">\n\t\t\t\t<!-- Social Sharing Toolkit v2.2 --><span class=\"mr_social_sharing_top\"><span style=\"display: inline-block; width: 55px; height: 62px; overflow: hidden;\"><div class=\"fb-like\" data-href=\"http:\/\/www.blogdopilako.com.br\/wp\/2017\/12\/18\/cemuvi-um-ponto-fora-da-curva-no-contexto-administrativo-politico-local\/\" data-send=\"false\" data-layout=\"box_count\" data-width=\"55\" data-show-faces=\"false\"><\/div><\/span><\/span><span class=\"mr_social_sharing_top\"><fb:share-button type=\"box_count\" href=\"http:\/\/www.blogdopilako.com.br\/wp\/2017\/12\/18\/cemuvi-um-ponto-fora-da-curva-no-contexto-administrativo-politico-local\/\"><\/fb:share-button><\/span><span class=\"mr_social_sharing\"><a rel=\"nofollow\" class=\"linksalpha_button linksalpha_link\" href=\"\/\/www.linksalpha.com\/social\/mobile\" data-url=\"http:\/\/www.blogdopilako.com.br\/wp\/2017\/12\/18\/cemuvi-um-ponto-fora-da-curva-no-contexto-administrativo-politico-local\/\" data-text=\"CEMUVI \u2013 um \u201cponto fora da curva\u201d no contexto administrativo\/pol\u00edtico local!\" data-desc=\"Na noite do domingo (17) fizemos um registro da apresenta\u00e7\u00e3o da Orquestra Sinf\u00f4nica Jovens da Vit\u00f3ria. Esse projeto, tocado pelo CEMUVI \u2013 Centro de M\u00fasica da Vit\u00f3ria \u2013 \u00e9 algo extraordin\u00e1rio, em todos os sentidos. Ali\u00e1s, a m\u00fasica transforma, ascende e eleva, sobretudo nas camadas\" data-image=\"http:\/\/www.blogdopilako.com.br\/wp\/wp-content\/uploads\/2017\/12\/IMG_1809-co\u0301pia.jpg\" data-button=\"none\">\n\t\t\t\t\t<img src=\"\/\/www.linksalpha.com\/images\/social_share_button.png\" alt=\"Share\" class=\"linksalpha_image\" \/>\n\t\t\t\t\t<\/a><script type=\"text\/javascript\" src=\"\/\/www.linksalpha.com\/scripts\/loader_iconbox.js?v=2.4\"><\/script><\/span><\/div><p style=\"text-align: justify;\"><a href=\"http:\/\/www.blogdopilako.com.br\/wp\/wp-content\/uploads\/2017\/12\/IMG_1809-co\u0301pia.jpg\"><img loading=\"lazy\" class=\"aligncenter size-full wp-image-108353\" src=\"http:\/\/www.blogdopilako.com.br\/wp\/wp-content\/uploads\/2017\/12\/IMG_1809-co\u0301pia.jpg\" alt=\"\" width=\"600\" height=\"450\" srcset=\"http:\/\/www.blogdopilako.com.br\/wp\/wp-content\/uploads\/2017\/12\/IMG_1809-co\u0301pia.jpg 600w, http:\/\/www.blogdopilako.com.br\/wp\/wp-content\/uploads\/2017\/12\/IMG_1809-co\u0301pia-300x225.jpg 300w\" sizes=\"(max-width: 600px) 100vw, 600px\" \/><\/a><\/p>\n<p style=\"text-align: justify;\">Na noite do domingo (17) fizemos um registro da apresenta\u00e7\u00e3o da<strong> Orquestra Sinf\u00f4nica Jovens da Vit\u00f3ria<\/strong>. Esse projeto, tocado pelo CEMUVI \u2013 Centro de M\u00fasica da Vit\u00f3ria \u2013 \u00e9 algo extraordin\u00e1rio, em todos os sentidos. Ali\u00e1s, a m\u00fasica transforma, ascende e eleva, sobretudo nas camadas sociais em que as oportunidades rareiam.<\/p>\n<p style=\"text-align: justify;\">Nesse sentido existem dois registros positivos a serem feitos:<\/p>\n<p style=\"text-align: justify;\">Primeiro: a cria\u00e7\u00e3o e efetiva\u00e7\u00e3o do CEMUVI pela gest\u00e3o do Governo de Todos, comandada pelo ent\u00e3o prefeito Elias Lira.<\/p>\n<p style=\"text-align: justify;\">Segundo: \u00e0 continuidade dessa a\u00e7\u00e3o pela nova gest\u00e3o que assumiu, a partir de janeiro de 2017, comandada pelo prefeito Aglailson Junior.<\/p>\n<p style=\"text-align: justify;\">Relacemos, por\u00e9m, que isso n\u00e3o \u00e9 comum na nossa cidade \u2013 bons projetos e a continuidade dos mesmos, tocado por outro grupo pol\u00edtico. Certamente louvemos essa obra ao nosso padroeiro Santo Ant\u00e3o que, certamente, \u00a0operou de maneira proativa milagrosa nesse contexto.<\/p>\n<p><iframe loading=\"lazy\" title=\"Blog do Pilako: VIT\u00d3RIA DE SANTO ANT\u00c3O - CEMUVI - DEZEMBRO 2017 - PRA\u00c7A - MATRIZ\" width=\"584\" height=\"329\" src=\"https:\/\/www.youtube.com\/embed\/kVhJiXzFxKk?feature=oembed\" frameborder=\"0\" allow=\"accelerometer; autoplay; clipboard-write; encrypted-media; gyroscope; picture-in-picture\" allowfullscreen><\/iframe><\/p>\n<p style=\"text-align: justify;\">A t\u00edtulo de sugest\u00e3o, ao novo prefeito e toda sua equipe, gostaria de real\u00e7ar o projeto social (musical) que j\u00e1 vem colhendo frutos e cumprindo o seu papel transformador, com louvou e reconhecimento h\u00e1 muito tempo na nossa cidade. O IAPAC \u2013 Instituto de Assist\u00eancia Profissional da Crian\u00e7a e Adolescente \u2013 dirigido pelo Maestro Freire, \u00a0\u00e9 um institui\u00e7\u00e3o importante para Vit\u00f3ria de Santo Ant\u00e3o, principalmente pelo seu car\u00e1ter transformador e agregador.<\/p>\n<p style=\"text-align: justify;\">De resto, concluo, que, do ponto de vista pol\u00edtico\/administrativo local, \u00a0visualizo o CEMUVI como um \u201cponto fora da curva\u201d, pois, normalmente, nossos gestores\u00a0 costumam d\u00e1 prosseguimento \u00e0s a\u00e7\u00f5es que n\u00e3o interessam a maioria da popula\u00e7\u00e3o e estacando alguma \u201cfagulha\u201d de lucidez e bom senso administrativo. Sendo assim, segue um duplo \u201cparab\u00e9ns\u201d: para o Elias Lira e para o Aglailson Junior&#8230;..<\/p>\n<p><a href=\"http:\/\/www.blogdopilako.com.br\/wp\/wp-content\/uploads\/2017\/12\/site.jpg\"><img loading=\"lazy\" class=\"aligncenter size-large wp-image-108355\" src=\"http:\/\/www.blogdopilako.com.br\/wp\/wp-content\/uploads\/2017\/12\/site.jpg\" alt=\"\" width=\"600\" height=\"450\" srcset=\"http:\/\/www.blogdopilako.com.br\/wp\/wp-content\/uploads\/2017\/12\/site.jpg 600w, http:\/\/www.blogdopilako.com.br\/wp\/wp-content\/uploads\/2017\/12\/site-300x225.jpg 300w\" sizes=\"(max-width: 600px) 100vw, 600px\" \/><\/a><\/p>\n\n\t\t\t\t<div class=\"mr_social_sharing_wrapper\">\n\t\t\t\t<!-- Social Sharing Toolkit v2.2 --><span class=\"mr_social_sharing_top\"><span style=\"display: inline-block; width: 55px; height: 62px; overflow: hidden;\"><div class=\"fb-like\" data-href=\"http:\/\/www.blogdopilako.com.br\/wp\/2017\/12\/18\/cemuvi-um-ponto-fora-da-curva-no-contexto-administrativo-politico-local\/\" data-send=\"false\" data-layout=\"box_count\" data-width=\"55\" data-show-faces=\"false\"><\/div><\/span><\/span><span class=\"mr_social_sharing_top\"><fb:share-button type=\"box_count\" href=\"http:\/\/www.blogdopilako.com.br\/wp\/2017\/12\/18\/cemuvi-um-ponto-fora-da-curva-no-contexto-administrativo-politico-local\/\"><\/fb:share-button><\/span><span class=\"mr_social_sharing\"><a rel=\"nofollow\" class=\"linksalpha_button linksalpha_link\" href=\"\/\/www.linksalpha.com\/social\/mobile\" data-url=\"http:\/\/www.blogdopilako.com.br\/wp\/2017\/12\/18\/cemuvi-um-ponto-fora-da-curva-no-contexto-administrativo-politico-local\/\" data-text=\"CEMUVI \u2013 um \u201cponto fora da curva\u201d no contexto administrativo\/pol\u00edtico local!\" data-desc=\"Na noite do domingo (17) fizemos um registro da apresenta\u00e7\u00e3o da Orquestra Sinf\u00f4nica Jovens da Vit\u00f3ria. Esse projeto, tocado pelo CEMUVI \u2013 Centro de M\u00fasica da Vit\u00f3ria \u2013 \u00e9 algo extraordin\u00e1rio, em todos os sentidos. Ali\u00e1s, a m\u00fasica transforma, ascende e eleva, sobretudo nas camadas\" data-image=\"http:\/\/www.blogdopilako.com.br\/wp\/wp-content\/uploads\/2017\/12\/IMG_1809-co\u0301pia.jpg\" data-button=\"none\">\n\t\t\t\t\t<img src=\"\/\/www.linksalpha.com\/images\/social_share_button.png\" alt=\"Share\" class=\"linksalpha_image\" \/>\n\t\t\t\t\t<\/a><script type=\"text\/javascript\" src=\"\/\/www.linksalpha.com\/scripts\/loader_iconbox.js?v=2.4\"><\/script><\/span><\/div>","protected":false},"excerpt":{"rendered":"\n\t\t\t\t<div class=\"mr_social_sharing_wrapper\">\n\t\t\t\t<!-- Social Sharing Toolkit v2.2 --><span class=\"mr_social_sharing_top\"><span style=\"display: inline-block; width: 55px; height: 62px; overflow: hidden;\"><div class=\"fb-like\" data-href=\"http:\/\/www.blogdopilako.com.br\/wp\/2017\/12\/18\/cemuvi-um-ponto-fora-da-curva-no-contexto-administrativo-politico-local\/\" data-send=\"false\" data-layout=\"box_count\" data-width=\"55\" data-show-faces=\"false\"><\/div><\/span><\/span><span class=\"mr_social_sharing_top\"><fb:share-button type=\"box_count\" href=\"http:\/\/www.blogdopilako.com.br\/wp\/2017\/12\/18\/cemuvi-um-ponto-fora-da-curva-no-contexto-administrativo-politico-local\/\"><\/fb:share-button><\/span><span class=\"mr_social_sharing\"><a rel=\"nofollow\" class=\"linksalpha_button linksalpha_link\" href=\"\/\/www.linksalpha.com\/social\/mobile\" data-url=\"http:\/\/www.blogdopilako.com.br\/wp\/2017\/12\/18\/cemuvi-um-ponto-fora-da-curva-no-contexto-administrativo-politico-local\/\" data-text=\"CEMUVI \u2013 um \u201cponto fora da curva\u201d no contexto administrativo\/pol\u00edtico local!\" data-desc=\"Na noite do domingo (17) fizemos um registro da apresenta\u00e7\u00e3o da Orquestra Sinf\u00f4nica Jovens da Vit\u00f3ria. Esse projeto, tocado pelo CEMUVI \u2013 Centro de M\u00fasica da Vit\u00f3ria \u2013 \u00e9 algo extraordin\u00e1rio, em todos os sentidos. Ali\u00e1s, a m\u00fasica transforma, ascende e eleva, sobretudo nas camadas\" data-image=\"\" data-button=\"none\">\n\t\t\t\t\t<img src=\"\/\/www.linksalpha.com\/images\/social_share_button.png\" alt=\"Share\" class=\"linksalpha_image\" \/>\n\t\t\t\t\t<\/a><script type=\"text\/javascript\" src=\"\/\/www.linksalpha.com\/scripts\/loader_iconbox.js?v=2.4\"><\/script><\/span><\/div><p>Na noite do domingo (17) fizemos um registro da apresenta\u00e7\u00e3o da Orquestra Sinf\u00f4nica Jovens da Vit\u00f3ria. Esse projeto, tocado pelo CEMUVI \u2013 Centro de M\u00fasica da Vit\u00f3ria \u2013 \u00e9 algo extraordin\u00e1rio, em todos os sentidos. Ali\u00e1s, a m\u00fasica transforma, ascende &hellip; <a href=\"http:\/\/www.blogdopilako.com.br\/wp\/2017\/12\/18\/cemuvi-um-ponto-fora-da-curva-no-contexto-administrativo-politico-local\/\">Continue lendo <span class=\"meta-nav\">&rarr;<\/span><\/a><\/p>\n\n\t\t\t\t<div class=\"mr_social_sharing_wrapper\">\n\t\t\t\t<!-- Social Sharing Toolkit v2.2 --><span class=\"mr_social_sharing_top\"><span style=\"display: inline-block; width: 55px; height: 62px; overflow: hidden;\"><div class=\"fb-like\" data-href=\"http:\/\/www.blogdopilako.com.br\/wp\/2017\/12\/18\/cemuvi-um-ponto-fora-da-curva-no-contexto-administrativo-politico-local\/\" data-send=\"false\" data-layout=\"box_count\" data-width=\"55\" data-show-faces=\"false\"><\/div><\/span><\/span><span class=\"mr_social_sharing_top\"><fb:share-button type=\"box_count\" href=\"http:\/\/www.blogdopilako.com.br\/wp\/2017\/12\/18\/cemuvi-um-ponto-fora-da-curva-no-contexto-administrativo-politico-local\/\"><\/fb:share-button><\/span><span class=\"mr_social_sharing\"><a rel=\"nofollow\" class=\"linksalpha_button linksalpha_link\" href=\"\/\/www.linksalpha.com\/social\/mobile\" data-url=\"http:\/\/www.blogdopilako.com.br\/wp\/2017\/12\/18\/cemuvi-um-ponto-fora-da-curva-no-contexto-administrativo-politico-local\/\" data-text=\"CEMUVI \u2013 um \u201cponto fora da curva\u201d no contexto administrativo\/pol\u00edtico local!\" data-desc=\"Na noite do domingo (17) fizemos um registro da apresenta\u00e7\u00e3o da Orquestra Sinf\u00f4nica Jovens da Vit\u00f3ria. Esse projeto, tocado pelo CEMUVI \u2013 Centro de M\u00fasica da Vit\u00f3ria \u2013 \u00e9 algo extraordin\u00e1rio, em todos os sentidos. Ali\u00e1s, a m\u00fasica transforma, ascende e eleva, sobretudo nas camadas\" data-image=\"\" data-button=\"none\">\n\t\t\t\t\t<img src=\"\/\/www.linksalpha.com\/images\/social_share_button.png\" alt=\"Share\" class=\"linksalpha_image\" \/>\n\t\t\t\t\t<\/a><script type=\"text\/javascript\" src=\"\/\/www.linksalpha.com\/scripts\/loader_iconbox.js?v=2.4\"><\/script><\/span><\/div>","protected":false},"author":2,"featured_media":0,"comment_status":"open","ping_status":"open","sticky":false,"template":"","format":"standard","meta":[],"categories":[22],"tags":[],"_links":{"self":[{"href":"http:\/\/www.blogdopilako.com.br\/wp\/wp-json\/wp\/v2\/posts\/108324"}],"collection":[{"href":"http:\/\/www.blogdopilako.com.br\/wp\/wp-json\/wp\/v2\/posts"}],"about":[{"href":"http:\/\/www.blogdopilako.com.br\/wp\/wp-json\/wp\/v2\/types\/post"}],"author":[{"embeddable":true,"href":"http:\/\/www.blogdopilako.com.br\/wp\/wp-json\/wp\/v2\/users\/2"}],"replies":[{"embeddable":true,"href":"http:\/\/www.blogdopilako.com.br\/wp\/wp-json\/wp\/v2\/comments?post=108324"}],"version-history":[{"count":5,"href":"http:\/\/www.blogdopilako.com.br\/wp\/wp-json\/wp\/v2\/posts\/108324\/revisions"}],"predecessor-version":[{"id":108356,"href":"http:\/\/www.blogdopilako.com.br\/wp\/wp-json\/wp\/v2\/posts\/108324\/revisions\/108356"}],"wp:attachment":[{"href":"http:\/\/www.blogdopilako.com.br\/wp\/wp-json\/wp\/v2\/media?parent=108324"}],"wp:term":[{"taxonomy":"category","embeddable":true,"href":"http:\/\/www.blogdopilako.com.br\/wp\/wp-json\/wp\/v2\/categories?post=108324"},{"taxonomy":"post_tag","embeddable":true,"href":"http:\/\/www.blogdopilako.com.br\/wp\/wp-json\/wp\/v2\/tags?post=108324"}],"curies":[{"name":"wp","href":"https:\/\/api.w.org\/{rel}","templated":true}]}}