{"id":10799,"date":"2011-12-27T14:30:22","date_gmt":"2011-12-27T17:30:22","guid":{"rendered":"http:\/\/www.blogdopilako.com.br\/wp\/?p=10799"},"modified":"2011-12-27T11:47:08","modified_gmt":"2011-12-27T14:47:08","slug":"internauta-registra-cavalos-pastando-em-via-movimentada","status":"publish","type":"post","link":"http:\/\/www.blogdopilako.com.br\/wp\/2011\/12\/27\/internauta-registra-cavalos-pastando-em-via-movimentada\/","title":{"rendered":"Internauta registra cavalos pastando em via movimentada"},"content":{"rendered":"\n\t\t\t\t<div class=\"mr_social_sharing_wrapper\">\n\t\t\t\t<!-- Social Sharing Toolkit v2.2 --><span class=\"mr_social_sharing_top\"><span style=\"display: inline-block; width: 55px; height: 62px; overflow: hidden;\"><div class=\"fb-like\" data-href=\"http:\/\/www.blogdopilako.com.br\/wp\/2011\/12\/27\/internauta-registra-cavalos-pastando-em-via-movimentada\/\" data-send=\"false\" data-layout=\"box_count\" data-width=\"55\" data-show-faces=\"false\"><\/div><\/span><\/span><span class=\"mr_social_sharing_top\"><fb:share-button type=\"box_count\" href=\"http:\/\/www.blogdopilako.com.br\/wp\/2011\/12\/27\/internauta-registra-cavalos-pastando-em-via-movimentada\/\"><\/fb:share-button><\/span><span class=\"mr_social_sharing\"><a rel=\"nofollow\" class=\"linksalpha_button linksalpha_link\" href=\"\/\/www.linksalpha.com\/social\/mobile\" data-url=\"http:\/\/www.blogdopilako.com.br\/wp\/2011\/12\/27\/internauta-registra-cavalos-pastando-em-via-movimentada\/\" data-text=\"Internauta registra cavalos pastando em via movimentada\" data-desc=\"Recebemos de um internauta, morador do bairro de reden\u00e7\u00e3o, que n\u00e3o quis se identificar, uma foto de cavalos pastando nos canteiros em frente a\u00a0concession\u00e1ria\u00a0Nova Ve\u00edculos, registrado na noite da \u00faltima sexta-feira (23), disse o internauta: \"Outro dia quase me lascava na pista, em frente a\" data-image=\"http:\/\/www.blogdopilako.com.br\/wp\/wp-content\/uploads\/cavalos-internauta1.jpg\" data-button=\"none\">\n\t\t\t\t\t<img src=\"\/\/www.linksalpha.com\/images\/social_share_button.png\" alt=\"Share\" class=\"linksalpha_image\" \/>\n\t\t\t\t\t<\/a><script type=\"text\/javascript\" src=\"\/\/www.linksalpha.com\/scripts\/loader_iconbox.js?v=2.4\"><\/script><\/span><\/div><p style=\"text-align: justify;\"><a href=\"http:\/\/www.blogdopilako.com.br\/wp\/wp-content\/uploads\/cavalos-internauta1.jpg\"><img loading=\"lazy\" class=\"size-full wp-image-10803 aligncenter\" title=\"cavalos-internauta\" src=\"http:\/\/www.blogdopilako.com.br\/wp\/wp-content\/uploads\/cavalos-internauta1.jpg\" alt=\"\" width=\"518\" height=\"295\" \/><\/a>Recebemos de um internauta, morador do bairro de reden\u00e7\u00e3o, que n\u00e3o quis se identificar, uma foto de cavalos pastando nos canteiros em frente a\u00a0concession\u00e1ria\u00a0Nova Ve\u00edculos, registrado na noite da \u00faltima sexta-feira (23), disse o internauta: &#8220;<em><strong>Outro dia quase me lascava na pista, em frente a loja de Man\u00e9 do Oiteiro, tive que botar a moto para banqueta e quase levo uma queda\u201d<\/strong><\/em>. Mais uma vez, cobramos por parte da Prefeitura uma atitude, com rela\u00e7\u00e3o aos animais soltos nas ruas e avenidas da cidade.<\/p>\n\n\t\t\t\t<div class=\"mr_social_sharing_wrapper\">\n\t\t\t\t<!-- Social Sharing Toolkit v2.2 --><span class=\"mr_social_sharing_top\"><span style=\"display: inline-block; width: 55px; height: 62px; overflow: hidden;\"><div class=\"fb-like\" data-href=\"http:\/\/www.blogdopilako.com.br\/wp\/2011\/12\/27\/internauta-registra-cavalos-pastando-em-via-movimentada\/\" data-send=\"false\" data-layout=\"box_count\" data-width=\"55\" data-show-faces=\"false\"><\/div><\/span><\/span><span class=\"mr_social_sharing_top\"><fb:share-button type=\"box_count\" href=\"http:\/\/www.blogdopilako.com.br\/wp\/2011\/12\/27\/internauta-registra-cavalos-pastando-em-via-movimentada\/\"><\/fb:share-button><\/span><span class=\"mr_social_sharing\"><a rel=\"nofollow\" class=\"linksalpha_button linksalpha_link\" href=\"\/\/www.linksalpha.com\/social\/mobile\" data-url=\"http:\/\/www.blogdopilako.com.br\/wp\/2011\/12\/27\/internauta-registra-cavalos-pastando-em-via-movimentada\/\" data-text=\"Internauta registra cavalos pastando em via movimentada\" data-desc=\"Recebemos de um internauta, morador do bairro de reden\u00e7\u00e3o, que n\u00e3o quis se identificar, uma foto de cavalos pastando nos canteiros em frente a\u00a0concession\u00e1ria\u00a0Nova Ve\u00edculos, registrado na noite da \u00faltima sexta-feira (23), disse o internauta: \"Outro dia quase me lascava na pista, em frente a\" data-image=\"http:\/\/www.blogdopilako.com.br\/wp\/wp-content\/uploads\/cavalos-internauta1.jpg\" data-button=\"none\">\n\t\t\t\t\t<img src=\"\/\/www.linksalpha.com\/images\/social_share_button.png\" alt=\"Share\" class=\"linksalpha_image\" \/>\n\t\t\t\t\t<\/a><script type=\"text\/javascript\" src=\"\/\/www.linksalpha.com\/scripts\/loader_iconbox.js?v=2.4\"><\/script><\/span><\/div>","protected":false},"excerpt":{"rendered":"\n\t\t\t\t<div class=\"mr_social_sharing_wrapper\">\n\t\t\t\t<!-- Social Sharing Toolkit v2.2 --><span class=\"mr_social_sharing_top\"><span style=\"display: inline-block; width: 55px; height: 62px; overflow: hidden;\"><div class=\"fb-like\" data-href=\"http:\/\/www.blogdopilako.com.br\/wp\/2011\/12\/27\/internauta-registra-cavalos-pastando-em-via-movimentada\/\" data-send=\"false\" data-layout=\"box_count\" data-width=\"55\" data-show-faces=\"false\"><\/div><\/span><\/span><span class=\"mr_social_sharing_top\"><fb:share-button type=\"box_count\" href=\"http:\/\/www.blogdopilako.com.br\/wp\/2011\/12\/27\/internauta-registra-cavalos-pastando-em-via-movimentada\/\"><\/fb:share-button><\/span><span class=\"mr_social_sharing\"><a rel=\"nofollow\" class=\"linksalpha_button linksalpha_link\" href=\"\/\/www.linksalpha.com\/social\/mobile\" data-url=\"http:\/\/www.blogdopilako.com.br\/wp\/2011\/12\/27\/internauta-registra-cavalos-pastando-em-via-movimentada\/\" data-text=\"Internauta registra cavalos pastando em via movimentada\" data-desc=\"Recebemos de um internauta, morador do bairro de reden\u00e7\u00e3o, que n\u00e3o quis se identificar, uma foto de cavalos pastando nos canteiros em frente a\u00a0concession\u00e1ria\u00a0Nova Ve\u00edculos, registrado na noite da \u00faltima sexta-feira (23), disse o internauta: \"Outro dia quase me lascava na pista, em frente a\" data-image=\"\" data-button=\"none\">\n\t\t\t\t\t<img src=\"\/\/www.linksalpha.com\/images\/social_share_button.png\" alt=\"Share\" class=\"linksalpha_image\" \/>\n\t\t\t\t\t<\/a><script type=\"text\/javascript\" src=\"\/\/www.linksalpha.com\/scripts\/loader_iconbox.js?v=2.4\"><\/script><\/span><\/div>\n\t\t\t\t<div class=\"mr_social_sharing_wrapper\">\n\t\t\t\t<!-- Social Sharing Toolkit v2.2 --><span class=\"mr_social_sharing_top\"><span style=\"display: inline-block; width: 55px; height: 62px; overflow: hidden;\"><div class=\"fb-like\" data-href=\"http:\/\/www.blogdopilako.com.br\/wp\/2011\/12\/27\/internauta-registra-cavalos-pastando-em-via-movimentada\/\" data-send=\"false\" data-layout=\"box_count\" data-width=\"55\" data-show-faces=\"false\"><\/div><\/span><\/span><span class=\"mr_social_sharing_top\"><fb:share-button type=\"box_count\" href=\"http:\/\/www.blogdopilako.com.br\/wp\/2011\/12\/27\/internauta-registra-cavalos-pastando-em-via-movimentada\/\"><\/fb:share-button><\/span><span class=\"mr_social_sharing\"><a rel=\"nofollow\" class=\"linksalpha_button linksalpha_link\" href=\"\/\/www.linksalpha.com\/social\/mobile\" data-url=\"http:\/\/www.blogdopilako.com.br\/wp\/2011\/12\/27\/internauta-registra-cavalos-pastando-em-via-movimentada\/\" data-text=\"Internauta registra cavalos pastando em via movimentada\" data-desc=\"Recebemos de um internauta, morador do bairro de reden\u00e7\u00e3o, que n\u00e3o quis se identificar, uma foto de cavalos pastando nos canteiros em frente a\u00a0concession\u00e1ria\u00a0Nova Ve\u00edculos, registrado na noite da \u00faltima sexta-feira (23), disse o internauta: \"Outro dia quase me lascava na pista, em frente a\" data-image=\"\" data-button=\"none\">\n\t\t\t\t\t<img src=\"\/\/www.linksalpha.com\/images\/social_share_button.png\" alt=\"Share\" class=\"linksalpha_image\" \/>\n\t\t\t\t\t<\/a><script type=\"text\/javascript\" src=\"\/\/www.linksalpha.com\/scripts\/loader_iconbox.js?v=2.4\"><\/script><\/span><\/div>","protected":false},"author":4,"featured_media":0,"comment_status":"open","ping_status":"open","sticky":false,"template":"","format":"standard","meta":[],"categories":[21,22],"tags":[],"_links":{"self":[{"href":"http:\/\/www.blogdopilako.com.br\/wp\/wp-json\/wp\/v2\/posts\/10799"}],"collection":[{"href":"http:\/\/www.blogdopilako.com.br\/wp\/wp-json\/wp\/v2\/posts"}],"about":[{"href":"http:\/\/www.blogdopilako.com.br\/wp\/wp-json\/wp\/v2\/types\/post"}],"author":[{"embeddable":true,"href":"http:\/\/www.blogdopilako.com.br\/wp\/wp-json\/wp\/v2\/users\/4"}],"replies":[{"embeddable":true,"href":"http:\/\/www.blogdopilako.com.br\/wp\/wp-json\/wp\/v2\/comments?post=10799"}],"version-history":[{"count":2,"href":"http:\/\/www.blogdopilako.com.br\/wp\/wp-json\/wp\/v2\/posts\/10799\/revisions"}],"predecessor-version":[{"id":10804,"href":"http:\/\/www.blogdopilako.com.br\/wp\/wp-json\/wp\/v2\/posts\/10799\/revisions\/10804"}],"wp:attachment":[{"href":"http:\/\/www.blogdopilako.com.br\/wp\/wp-json\/wp\/v2\/media?parent=10799"}],"wp:term":[{"taxonomy":"category","embeddable":true,"href":"http:\/\/www.blogdopilako.com.br\/wp\/wp-json\/wp\/v2\/categories?post=10799"},{"taxonomy":"post_tag","embeddable":true,"href":"http:\/\/www.blogdopilako.com.br\/wp\/wp-json\/wp\/v2\/tags?post=10799"}],"curies":[{"name":"wp","href":"https:\/\/api.w.org\/{rel}","templated":true}]}}