{"id":107080,"date":"2017-11-06T16:01:51","date_gmt":"2017-11-06T18:01:51","guid":{"rendered":"http:\/\/www.blogdopilako.com.br\/wp\/?p=107080"},"modified":"2017-11-06T17:02:33","modified_gmt":"2017-11-06T19:02:33","slug":"em-reuniao-ordinaria-instituto-historico-recebe-mais-uma-peca-para-o-seu-acervo","status":"publish","type":"post","link":"http:\/\/www.blogdopilako.com.br\/wp\/2017\/11\/06\/em-reuniao-ordinaria-instituto-historico-recebe-mais-uma-peca-para-o-seu-acervo\/","title":{"rendered":"Em reuni\u00e3o ordin\u00e1ria Instituto Hist\u00f3rico recebe mais uma pe\u00e7a para o seu acervo."},"content":{"rendered":"\n\t\t\t\t<div class=\"mr_social_sharing_wrapper\">\n\t\t\t\t<!-- Social Sharing Toolkit v2.2 --><span class=\"mr_social_sharing_top\"><span style=\"display: inline-block; width: 55px; height: 62px; overflow: hidden;\"><div class=\"fb-like\" data-href=\"http:\/\/www.blogdopilako.com.br\/wp\/2017\/11\/06\/em-reuniao-ordinaria-instituto-historico-recebe-mais-uma-peca-para-o-seu-acervo\/\" data-send=\"false\" data-layout=\"box_count\" data-width=\"55\" data-show-faces=\"false\"><\/div><\/span><\/span><span class=\"mr_social_sharing_top\"><fb:share-button type=\"box_count\" href=\"http:\/\/www.blogdopilako.com.br\/wp\/2017\/11\/06\/em-reuniao-ordinaria-instituto-historico-recebe-mais-uma-peca-para-o-seu-acervo\/\"><\/fb:share-button><\/span><span class=\"mr_social_sharing\"><a rel=\"nofollow\" class=\"linksalpha_button linksalpha_link\" href=\"\/\/www.linksalpha.com\/social\/mobile\" data-url=\"http:\/\/www.blogdopilako.com.br\/wp\/2017\/11\/06\/em-reuniao-ordinaria-instituto-historico-recebe-mais-uma-peca-para-o-seu-acervo\/\" data-text=\"Em reuni\u00e3o ordin\u00e1ria Instituto Hist\u00f3rico recebe mais uma pe\u00e7a para o seu acervo.\" data-desc=\"Aconteceu na manh\u00e3 do domingo (05) a reuni\u00e3o ordin\u00e1ria do nosso Instituto Hist\u00f3rico que, entre outros objetivos, debateu a pauta do evento alusivo \u00e0s comemora\u00e7\u00f5es dos sessenta e sete anos da institui\u00e7\u00e3o, que acontecer\u00e1 no pr\u00f3ximo dia 17. A solenidade contar\u00e1 com aposi\u00e7\u00e3o de\" data-image=\"http:\/\/www.blogdopilako.com.br\/wp\/wp-content\/uploads\/2017\/11\/IMG_1127-copiar.jpg\" data-button=\"none\">\n\t\t\t\t\t<img src=\"\/\/www.linksalpha.com\/images\/social_share_button.png\" alt=\"Share\" class=\"linksalpha_image\" \/>\n\t\t\t\t\t<\/a><script type=\"text\/javascript\" src=\"\/\/www.linksalpha.com\/scripts\/loader_iconbox.js?v=2.4\"><\/script><\/span><\/div><p style=\"text-align: justify;\"><a href=\"http:\/\/www.blogdopilako.com.br\/wp\/wp-content\/uploads\/2017\/11\/IMG_1127-copiar.jpg\"><img loading=\"lazy\" class=\"aligncenter size-full wp-image-107106\" src=\"http:\/\/www.blogdopilako.com.br\/wp\/wp-content\/uploads\/2017\/11\/IMG_1127-copiar.jpg\" alt=\"\" width=\"600\" height=\"450\" srcset=\"http:\/\/www.blogdopilako.com.br\/wp\/wp-content\/uploads\/2017\/11\/IMG_1127-copiar.jpg 600w, http:\/\/www.blogdopilako.com.br\/wp\/wp-content\/uploads\/2017\/11\/IMG_1127-copiar-300x225.jpg 300w\" sizes=\"(max-width: 600px) 100vw, 600px\" \/><\/a><\/p>\n<p style=\"text-align: justify;\">Aconteceu na manh\u00e3 do domingo (05) a reuni\u00e3o ordin\u00e1ria do nosso <strong>Instituto Hist\u00f3rico<\/strong> que, entre outros objetivos, debateu a pauta do evento alusivo \u00e0s comemora\u00e7\u00f5es dos sessenta e sete anos da institui\u00e7\u00e3o, que acontecer\u00e1 no pr\u00f3ximo dia 17.<\/p>\n<p style=\"text-align: justify;\">A solenidade contar\u00e1 com aposi\u00e7\u00e3o de fotografias, tomada de posse de novos s\u00f3cios, entrega de t\u00edtulos, abertura de exposi\u00e7\u00e3o e palestra proferida pelo secret\u00e1rio do Instituto Arqueol\u00f3gico Pernambucano, <strong>Reinaldo Carneiro Le\u00e3o<\/strong>, sobre a forma\u00e7\u00e3o dos principais engenhos vitorienses. Ap\u00f3s a sess\u00e3o solene ser\u00e1 servido um coquetel.<\/p>\n<p><iframe loading=\"lazy\" title=\"Blog do Pilako: VIT\u00d3RIA DE SANTO ANT\u00c3O - INSTITUTO HIST\u00d3RICO - MARILENE - NOVEMBRO 2017\" width=\"584\" height=\"329\" src=\"https:\/\/www.youtube.com\/embed\/X99FI5YNfC0?feature=oembed\" frameborder=\"0\" allow=\"accelerometer; autoplay; clipboard-write; encrypted-media; gyroscope; picture-in-picture\" allowfullscreen><\/iframe><\/p>\n<p style=\"text-align: justify;\">Atrav\u00e9s da professora e artista vitoriense, <strong>Marilene<\/strong>, juntamente com seu irm\u00e3o, a reuni\u00e3o do domingo tamb\u00e9m contou com um momento teatral.<\/p>\n<p style=\"text-align: justify;\"><a href=\"http:\/\/www.blogdopilako.com.br\/wp\/wp-content\/uploads\/2017\/11\/IMG_1130-copiar.jpg\"><img loading=\"lazy\" class=\"aligncenter size-full wp-image-107105\" src=\"http:\/\/www.blogdopilako.com.br\/wp\/wp-content\/uploads\/2017\/11\/IMG_1130-copiar.jpg\" alt=\"\" width=\"600\" height=\"450\" srcset=\"http:\/\/www.blogdopilako.com.br\/wp\/wp-content\/uploads\/2017\/11\/IMG_1130-copiar.jpg 600w, http:\/\/www.blogdopilako.com.br\/wp\/wp-content\/uploads\/2017\/11\/IMG_1130-copiar-300x225.jpg 300w\" sizes=\"(max-width: 600px) 100vw, 600px\" \/><\/a><\/p>\n<p style=\"text-align: justify;\">De maneira espont\u00e2nea e c\u00edvica o casal, <strong>\u00a0Ednaldo e Terezita Torres<\/strong>, fizeram a doa\u00e7\u00e3o de uma c\u00e2mera filmadora para o acervo do Museu da \u201c<strong>Casa do Imperador<\/strong>\u201d. Entre as muitas imagens captadas pela mesma est\u00e3o os carnavais de mais de uma d\u00e9cada da nossa terra. Na ocasi\u00e3o, realizamos um pequeno v\u00eddeo com o casal amigo.<\/p>\n<p><iframe loading=\"lazy\" title=\"Blog do Pilako: VIT\u00d3RIA DE SANTO ANT\u00c3O - INSTITUTO HIST\u00d3RICO - EDNALDO TEREZITA - NOVEMBRO 2017\" width=\"584\" height=\"329\" src=\"https:\/\/www.youtube.com\/embed\/CbZjxSMuLb0?start=2&#038;feature=oembed\" frameborder=\"0\" allow=\"accelerometer; autoplay; clipboard-write; encrypted-media; gyroscope; picture-in-picture\" allowfullscreen><\/iframe><\/p>\n\n\t\t\t\t<div class=\"mr_social_sharing_wrapper\">\n\t\t\t\t<!-- Social Sharing Toolkit v2.2 --><span class=\"mr_social_sharing_top\"><span style=\"display: inline-block; width: 55px; height: 62px; overflow: hidden;\"><div class=\"fb-like\" data-href=\"http:\/\/www.blogdopilako.com.br\/wp\/2017\/11\/06\/em-reuniao-ordinaria-instituto-historico-recebe-mais-uma-peca-para-o-seu-acervo\/\" data-send=\"false\" data-layout=\"box_count\" data-width=\"55\" data-show-faces=\"false\"><\/div><\/span><\/span><span class=\"mr_social_sharing_top\"><fb:share-button type=\"box_count\" href=\"http:\/\/www.blogdopilako.com.br\/wp\/2017\/11\/06\/em-reuniao-ordinaria-instituto-historico-recebe-mais-uma-peca-para-o-seu-acervo\/\"><\/fb:share-button><\/span><span class=\"mr_social_sharing\"><a rel=\"nofollow\" class=\"linksalpha_button linksalpha_link\" href=\"\/\/www.linksalpha.com\/social\/mobile\" data-url=\"http:\/\/www.blogdopilako.com.br\/wp\/2017\/11\/06\/em-reuniao-ordinaria-instituto-historico-recebe-mais-uma-peca-para-o-seu-acervo\/\" data-text=\"Em reuni\u00e3o ordin\u00e1ria Instituto Hist\u00f3rico recebe mais uma pe\u00e7a para o seu acervo.\" data-desc=\"Aconteceu na manh\u00e3 do domingo (05) a reuni\u00e3o ordin\u00e1ria do nosso Instituto Hist\u00f3rico que, entre outros objetivos, debateu a pauta do evento alusivo \u00e0s comemora\u00e7\u00f5es dos sessenta e sete anos da institui\u00e7\u00e3o, que acontecer\u00e1 no pr\u00f3ximo dia 17. A solenidade contar\u00e1 com aposi\u00e7\u00e3o de\" data-image=\"http:\/\/www.blogdopilako.com.br\/wp\/wp-content\/uploads\/2017\/11\/IMG_1127-copiar.jpg\" data-button=\"none\">\n\t\t\t\t\t<img src=\"\/\/www.linksalpha.com\/images\/social_share_button.png\" alt=\"Share\" class=\"linksalpha_image\" \/>\n\t\t\t\t\t<\/a><script type=\"text\/javascript\" src=\"\/\/www.linksalpha.com\/scripts\/loader_iconbox.js?v=2.4\"><\/script><\/span><\/div>","protected":false},"excerpt":{"rendered":"\n\t\t\t\t<div class=\"mr_social_sharing_wrapper\">\n\t\t\t\t<!-- Social Sharing Toolkit v2.2 --><span class=\"mr_social_sharing_top\"><span style=\"display: inline-block; width: 55px; height: 62px; overflow: hidden;\"><div class=\"fb-like\" data-href=\"http:\/\/www.blogdopilako.com.br\/wp\/2017\/11\/06\/em-reuniao-ordinaria-instituto-historico-recebe-mais-uma-peca-para-o-seu-acervo\/\" data-send=\"false\" data-layout=\"box_count\" data-width=\"55\" data-show-faces=\"false\"><\/div><\/span><\/span><span class=\"mr_social_sharing_top\"><fb:share-button type=\"box_count\" href=\"http:\/\/www.blogdopilako.com.br\/wp\/2017\/11\/06\/em-reuniao-ordinaria-instituto-historico-recebe-mais-uma-peca-para-o-seu-acervo\/\"><\/fb:share-button><\/span><span class=\"mr_social_sharing\"><a rel=\"nofollow\" class=\"linksalpha_button linksalpha_link\" href=\"\/\/www.linksalpha.com\/social\/mobile\" data-url=\"http:\/\/www.blogdopilako.com.br\/wp\/2017\/11\/06\/em-reuniao-ordinaria-instituto-historico-recebe-mais-uma-peca-para-o-seu-acervo\/\" data-text=\"Em reuni\u00e3o ordin\u00e1ria Instituto Hist\u00f3rico recebe mais uma pe\u00e7a para o seu acervo.\" data-desc=\"Aconteceu na manh\u00e3 do domingo (05) a reuni\u00e3o ordin\u00e1ria do nosso Instituto Hist\u00f3rico que, entre outros objetivos, debateu a pauta do evento alusivo \u00e0s comemora\u00e7\u00f5es dos sessenta e sete anos da institui\u00e7\u00e3o, que acontecer\u00e1 no pr\u00f3ximo dia 17. A solenidade contar\u00e1 com aposi\u00e7\u00e3o de\" data-image=\"\" data-button=\"none\">\n\t\t\t\t\t<img src=\"\/\/www.linksalpha.com\/images\/social_share_button.png\" alt=\"Share\" class=\"linksalpha_image\" \/>\n\t\t\t\t\t<\/a><script type=\"text\/javascript\" src=\"\/\/www.linksalpha.com\/scripts\/loader_iconbox.js?v=2.4\"><\/script><\/span><\/div><p>Aconteceu na manh\u00e3 do domingo (05) a reuni\u00e3o ordin\u00e1ria do nosso Instituto Hist\u00f3rico que, entre outros objetivos, debateu a pauta do evento alusivo \u00e0s comemora\u00e7\u00f5es dos sessenta e sete anos da institui\u00e7\u00e3o, que acontecer\u00e1 no pr\u00f3ximo dia 17. A solenidade &hellip; <a href=\"http:\/\/www.blogdopilako.com.br\/wp\/2017\/11\/06\/em-reuniao-ordinaria-instituto-historico-recebe-mais-uma-peca-para-o-seu-acervo\/\">Continue lendo <span class=\"meta-nav\">&rarr;<\/span><\/a><\/p>\n\n\t\t\t\t<div class=\"mr_social_sharing_wrapper\">\n\t\t\t\t<!-- Social Sharing Toolkit v2.2 --><span class=\"mr_social_sharing_top\"><span style=\"display: inline-block; width: 55px; height: 62px; overflow: hidden;\"><div class=\"fb-like\" data-href=\"http:\/\/www.blogdopilako.com.br\/wp\/2017\/11\/06\/em-reuniao-ordinaria-instituto-historico-recebe-mais-uma-peca-para-o-seu-acervo\/\" data-send=\"false\" data-layout=\"box_count\" data-width=\"55\" data-show-faces=\"false\"><\/div><\/span><\/span><span class=\"mr_social_sharing_top\"><fb:share-button type=\"box_count\" href=\"http:\/\/www.blogdopilako.com.br\/wp\/2017\/11\/06\/em-reuniao-ordinaria-instituto-historico-recebe-mais-uma-peca-para-o-seu-acervo\/\"><\/fb:share-button><\/span><span class=\"mr_social_sharing\"><a rel=\"nofollow\" class=\"linksalpha_button linksalpha_link\" href=\"\/\/www.linksalpha.com\/social\/mobile\" data-url=\"http:\/\/www.blogdopilako.com.br\/wp\/2017\/11\/06\/em-reuniao-ordinaria-instituto-historico-recebe-mais-uma-peca-para-o-seu-acervo\/\" data-text=\"Em reuni\u00e3o ordin\u00e1ria Instituto Hist\u00f3rico recebe mais uma pe\u00e7a para o seu acervo.\" data-desc=\"Aconteceu na manh\u00e3 do domingo (05) a reuni\u00e3o ordin\u00e1ria do nosso Instituto Hist\u00f3rico que, entre outros objetivos, debateu a pauta do evento alusivo \u00e0s comemora\u00e7\u00f5es dos sessenta e sete anos da institui\u00e7\u00e3o, que acontecer\u00e1 no pr\u00f3ximo dia 17. A solenidade contar\u00e1 com aposi\u00e7\u00e3o de\" data-image=\"\" data-button=\"none\">\n\t\t\t\t\t<img src=\"\/\/www.linksalpha.com\/images\/social_share_button.png\" alt=\"Share\" class=\"linksalpha_image\" \/>\n\t\t\t\t\t<\/a><script type=\"text\/javascript\" src=\"\/\/www.linksalpha.com\/scripts\/loader_iconbox.js?v=2.4\"><\/script><\/span><\/div>","protected":false},"author":2,"featured_media":0,"comment_status":"open","ping_status":"open","sticky":false,"template":"","format":"standard","meta":[],"categories":[22],"tags":[],"_links":{"self":[{"href":"http:\/\/www.blogdopilako.com.br\/wp\/wp-json\/wp\/v2\/posts\/107080"}],"collection":[{"href":"http:\/\/www.blogdopilako.com.br\/wp\/wp-json\/wp\/v2\/posts"}],"about":[{"href":"http:\/\/www.blogdopilako.com.br\/wp\/wp-json\/wp\/v2\/types\/post"}],"author":[{"embeddable":true,"href":"http:\/\/www.blogdopilako.com.br\/wp\/wp-json\/wp\/v2\/users\/2"}],"replies":[{"embeddable":true,"href":"http:\/\/www.blogdopilako.com.br\/wp\/wp-json\/wp\/v2\/comments?post=107080"}],"version-history":[{"count":5,"href":"http:\/\/www.blogdopilako.com.br\/wp\/wp-json\/wp\/v2\/posts\/107080\/revisions"}],"predecessor-version":[{"id":107113,"href":"http:\/\/www.blogdopilako.com.br\/wp\/wp-json\/wp\/v2\/posts\/107080\/revisions\/107113"}],"wp:attachment":[{"href":"http:\/\/www.blogdopilako.com.br\/wp\/wp-json\/wp\/v2\/media?parent=107080"}],"wp:term":[{"taxonomy":"category","embeddable":true,"href":"http:\/\/www.blogdopilako.com.br\/wp\/wp-json\/wp\/v2\/categories?post=107080"},{"taxonomy":"post_tag","embeddable":true,"href":"http:\/\/www.blogdopilako.com.br\/wp\/wp-json\/wp\/v2\/tags?post=107080"}],"curies":[{"name":"wp","href":"https:\/\/api.w.org\/{rel}","templated":true}]}}