{"id":105821,"date":"2017-09-26T12:32:43","date_gmt":"2017-09-26T15:32:43","guid":{"rendered":"http:\/\/www.blogdopilako.com.br\/wp\/?p=105821"},"modified":"2017-09-26T12:32:43","modified_gmt":"2017-09-26T15:32:43","slug":"momento-grau-tecnico-vitoria-542","status":"publish","type":"post","link":"http:\/\/www.blogdopilako.com.br\/wp\/2017\/09\/26\/momento-grau-tecnico-vitoria-542\/","title":{"rendered":"Momento Grau T\u00e9cnico Vit\u00f3ria"},"content":{"rendered":"\n\t\t\t\t<div class=\"mr_social_sharing_wrapper\">\n\t\t\t\t<!-- Social Sharing Toolkit v2.2 --><span class=\"mr_social_sharing_top\"><span style=\"display: inline-block; width: 55px; height: 62px; overflow: hidden;\"><div class=\"fb-like\" data-href=\"http:\/\/www.blogdopilako.com.br\/wp\/2017\/09\/26\/momento-grau-tecnico-vitoria-542\/\" data-send=\"false\" data-layout=\"box_count\" data-width=\"55\" data-show-faces=\"false\"><\/div><\/span><\/span><span class=\"mr_social_sharing_top\"><fb:share-button type=\"box_count\" href=\"http:\/\/www.blogdopilako.com.br\/wp\/2017\/09\/26\/momento-grau-tecnico-vitoria-542\/\"><\/fb:share-button><\/span><span class=\"mr_social_sharing\"><a rel=\"nofollow\" class=\"linksalpha_button linksalpha_link\" href=\"\/\/www.linksalpha.com\/social\/mobile\" data-url=\"http:\/\/www.blogdopilako.com.br\/wp\/2017\/09\/26\/momento-grau-tecnico-vitoria-542\/\" data-text=\"Momento Grau T\u00e9cnico Vit\u00f3ria\" data-desc=\"O Grau T\u00e9cnico foi a empresa pernambucana mais bem colocada no ranking das PMEs que mais crescem no Brasil, feito pela Deloitte. Foi eleita 1\u00ba lugar na categoria Educa\u00e7\u00e3o, 1\u00ba lugar entre as empresas pernambucanas e 3\u00ba lugar em todo o nordeste. No ranking nacional, ficou na 34\u00aa posi\u00e7\u00e3o,\" data-image=\"http:\/\/www.blogdopilako.com.br\/wp\/wp-content\/uploads\/2017\/09\/21768012_1509265732454643_717318085505628199_n.png\" data-button=\"none\">\n\t\t\t\t\t<img src=\"\/\/www.linksalpha.com\/images\/social_share_button.png\" alt=\"Share\" class=\"linksalpha_image\" \/>\n\t\t\t\t\t<\/a><script type=\"text\/javascript\" src=\"\/\/www.linksalpha.com\/scripts\/loader_iconbox.js?v=2.4\"><\/script><\/span><\/div><p><a href=\"http:\/\/www.blogdopilako.com.br\/wp\/wp-content\/uploads\/2017\/09\/21768012_1509265732454643_717318085505628199_n.png\"><img loading=\"lazy\" class=\"aligncenter  wp-image-105822\" src=\"http:\/\/www.blogdopilako.com.br\/wp\/wp-content\/uploads\/2017\/09\/21768012_1509265732454643_717318085505628199_n.png\" alt=\"\" width=\"608\" height=\"608\" srcset=\"http:\/\/www.blogdopilako.com.br\/wp\/wp-content\/uploads\/2017\/09\/21768012_1509265732454643_717318085505628199_n.png 960w, http:\/\/www.blogdopilako.com.br\/wp\/wp-content\/uploads\/2017\/09\/21768012_1509265732454643_717318085505628199_n-150x150.png 150w, http:\/\/www.blogdopilako.com.br\/wp\/wp-content\/uploads\/2017\/09\/21768012_1509265732454643_717318085505628199_n-300x300.png 300w, http:\/\/www.blogdopilako.com.br\/wp\/wp-content\/uploads\/2017\/09\/21768012_1509265732454643_717318085505628199_n-768x768.png 768w\" sizes=\"(max-width: 608px) 100vw, 608px\" \/><\/a><\/p>\n<p style=\"text-align: justify;\">O Grau T\u00e9cnico foi a empresa pernambucana mais bem colocada no ranking das PMEs que mais crescem no Brasil, feito pela Deloitte. Foi eleita 1\u00ba lugar na categoria Educa\u00e7\u00e3o, 1\u00ba lugar entre as empresas pernambucanas e 3\u00ba lugar em todo o nordeste. No ranking nacional, ficou na 34\u00aa posi\u00e7\u00e3o, demonstrando mais uma vez a sua qualidade e capacidade de se reinventar, seguindo como um bom investimento, mesmo com o momento conturbado que o pa\u00eds vive. Dedica\u00e7\u00e3o e amor pelo ensino fazem da nossa empresa, um sucesso constante. Obrigado a todos que fazem parte desse projeto! Quem pensa no futuro, faz Grau T\u00e9cnico.\u00a0<a class=\"_58cn\" href=\"https:\/\/www.facebook.com\/hashtag\/premio\" data-ft=\"{&quot;tn&quot;:&quot;*N&quot;,&quot;type&quot;:104}\">#Premio<\/a>\u00a0<a class=\"_58cn\" href=\"https:\/\/www.facebook.com\/hashtag\/qualidade\" data-ft=\"{&quot;tn&quot;:&quot;*N&quot;,&quot;type&quot;:104}\">#Qualidade<\/a>\u00a0<a class=\"_58cn\" href=\"https:\/\/www.facebook.com\/hashtag\/grautecnico\" data-ft=\"{&quot;tn&quot;:&quot;*N&quot;,&quot;type&quot;:104}\">#GrauTecnico<\/a><\/p>\n\n\t\t\t\t<div class=\"mr_social_sharing_wrapper\">\n\t\t\t\t<!-- Social Sharing Toolkit v2.2 --><span class=\"mr_social_sharing_top\"><span style=\"display: inline-block; width: 55px; height: 62px; overflow: hidden;\"><div class=\"fb-like\" data-href=\"http:\/\/www.blogdopilako.com.br\/wp\/2017\/09\/26\/momento-grau-tecnico-vitoria-542\/\" data-send=\"false\" data-layout=\"box_count\" data-width=\"55\" data-show-faces=\"false\"><\/div><\/span><\/span><span class=\"mr_social_sharing_top\"><fb:share-button type=\"box_count\" href=\"http:\/\/www.blogdopilako.com.br\/wp\/2017\/09\/26\/momento-grau-tecnico-vitoria-542\/\"><\/fb:share-button><\/span><span class=\"mr_social_sharing\"><a rel=\"nofollow\" class=\"linksalpha_button linksalpha_link\" href=\"\/\/www.linksalpha.com\/social\/mobile\" data-url=\"http:\/\/www.blogdopilako.com.br\/wp\/2017\/09\/26\/momento-grau-tecnico-vitoria-542\/\" data-text=\"Momento Grau T\u00e9cnico Vit\u00f3ria\" data-desc=\"O Grau T\u00e9cnico foi a empresa pernambucana mais bem colocada no ranking das PMEs que mais crescem no Brasil, feito pela Deloitte. Foi eleita 1\u00ba lugar na categoria Educa\u00e7\u00e3o, 1\u00ba lugar entre as empresas pernambucanas e 3\u00ba lugar em todo o nordeste. No ranking nacional, ficou na 34\u00aa posi\u00e7\u00e3o,\" data-image=\"http:\/\/www.blogdopilako.com.br\/wp\/wp-content\/uploads\/2017\/09\/21768012_1509265732454643_717318085505628199_n.png\" data-button=\"none\">\n\t\t\t\t\t<img src=\"\/\/www.linksalpha.com\/images\/social_share_button.png\" alt=\"Share\" class=\"linksalpha_image\" \/>\n\t\t\t\t\t<\/a><script type=\"text\/javascript\" src=\"\/\/www.linksalpha.com\/scripts\/loader_iconbox.js?v=2.4\"><\/script><\/span><\/div>","protected":false},"excerpt":{"rendered":"\n\t\t\t\t<div class=\"mr_social_sharing_wrapper\">\n\t\t\t\t<!-- Social Sharing Toolkit v2.2 --><span class=\"mr_social_sharing_top\"><span style=\"display: inline-block; width: 55px; height: 62px; overflow: hidden;\"><div class=\"fb-like\" data-href=\"http:\/\/www.blogdopilako.com.br\/wp\/2017\/09\/26\/momento-grau-tecnico-vitoria-542\/\" data-send=\"false\" data-layout=\"box_count\" data-width=\"55\" data-show-faces=\"false\"><\/div><\/span><\/span><span class=\"mr_social_sharing_top\"><fb:share-button type=\"box_count\" href=\"http:\/\/www.blogdopilako.com.br\/wp\/2017\/09\/26\/momento-grau-tecnico-vitoria-542\/\"><\/fb:share-button><\/span><span class=\"mr_social_sharing\"><a rel=\"nofollow\" class=\"linksalpha_button linksalpha_link\" href=\"\/\/www.linksalpha.com\/social\/mobile\" data-url=\"http:\/\/www.blogdopilako.com.br\/wp\/2017\/09\/26\/momento-grau-tecnico-vitoria-542\/\" data-text=\"Momento Grau T\u00e9cnico Vit\u00f3ria\" data-desc=\"O Grau T\u00e9cnico foi a empresa pernambucana mais bem colocada no ranking das PMEs que mais crescem no Brasil, feito pela Deloitte. Foi eleita 1\u00ba lugar na categoria Educa\u00e7\u00e3o, 1\u00ba lugar entre as empresas pernambucanas e 3\u00ba lugar em todo o nordeste. No ranking nacional, ficou na 34\u00aa posi\u00e7\u00e3o,\" data-image=\"\" data-button=\"none\">\n\t\t\t\t\t<img src=\"\/\/www.linksalpha.com\/images\/social_share_button.png\" alt=\"Share\" class=\"linksalpha_image\" \/>\n\t\t\t\t\t<\/a><script type=\"text\/javascript\" src=\"\/\/www.linksalpha.com\/scripts\/loader_iconbox.js?v=2.4\"><\/script><\/span><\/div><p>O Grau T\u00e9cnico foi a empresa pernambucana mais bem colocada no ranking das PMEs que mais crescem no Brasil, feito pela Deloitte. Foi eleita 1\u00ba lugar na categoria Educa\u00e7\u00e3o, 1\u00ba lugar entre as empresas pernambucanas e 3\u00ba lugar em todo &hellip; <a href=\"http:\/\/www.blogdopilako.com.br\/wp\/2017\/09\/26\/momento-grau-tecnico-vitoria-542\/\">Continue lendo <span class=\"meta-nav\">&rarr;<\/span><\/a><\/p>\n\n\t\t\t\t<div class=\"mr_social_sharing_wrapper\">\n\t\t\t\t<!-- Social Sharing Toolkit v2.2 --><span class=\"mr_social_sharing_top\"><span style=\"display: inline-block; width: 55px; height: 62px; overflow: hidden;\"><div class=\"fb-like\" data-href=\"http:\/\/www.blogdopilako.com.br\/wp\/2017\/09\/26\/momento-grau-tecnico-vitoria-542\/\" data-send=\"false\" data-layout=\"box_count\" data-width=\"55\" data-show-faces=\"false\"><\/div><\/span><\/span><span class=\"mr_social_sharing_top\"><fb:share-button type=\"box_count\" href=\"http:\/\/www.blogdopilako.com.br\/wp\/2017\/09\/26\/momento-grau-tecnico-vitoria-542\/\"><\/fb:share-button><\/span><span class=\"mr_social_sharing\"><a rel=\"nofollow\" class=\"linksalpha_button linksalpha_link\" href=\"\/\/www.linksalpha.com\/social\/mobile\" data-url=\"http:\/\/www.blogdopilako.com.br\/wp\/2017\/09\/26\/momento-grau-tecnico-vitoria-542\/\" data-text=\"Momento Grau T\u00e9cnico Vit\u00f3ria\" data-desc=\"O Grau T\u00e9cnico foi a empresa pernambucana mais bem colocada no ranking das PMEs que mais crescem no Brasil, feito pela Deloitte. Foi eleita 1\u00ba lugar na categoria Educa\u00e7\u00e3o, 1\u00ba lugar entre as empresas pernambucanas e 3\u00ba lugar em todo o nordeste. No ranking nacional, ficou na 34\u00aa posi\u00e7\u00e3o,\" data-image=\"\" data-button=\"none\">\n\t\t\t\t\t<img src=\"\/\/www.linksalpha.com\/images\/social_share_button.png\" alt=\"Share\" class=\"linksalpha_image\" \/>\n\t\t\t\t\t<\/a><script type=\"text\/javascript\" src=\"\/\/www.linksalpha.com\/scripts\/loader_iconbox.js?v=2.4\"><\/script><\/span><\/div>","protected":false},"author":1,"featured_media":0,"comment_status":"open","ping_status":"open","sticky":false,"template":"","format":"standard","meta":[],"categories":[120],"tags":[],"_links":{"self":[{"href":"http:\/\/www.blogdopilako.com.br\/wp\/wp-json\/wp\/v2\/posts\/105821"}],"collection":[{"href":"http:\/\/www.blogdopilako.com.br\/wp\/wp-json\/wp\/v2\/posts"}],"about":[{"href":"http:\/\/www.blogdopilako.com.br\/wp\/wp-json\/wp\/v2\/types\/post"}],"author":[{"embeddable":true,"href":"http:\/\/www.blogdopilako.com.br\/wp\/wp-json\/wp\/v2\/users\/1"}],"replies":[{"embeddable":true,"href":"http:\/\/www.blogdopilako.com.br\/wp\/wp-json\/wp\/v2\/comments?post=105821"}],"version-history":[{"count":1,"href":"http:\/\/www.blogdopilako.com.br\/wp\/wp-json\/wp\/v2\/posts\/105821\/revisions"}],"predecessor-version":[{"id":105823,"href":"http:\/\/www.blogdopilako.com.br\/wp\/wp-json\/wp\/v2\/posts\/105821\/revisions\/105823"}],"wp:attachment":[{"href":"http:\/\/www.blogdopilako.com.br\/wp\/wp-json\/wp\/v2\/media?parent=105821"}],"wp:term":[{"taxonomy":"category","embeddable":true,"href":"http:\/\/www.blogdopilako.com.br\/wp\/wp-json\/wp\/v2\/categories?post=105821"},{"taxonomy":"post_tag","embeddable":true,"href":"http:\/\/www.blogdopilako.com.br\/wp\/wp-json\/wp\/v2\/tags?post=105821"}],"curies":[{"name":"wp","href":"https:\/\/api.w.org\/{rel}","templated":true}]}}