{"id":103637,"date":"2017-07-24T11:17:19","date_gmt":"2017-07-24T14:17:19","guid":{"rendered":"http:\/\/www.blogdopilako.com.br\/wp\/?p=103637"},"modified":"2017-07-24T11:17:19","modified_gmt":"2017-07-24T14:17:19","slug":"momento-grau-tecnico-vitoria-500","status":"publish","type":"post","link":"http:\/\/www.blogdopilako.com.br\/wp\/2017\/07\/24\/momento-grau-tecnico-vitoria-500\/","title":{"rendered":"Momento Grau T\u00e9cnico Vit\u00f3ria"},"content":{"rendered":"\n\t\t\t\t<div class=\"mr_social_sharing_wrapper\">\n\t\t\t\t<!-- Social Sharing Toolkit v2.2 --><span class=\"mr_social_sharing_top\"><span style=\"display: inline-block; width: 55px; height: 62px; overflow: hidden;\"><div class=\"fb-like\" data-href=\"http:\/\/www.blogdopilako.com.br\/wp\/2017\/07\/24\/momento-grau-tecnico-vitoria-500\/\" data-send=\"false\" data-layout=\"box_count\" data-width=\"55\" data-show-faces=\"false\"><\/div><\/span><\/span><span class=\"mr_social_sharing_top\"><fb:share-button type=\"box_count\" href=\"http:\/\/www.blogdopilako.com.br\/wp\/2017\/07\/24\/momento-grau-tecnico-vitoria-500\/\"><\/fb:share-button><\/span><span class=\"mr_social_sharing\"><a rel=\"nofollow\" class=\"linksalpha_button linksalpha_link\" href=\"\/\/www.linksalpha.com\/social\/mobile\" data-url=\"http:\/\/www.blogdopilako.com.br\/wp\/2017\/07\/24\/momento-grau-tecnico-vitoria-500\/\" data-text=\"Momento Grau T\u00e9cnico Vit\u00f3ria\" data-desc=\"Duas disciplinas em especial marcam presen\u00e7a em quase todos os nossos cursos: Empreendedorismo e \u00c9tica. E isso n\u00e3o acontece por uma simples coincid\u00eancia! Toda a nossa grade curricular \u00e9 pensada para al\u00e9m de oferecer forma\u00e7\u00e3o b\u00e1sica, despertar no ser humano a import\u00e2ncia do conhecimento\" data-image=\"http:\/\/www.blogdopilako.com.br\/wp\/wp-content\/uploads\/2017\/07\/20232851_1444775762236974_7806365054009511807_o-1024x1024.jpg\" data-button=\"none\">\n\t\t\t\t\t<img src=\"\/\/www.linksalpha.com\/images\/social_share_button.png\" alt=\"Share\" class=\"linksalpha_image\" \/>\n\t\t\t\t\t<\/a><script type=\"text\/javascript\" src=\"\/\/www.linksalpha.com\/scripts\/loader_iconbox.js?v=2.4\"><\/script><\/span><\/div><p><a href=\"http:\/\/www.blogdopilako.com.br\/wp\/wp-content\/uploads\/2017\/07\/20232851_1444775762236974_7806365054009511807_o.jpg\"><img loading=\"lazy\" class=\"aligncenter  wp-image-103638\" src=\"http:\/\/www.blogdopilako.com.br\/wp\/wp-content\/uploads\/2017\/07\/20232851_1444775762236974_7806365054009511807_o-1024x1024.jpg\" alt=\"\" width=\"560\" height=\"560\" srcset=\"http:\/\/www.blogdopilako.com.br\/wp\/wp-content\/uploads\/2017\/07\/20232851_1444775762236974_7806365054009511807_o-1024x1024.jpg 1024w, http:\/\/www.blogdopilako.com.br\/wp\/wp-content\/uploads\/2017\/07\/20232851_1444775762236974_7806365054009511807_o-150x150.jpg 150w, http:\/\/www.blogdopilako.com.br\/wp\/wp-content\/uploads\/2017\/07\/20232851_1444775762236974_7806365054009511807_o-300x300.jpg 300w, http:\/\/www.blogdopilako.com.br\/wp\/wp-content\/uploads\/2017\/07\/20232851_1444775762236974_7806365054009511807_o-768x768.jpg 768w, http:\/\/www.blogdopilako.com.br\/wp\/wp-content\/uploads\/2017\/07\/20232851_1444775762236974_7806365054009511807_o.jpg 1080w\" sizes=\"(max-width: 560px) 100vw, 560px\" \/><\/a><\/p>\n<p style=\"text-align: justify;\">Duas disciplinas em especial marcam presen\u00e7a em quase todos os nossos cursos: Empreendedorismo e \u00c9tica. E isso n\u00e3o acontece por uma simples coincid\u00eancia! Toda a nossa grade curricular \u00e9 pensada para al\u00e9m de oferecer forma\u00e7\u00e3o b\u00e1sica, despertar no ser humano a import\u00e2ncia do conhecimento t\u00e9cnico, como tamb\u00e9m em conscientiz\u00e1-lo para a solidariedade, o respeito ao pr\u00f3ximo e o trabalho em equipe. Estamos comprometidos em abrir caminhos para oportunidades que beneficiem tanto ao indiv\u00edduo quanto ao coletivo, orientando a realiza\u00e7\u00e3o profissional e a inser\u00e7\u00e3o social, atrav\u00e9s de uma educa\u00e7\u00e3o estimuladora e operadora de inova\u00e7\u00f5es na sociedade.\u00a0<a class=\"_58cn\" href=\"https:\/\/www.facebook.com\/hashtag\/grautecnico\" data-ft=\"{&quot;tn&quot;:&quot;*N&quot;,&quot;type&quot;:104}\">#GrauTecnico<\/a><\/p>\n\n\t\t\t\t<div class=\"mr_social_sharing_wrapper\">\n\t\t\t\t<!-- Social Sharing Toolkit v2.2 --><span class=\"mr_social_sharing_top\"><span style=\"display: inline-block; width: 55px; height: 62px; overflow: hidden;\"><div class=\"fb-like\" data-href=\"http:\/\/www.blogdopilako.com.br\/wp\/2017\/07\/24\/momento-grau-tecnico-vitoria-500\/\" data-send=\"false\" data-layout=\"box_count\" data-width=\"55\" data-show-faces=\"false\"><\/div><\/span><\/span><span class=\"mr_social_sharing_top\"><fb:share-button type=\"box_count\" href=\"http:\/\/www.blogdopilako.com.br\/wp\/2017\/07\/24\/momento-grau-tecnico-vitoria-500\/\"><\/fb:share-button><\/span><span class=\"mr_social_sharing\"><a rel=\"nofollow\" class=\"linksalpha_button linksalpha_link\" href=\"\/\/www.linksalpha.com\/social\/mobile\" data-url=\"http:\/\/www.blogdopilako.com.br\/wp\/2017\/07\/24\/momento-grau-tecnico-vitoria-500\/\" data-text=\"Momento Grau T\u00e9cnico Vit\u00f3ria\" data-desc=\"Duas disciplinas em especial marcam presen\u00e7a em quase todos os nossos cursos: Empreendedorismo e \u00c9tica. E isso n\u00e3o acontece por uma simples coincid\u00eancia! Toda a nossa grade curricular \u00e9 pensada para al\u00e9m de oferecer forma\u00e7\u00e3o b\u00e1sica, despertar no ser humano a import\u00e2ncia do conhecimento\" data-image=\"http:\/\/www.blogdopilako.com.br\/wp\/wp-content\/uploads\/2017\/07\/20232851_1444775762236974_7806365054009511807_o-1024x1024.jpg\" data-button=\"none\">\n\t\t\t\t\t<img src=\"\/\/www.linksalpha.com\/images\/social_share_button.png\" alt=\"Share\" class=\"linksalpha_image\" \/>\n\t\t\t\t\t<\/a><script type=\"text\/javascript\" src=\"\/\/www.linksalpha.com\/scripts\/loader_iconbox.js?v=2.4\"><\/script><\/span><\/div>","protected":false},"excerpt":{"rendered":"\n\t\t\t\t<div class=\"mr_social_sharing_wrapper\">\n\t\t\t\t<!-- Social Sharing Toolkit v2.2 --><span class=\"mr_social_sharing_top\"><span style=\"display: inline-block; width: 55px; height: 62px; overflow: hidden;\"><div class=\"fb-like\" data-href=\"http:\/\/www.blogdopilako.com.br\/wp\/2017\/07\/24\/momento-grau-tecnico-vitoria-500\/\" data-send=\"false\" data-layout=\"box_count\" data-width=\"55\" data-show-faces=\"false\"><\/div><\/span><\/span><span class=\"mr_social_sharing_top\"><fb:share-button type=\"box_count\" href=\"http:\/\/www.blogdopilako.com.br\/wp\/2017\/07\/24\/momento-grau-tecnico-vitoria-500\/\"><\/fb:share-button><\/span><span class=\"mr_social_sharing\"><a rel=\"nofollow\" class=\"linksalpha_button linksalpha_link\" href=\"\/\/www.linksalpha.com\/social\/mobile\" data-url=\"http:\/\/www.blogdopilako.com.br\/wp\/2017\/07\/24\/momento-grau-tecnico-vitoria-500\/\" data-text=\"Momento Grau T\u00e9cnico Vit\u00f3ria\" data-desc=\"Duas disciplinas em especial marcam presen\u00e7a em quase todos os nossos cursos: Empreendedorismo e \u00c9tica. E isso n\u00e3o acontece por uma simples coincid\u00eancia! Toda a nossa grade curricular \u00e9 pensada para al\u00e9m de oferecer forma\u00e7\u00e3o b\u00e1sica, despertar no ser humano a import\u00e2ncia do conhecimento\" data-image=\"\" data-button=\"none\">\n\t\t\t\t\t<img src=\"\/\/www.linksalpha.com\/images\/social_share_button.png\" alt=\"Share\" class=\"linksalpha_image\" \/>\n\t\t\t\t\t<\/a><script type=\"text\/javascript\" src=\"\/\/www.linksalpha.com\/scripts\/loader_iconbox.js?v=2.4\"><\/script><\/span><\/div><p>Duas disciplinas em especial marcam presen\u00e7a em quase todos os nossos cursos: Empreendedorismo e \u00c9tica. E isso n\u00e3o acontece por uma simples coincid\u00eancia! Toda a nossa grade curricular \u00e9 pensada para al\u00e9m de oferecer forma\u00e7\u00e3o b\u00e1sica, despertar no ser humano &hellip; <a href=\"http:\/\/www.blogdopilako.com.br\/wp\/2017\/07\/24\/momento-grau-tecnico-vitoria-500\/\">Continue lendo <span class=\"meta-nav\">&rarr;<\/span><\/a><\/p>\n\n\t\t\t\t<div class=\"mr_social_sharing_wrapper\">\n\t\t\t\t<!-- Social Sharing Toolkit v2.2 --><span class=\"mr_social_sharing_top\"><span style=\"display: inline-block; width: 55px; height: 62px; overflow: hidden;\"><div class=\"fb-like\" data-href=\"http:\/\/www.blogdopilako.com.br\/wp\/2017\/07\/24\/momento-grau-tecnico-vitoria-500\/\" data-send=\"false\" data-layout=\"box_count\" data-width=\"55\" data-show-faces=\"false\"><\/div><\/span><\/span><span class=\"mr_social_sharing_top\"><fb:share-button type=\"box_count\" href=\"http:\/\/www.blogdopilako.com.br\/wp\/2017\/07\/24\/momento-grau-tecnico-vitoria-500\/\"><\/fb:share-button><\/span><span class=\"mr_social_sharing\"><a rel=\"nofollow\" class=\"linksalpha_button linksalpha_link\" href=\"\/\/www.linksalpha.com\/social\/mobile\" data-url=\"http:\/\/www.blogdopilako.com.br\/wp\/2017\/07\/24\/momento-grau-tecnico-vitoria-500\/\" data-text=\"Momento Grau T\u00e9cnico Vit\u00f3ria\" data-desc=\"Duas disciplinas em especial marcam presen\u00e7a em quase todos os nossos cursos: Empreendedorismo e \u00c9tica. E isso n\u00e3o acontece por uma simples coincid\u00eancia! Toda a nossa grade curricular \u00e9 pensada para al\u00e9m de oferecer forma\u00e7\u00e3o b\u00e1sica, despertar no ser humano a import\u00e2ncia do conhecimento\" data-image=\"\" data-button=\"none\">\n\t\t\t\t\t<img src=\"\/\/www.linksalpha.com\/images\/social_share_button.png\" alt=\"Share\" class=\"linksalpha_image\" \/>\n\t\t\t\t\t<\/a><script type=\"text\/javascript\" src=\"\/\/www.linksalpha.com\/scripts\/loader_iconbox.js?v=2.4\"><\/script><\/span><\/div>","protected":false},"author":1,"featured_media":0,"comment_status":"open","ping_status":"open","sticky":false,"template":"","format":"standard","meta":[],"categories":[120],"tags":[],"_links":{"self":[{"href":"http:\/\/www.blogdopilako.com.br\/wp\/wp-json\/wp\/v2\/posts\/103637"}],"collection":[{"href":"http:\/\/www.blogdopilako.com.br\/wp\/wp-json\/wp\/v2\/posts"}],"about":[{"href":"http:\/\/www.blogdopilako.com.br\/wp\/wp-json\/wp\/v2\/types\/post"}],"author":[{"embeddable":true,"href":"http:\/\/www.blogdopilako.com.br\/wp\/wp-json\/wp\/v2\/users\/1"}],"replies":[{"embeddable":true,"href":"http:\/\/www.blogdopilako.com.br\/wp\/wp-json\/wp\/v2\/comments?post=103637"}],"version-history":[{"count":1,"href":"http:\/\/www.blogdopilako.com.br\/wp\/wp-json\/wp\/v2\/posts\/103637\/revisions"}],"predecessor-version":[{"id":103639,"href":"http:\/\/www.blogdopilako.com.br\/wp\/wp-json\/wp\/v2\/posts\/103637\/revisions\/103639"}],"wp:attachment":[{"href":"http:\/\/www.blogdopilako.com.br\/wp\/wp-json\/wp\/v2\/media?parent=103637"}],"wp:term":[{"taxonomy":"category","embeddable":true,"href":"http:\/\/www.blogdopilako.com.br\/wp\/wp-json\/wp\/v2\/categories?post=103637"},{"taxonomy":"post_tag","embeddable":true,"href":"http:\/\/www.blogdopilako.com.br\/wp\/wp-json\/wp\/v2\/tags?post=103637"}],"curies":[{"name":"wp","href":"https:\/\/api.w.org\/{rel}","templated":true}]}}