{"id":10159,"date":"2011-12-15T15:56:22","date_gmt":"2011-12-15T18:56:22","guid":{"rendered":"http:\/\/www.blogdopilako.com.br\/wp\/?p=10159"},"modified":"2011-12-15T15:57:22","modified_gmt":"2011-12-15T18:57:22","slug":"para-voce-o-que-foi-de-relevante-durante-o-ano-de-2011-2","status":"publish","type":"post","link":"http:\/\/www.blogdopilako.com.br\/wp\/2011\/12\/15\/para-voce-o-que-foi-de-relevante-durante-o-ano-de-2011-2\/","title":{"rendered":"Para voc\u00ea, o que foi de relevante durante o ano de 2011?"},"content":{"rendered":"\n\t\t\t\t<div class=\"mr_social_sharing_wrapper\">\n\t\t\t\t<!-- Social Sharing Toolkit v2.2 --><span class=\"mr_social_sharing_top\"><span style=\"display: inline-block; width: 55px; height: 62px; overflow: hidden;\"><div class=\"fb-like\" data-href=\"http:\/\/www.blogdopilako.com.br\/wp\/2011\/12\/15\/para-voce-o-que-foi-de-relevante-durante-o-ano-de-2011-2\/\" data-send=\"false\" data-layout=\"box_count\" data-width=\"55\" data-show-faces=\"false\"><\/div><\/span><\/span><span class=\"mr_social_sharing_top\"><fb:share-button type=\"box_count\" href=\"http:\/\/www.blogdopilako.com.br\/wp\/2011\/12\/15\/para-voce-o-que-foi-de-relevante-durante-o-ano-de-2011-2\/\"><\/fb:share-button><\/span><span class=\"mr_social_sharing\"><a rel=\"nofollow\" class=\"linksalpha_button linksalpha_link\" href=\"\/\/www.linksalpha.com\/social\/mobile\" data-url=\"http:\/\/www.blogdopilako.com.br\/wp\/2011\/12\/15\/para-voce-o-que-foi-de-relevante-durante-o-ano-de-2011-2\/\" data-text=\"Para voc\u00ea, o que foi de relevante durante o ano de 2011?\" data-desc=\"Sintonizado com os grandes meios de comunica\u00e7\u00e3o, que sempre ao final de cada ano, condensa em um programa intitulado\u00a0RETROSPECTIVA,\u00a0os fatos marcantes e importantes do Brasil e do Mundo, nosso\u00a0Jornal Eletr\u00f4nico Vitoriense, de maneira inovadora na cidade, est\u00e1 convidando o internauta para\" data-image=\"http:\/\/www.blogdopilako.com.br\/wp\/wp-content\/uploads\/ano2011.jpg\" data-button=\"none\">\n\t\t\t\t\t<img src=\"\/\/www.linksalpha.com\/images\/social_share_button.png\" alt=\"Share\" class=\"linksalpha_image\" \/>\n\t\t\t\t\t<\/a><script type=\"text\/javascript\" src=\"\/\/www.linksalpha.com\/scripts\/loader_iconbox.js?v=2.4\"><\/script><\/span><\/div><p style=\"text-align: justify;\"><a href=\"http:\/\/www.blogdopilako.com.br\/wp\/wp-content\/uploads\/ano2011.jpg\"><img loading=\"lazy\" class=\"aligncenter\" title=\"ano2011\" src=\"http:\/\/www.blogdopilako.com.br\/wp\/wp-content\/uploads\/ano2011.jpg\" alt=\"\" width=\"410\" height=\"208\" \/><\/a>Sintonizado com os grandes meios de comunica\u00e7\u00e3o, que sempre ao final de cada ano, condensa em um programa intitulado\u00a0<em><strong>RETROSPECTIVA,\u00a0<\/strong><\/em>os fatos marcantes e importantes do Brasil e do Mundo, nosso\u00a0<em><strong>Jornal Eletr\u00f4nico Vitoriense<\/strong><\/em>, de maneira inovadora na cidade, est\u00e1 convidando o internauta para construir e catalogar conosco, os fatos nas mais diversas \u00e1reas que foram importantes e relevantes para nossa cidade, em 2011.<\/p>\n<p style=\"text-align: justify;\">Portanto, envie pelo\u00a0<a href=\"mailto:contato@blogdopilako.com.br\">contato@blogdopilako.com.br<\/a>\u00a0a sua sugest\u00e3o e indica\u00e7\u00e3o para que no per\u00edodos de\u00a0<em><strong>26 a 30<\/strong><\/em>\u00a0de dezembro fa\u00e7amos nossa retrospectiva vitoriense. Ou se preferir, comente nesta postagem!\u00a0<em><strong>Para voc\u00ea, o que foi de relevante durante o ano de 2011?<\/strong><\/em><\/p>\n\n\t\t\t\t<div class=\"mr_social_sharing_wrapper\">\n\t\t\t\t<!-- Social Sharing Toolkit v2.2 --><span class=\"mr_social_sharing_top\"><span style=\"display: inline-block; width: 55px; height: 62px; overflow: hidden;\"><div class=\"fb-like\" data-href=\"http:\/\/www.blogdopilako.com.br\/wp\/2011\/12\/15\/para-voce-o-que-foi-de-relevante-durante-o-ano-de-2011-2\/\" data-send=\"false\" data-layout=\"box_count\" data-width=\"55\" data-show-faces=\"false\"><\/div><\/span><\/span><span class=\"mr_social_sharing_top\"><fb:share-button type=\"box_count\" href=\"http:\/\/www.blogdopilako.com.br\/wp\/2011\/12\/15\/para-voce-o-que-foi-de-relevante-durante-o-ano-de-2011-2\/\"><\/fb:share-button><\/span><span class=\"mr_social_sharing\"><a rel=\"nofollow\" class=\"linksalpha_button linksalpha_link\" href=\"\/\/www.linksalpha.com\/social\/mobile\" data-url=\"http:\/\/www.blogdopilako.com.br\/wp\/2011\/12\/15\/para-voce-o-que-foi-de-relevante-durante-o-ano-de-2011-2\/\" data-text=\"Para voc\u00ea, o que foi de relevante durante o ano de 2011?\" data-desc=\"Sintonizado com os grandes meios de comunica\u00e7\u00e3o, que sempre ao final de cada ano, condensa em um programa intitulado\u00a0RETROSPECTIVA,\u00a0os fatos marcantes e importantes do Brasil e do Mundo, nosso\u00a0Jornal Eletr\u00f4nico Vitoriense, de maneira inovadora na cidade, est\u00e1 convidando o internauta para\" data-image=\"http:\/\/www.blogdopilako.com.br\/wp\/wp-content\/uploads\/ano2011.jpg\" data-button=\"none\">\n\t\t\t\t\t<img src=\"\/\/www.linksalpha.com\/images\/social_share_button.png\" alt=\"Share\" class=\"linksalpha_image\" \/>\n\t\t\t\t\t<\/a><script type=\"text\/javascript\" src=\"\/\/www.linksalpha.com\/scripts\/loader_iconbox.js?v=2.4\"><\/script><\/span><\/div>","protected":false},"excerpt":{"rendered":"\n\t\t\t\t<div class=\"mr_social_sharing_wrapper\">\n\t\t\t\t<!-- Social Sharing Toolkit v2.2 --><span class=\"mr_social_sharing_top\"><span style=\"display: inline-block; width: 55px; height: 62px; overflow: hidden;\"><div class=\"fb-like\" data-href=\"http:\/\/www.blogdopilako.com.br\/wp\/2011\/12\/15\/para-voce-o-que-foi-de-relevante-durante-o-ano-de-2011-2\/\" data-send=\"false\" data-layout=\"box_count\" data-width=\"55\" data-show-faces=\"false\"><\/div><\/span><\/span><span class=\"mr_social_sharing_top\"><fb:share-button type=\"box_count\" href=\"http:\/\/www.blogdopilako.com.br\/wp\/2011\/12\/15\/para-voce-o-que-foi-de-relevante-durante-o-ano-de-2011-2\/\"><\/fb:share-button><\/span><span class=\"mr_social_sharing\"><a rel=\"nofollow\" class=\"linksalpha_button linksalpha_link\" href=\"\/\/www.linksalpha.com\/social\/mobile\" data-url=\"http:\/\/www.blogdopilako.com.br\/wp\/2011\/12\/15\/para-voce-o-que-foi-de-relevante-durante-o-ano-de-2011-2\/\" data-text=\"Para voc\u00ea, o que foi de relevante durante o ano de 2011?\" data-desc=\"Sintonizado com os grandes meios de comunica\u00e7\u00e3o, que sempre ao final de cada ano, condensa em um programa intitulado\u00a0RETROSPECTIVA,\u00a0os fatos marcantes e importantes do Brasil e do Mundo, nosso\u00a0Jornal Eletr\u00f4nico Vitoriense, de maneira inovadora na cidade, est\u00e1 convidando o internauta para\" data-image=\"\" data-button=\"none\">\n\t\t\t\t\t<img src=\"\/\/www.linksalpha.com\/images\/social_share_button.png\" alt=\"Share\" class=\"linksalpha_image\" \/>\n\t\t\t\t\t<\/a><script type=\"text\/javascript\" src=\"\/\/www.linksalpha.com\/scripts\/loader_iconbox.js?v=2.4\"><\/script><\/span><\/div><p>Sintonizado com os grandes meios de comunica\u00e7\u00e3o, que sempre ao final de cada ano, condensa em um programa intitulado\u00a0RETROSPECTIVA,\u00a0os fatos marcantes e importantes do Brasil e do Mundo, nosso\u00a0Jornal Eletr\u00f4nico Vitoriense, de maneira inovadora na cidade, est\u00e1 convidando o internauta &hellip; <a href=\"http:\/\/www.blogdopilako.com.br\/wp\/2011\/12\/15\/para-voce-o-que-foi-de-relevante-durante-o-ano-de-2011-2\/\">Continue lendo <span class=\"meta-nav\">&rarr;<\/span><\/a><\/p>\n\n\t\t\t\t<div class=\"mr_social_sharing_wrapper\">\n\t\t\t\t<!-- Social Sharing Toolkit v2.2 --><span class=\"mr_social_sharing_top\"><span style=\"display: inline-block; width: 55px; height: 62px; overflow: hidden;\"><div class=\"fb-like\" data-href=\"http:\/\/www.blogdopilako.com.br\/wp\/2011\/12\/15\/para-voce-o-que-foi-de-relevante-durante-o-ano-de-2011-2\/\" data-send=\"false\" data-layout=\"box_count\" data-width=\"55\" data-show-faces=\"false\"><\/div><\/span><\/span><span class=\"mr_social_sharing_top\"><fb:share-button type=\"box_count\" href=\"http:\/\/www.blogdopilako.com.br\/wp\/2011\/12\/15\/para-voce-o-que-foi-de-relevante-durante-o-ano-de-2011-2\/\"><\/fb:share-button><\/span><span class=\"mr_social_sharing\"><a rel=\"nofollow\" class=\"linksalpha_button linksalpha_link\" href=\"\/\/www.linksalpha.com\/social\/mobile\" data-url=\"http:\/\/www.blogdopilako.com.br\/wp\/2011\/12\/15\/para-voce-o-que-foi-de-relevante-durante-o-ano-de-2011-2\/\" data-text=\"Para voc\u00ea, o que foi de relevante durante o ano de 2011?\" data-desc=\"Sintonizado com os grandes meios de comunica\u00e7\u00e3o, que sempre ao final de cada ano, condensa em um programa intitulado\u00a0RETROSPECTIVA,\u00a0os fatos marcantes e importantes do Brasil e do Mundo, nosso\u00a0Jornal Eletr\u00f4nico Vitoriense, de maneira inovadora na cidade, est\u00e1 convidando o internauta para\" data-image=\"\" data-button=\"none\">\n\t\t\t\t\t<img src=\"\/\/www.linksalpha.com\/images\/social_share_button.png\" alt=\"Share\" class=\"linksalpha_image\" \/>\n\t\t\t\t\t<\/a><script type=\"text\/javascript\" src=\"\/\/www.linksalpha.com\/scripts\/loader_iconbox.js?v=2.4\"><\/script><\/span><\/div>","protected":false},"author":4,"featured_media":0,"comment_status":"open","ping_status":"open","sticky":false,"template":"","format":"standard","meta":[],"categories":[22],"tags":[],"_links":{"self":[{"href":"http:\/\/www.blogdopilako.com.br\/wp\/wp-json\/wp\/v2\/posts\/10159"}],"collection":[{"href":"http:\/\/www.blogdopilako.com.br\/wp\/wp-json\/wp\/v2\/posts"}],"about":[{"href":"http:\/\/www.blogdopilako.com.br\/wp\/wp-json\/wp\/v2\/types\/post"}],"author":[{"embeddable":true,"href":"http:\/\/www.blogdopilako.com.br\/wp\/wp-json\/wp\/v2\/users\/4"}],"replies":[{"embeddable":true,"href":"http:\/\/www.blogdopilako.com.br\/wp\/wp-json\/wp\/v2\/comments?post=10159"}],"version-history":[{"count":3,"href":"http:\/\/www.blogdopilako.com.br\/wp\/wp-json\/wp\/v2\/posts\/10159\/revisions"}],"predecessor-version":[{"id":10600,"href":"http:\/\/www.blogdopilako.com.br\/wp\/wp-json\/wp\/v2\/posts\/10159\/revisions\/10600"}],"wp:attachment":[{"href":"http:\/\/www.blogdopilako.com.br\/wp\/wp-json\/wp\/v2\/media?parent=10159"}],"wp:term":[{"taxonomy":"category","embeddable":true,"href":"http:\/\/www.blogdopilako.com.br\/wp\/wp-json\/wp\/v2\/categories?post=10159"},{"taxonomy":"post_tag","embeddable":true,"href":"http:\/\/www.blogdopilako.com.br\/wp\/wp-json\/wp\/v2\/tags?post=10159"}],"curies":[{"name":"wp","href":"https:\/\/api.w.org\/{rel}","templated":true}]}}